{"id":38369,"date":"2014-12-11T09:51:11","date_gmt":"2014-12-11T12:51:11","guid":{"rendered":"http:\/\/www.hoymercedes.com.ar\/principal\/?p=38369"},"modified":"2014-12-11T09:57:10","modified_gmt":"2014-12-11T12:57:10","slug":"selva-fue-orador-en-lanzamiento-de-dario-giustozzi-en-parque-norte","status":"publish","type":"post","link":"https:\/\/www.hoymercedes.com.ar\/principal\/2014\/12\/11\/selva-fue-orador-en-lanzamiento-de-dario-giustozzi-en-parque-norte\/","title":{"rendered":"Selva fue orador en lanzamiento de Dario Giustozzi en Parque Norte"},"content":{"rendered":"<p><a href=\"https:\/\/www.hoymercedes.com.ar\/principal\/wp-content\/uploads\/2014\/12\/selva-giustozzi-massa-parquenorte.jpg\"><img loading=\"lazy\" decoding=\"async\" data-attachment-id=\"38370\" data-permalink=\"https:\/\/www.hoymercedes.com.ar\/principal\/2014\/12\/11\/selva-fue-orador-en-lanzamiento-de-dario-giustozzi-en-parque-norte\/selva-giustozzi-massa-parquenorte\/#main\" data-orig-file=\"https:\/\/www.hoymercedes.com.ar\/principal\/wp-content\/uploads\/2014\/12\/selva-giustozzi-massa-parquenorte.jpg\" data-orig-size=\"620,348\" data-comments-opened=\"1\" data-image-meta=\"{&quot;aperture&quot;:&quot;0&quot;,&quot;credit&quot;:&quot;&quot;,&quot;camera&quot;:&quot;&quot;,&quot;caption&quot;:&quot;&quot;,&quot;created_timestamp&quot;:&quot;0&quot;,&quot;copyright&quot;:&quot;&quot;,&quot;focal_length&quot;:&quot;0&quot;,&quot;iso&quot;:&quot;0&quot;,&quot;shutter_speed&quot;:&quot;0&quot;,&quot;title&quot;:&quot;&quot;,&quot;orientation&quot;:&quot;0&quot;}\" data-image-title=\"selva-giustozzi-massa-parquenorte\" data-image-description=\"\" data-image-caption=\"\" data-large-file=\"https:\/\/www.hoymercedes.com.ar\/principal\/wp-content\/uploads\/2014\/12\/selva-giustozzi-massa-parquenorte.jpg\" class=\"Img2014 aligncenter wp-image-38370 size-full\" title=\"Carlos Selva -  Dario Giustozzi - Frente Renovador\" src=\"https:\/\/www.hoymercedes.com.ar\/principal\/wp-content\/uploads\/2014\/12\/selva-giustozzi-massa-parquenorte.jpg\" alt=\"Carlos Selva -  Dario Giustozzi - Frente Renovador\" width=\"620\" height=\"348\" \/><\/a><\/p>\n<p>&nbsp;<\/p>\n<p><em><strong>Carlos Selva y un importante grupo de mercedinos fueron parte del acto realizado en Parque Norte donde Dario Giustozzi se lanz\u00f3 oficialmente como candidato a gobernador de la provincia de Buenos Aires por el Frente Renovador. En el acto el intendente de Mercedes fue orador. Estuvo Sergio Massa presente. El mandatario local tambi\u00e9n apareci\u00f3 en las p\u00e1ginas de LaNaci\u00f3n como hombre que est\u00e1 jugando un papel en la interna del Frente Renovador<\/strong><\/em><\/p>\n<p>Carlos Selva junto a un importante n\u00famero de voluntades y funcionarios locales estuvo presente en el lanzamiento oficial de Dario Giustozzi para la gobernaci\u00f3n. Giustozzi, hace apenas unas semanas, recordemos estuvo en Mercedes y las voces en off afirman se trat\u00f3 aquel encuentro, adem\u00e1s de hablar de las obras h\u00eddricas, del momento en que cerraron filas y empezaron a delinear el acto vivido \u00e9ste 10 de diciembre en Parque Norte.<img loading=\"lazy\" decoding=\"async\" data-attachment-id=\"38372\" data-permalink=\"https:\/\/www.hoymercedes.com.ar\/principal\/2014\/12\/11\/selva-fue-orador-en-lanzamiento-de-dario-giustozzi-en-parque-norte\/selva-giustozzi-massa-parquenorte-2014-2\/#main\" data-orig-file=\"https:\/\/www.hoymercedes.com.ar\/principal\/wp-content\/uploads\/2014\/12\/selva-giustozzi-massa-parquenorte-2014-2.jpg\" data-orig-size=\"620,348\" data-comments-opened=\"1\" data-image-meta=\"{&quot;aperture&quot;:&quot;0&quot;,&quot;credit&quot;:&quot;&quot;,&quot;camera&quot;:&quot;&quot;,&quot;caption&quot;:&quot;&quot;,&quot;created_timestamp&quot;:&quot;0&quot;,&quot;copyright&quot;:&quot;&quot;,&quot;focal_length&quot;:&quot;0&quot;,&quot;iso&quot;:&quot;0&quot;,&quot;shutter_speed&quot;:&quot;0&quot;,&quot;title&quot;:&quot;&quot;,&quot;orientation&quot;:&quot;0&quot;}\" data-image-title=\"selva-giustozzi-massa-parquenorte-2014-2\" data-image-description=\"\" data-image-caption=\"\" data-large-file=\"https:\/\/www.hoymercedes.com.ar\/principal\/wp-content\/uploads\/2014\/12\/selva-giustozzi-massa-parquenorte-2014-2.jpg\" class=\"Img2014 aligncenter wp-image-38372 size-full\" title=\"Carlos Selva -  Dario Giustozzi - Frente Renovador\" src=\"https:\/\/www.hoymercedes.com.ar\/principal\/wp-content\/uploads\/2014\/12\/selva-giustozzi-massa-parquenorte-2014-2.jpg\" alt=\"Carlos Selva -  Dario Giustozzi - Frente Renovador\" width=\"620\" height=\"348\" \/><\/p>\n<p><em>\u201cEsto es para marcarle la cancha a Insaurralde<\/em>\u201d, remarcaban desde el massisno y recog\u00edan los medios nacionales. <em>\u201cEs un gi\u00f1o de Massa su presencia\u201d,<\/em> afirmaban.<\/p>\n<p>En La Naci\u00f3n, un diario de tirada nacional, expusieron que<em>: \u201cMassa se sent\u00f3 en primera fila junto a su mujer, Malena Galmarini, el ex ministro de Gabinete Alberto Fern\u00e1ndez, el diputado chubutense Mario Das Neves y, entre otros, los intendentes de Mercedes, Carlos Selva, y de Jun\u00edn, Mario Meoni.\u201d<\/em><\/p>\n<p>Carlos Selva fue orador entre los cientos de militantes, funcionarios y seguidores del Frente Renovador que se reunieron en el sal\u00f3n de Parque Norte.<\/p>\n<p>De esta manera se sigue viviendo, en el Frente Renovador, un camino de construcci\u00f3n con miras al 2015.<img loading=\"lazy\" decoding=\"async\" data-attachment-id=\"38371\" data-permalink=\"https:\/\/www.hoymercedes.com.ar\/principal\/2014\/12\/11\/selva-fue-orador-en-lanzamiento-de-dario-giustozzi-en-parque-norte\/selva-giustozzi-massa-parquenorte-2014\/#main\" data-orig-file=\"https:\/\/www.hoymercedes.com.ar\/principal\/wp-content\/uploads\/2014\/12\/selva-giustozzi-massa-parquenorte-2014.jpg\" data-orig-size=\"620,348\" data-comments-opened=\"1\" data-image-meta=\"{&quot;aperture&quot;:&quot;0&quot;,&quot;credit&quot;:&quot;&quot;,&quot;camera&quot;:&quot;&quot;,&quot;caption&quot;:&quot;&quot;,&quot;created_timestamp&quot;:&quot;0&quot;,&quot;copyright&quot;:&quot;&quot;,&quot;focal_length&quot;:&quot;0&quot;,&quot;iso&quot;:&quot;0&quot;,&quot;shutter_speed&quot;:&quot;0&quot;,&quot;title&quot;:&quot;&quot;,&quot;orientation&quot;:&quot;0&quot;}\" data-image-title=\"selva-giustozzi-massa-parquenorte-2014\" data-image-description=\"\" data-image-caption=\"\" data-large-file=\"https:\/\/www.hoymercedes.com.ar\/principal\/wp-content\/uploads\/2014\/12\/selva-giustozzi-massa-parquenorte-2014.jpg\" class=\"Img2014 aligncenter wp-image-38371 size-full\" title=\"Carlos Selva -  Dario Giustozzi - Frente Renovador\" src=\"https:\/\/www.hoymercedes.com.ar\/principal\/wp-content\/uploads\/2014\/12\/selva-giustozzi-massa-parquenorte-2014.jpg\" alt=\"Carlos Selva -  Dario Giustozzi - Frente Renovador\" width=\"620\" height=\"348\" \/><\/p>\n<p><em>\u00a0<\/em><\/p>\n<p>&nbsp;<\/p>\n","protected":false},"excerpt":{"rendered":"<p>&nbsp; Carlos Selva y un importante grupo de mercedinos fueron parte del acto realizado en Parque Norte donde Dario Giustozzi &#8230; <a title=\"Selva fue orador en lanzamiento de Dario Giustozzi en Parque Norte\" class=\"read-more\" href=\"https:\/\/www.hoymercedes.com.ar\/principal\/2014\/12\/11\/selva-fue-orador-en-lanzamiento-de-dario-giustozzi-en-parque-norte\/\" aria-label=\"Leer m\u00e1s sobre Selva fue orador en lanzamiento de Dario Giustozzi en Parque Norte\">Leer m\u00e1s<\/a><\/p>\n","protected":false},"author":1,"featured_media":0,"comment_status":"open","ping_status":"open","sticky":false,"template":"","format":"standard","meta":{"_monsterinsights_skip_tracking":false,"_monsterinsights_sitenote_active":false,"_monsterinsights_sitenote_note":"","_monsterinsights_sitenote_category":0,"jetpack_post_was_ever_published":false,"_jetpack_newsletter_access":"","_jetpack_dont_email_post_to_subs":false,"_jetpack_newsletter_tier_id":0,"_jetpack_memberships_contains_paywalled_content":false,"_jetpack_memberships_contains_paid_content":false,"footnotes":"","jetpack_publicize_message":"","jetpack_publicize_feature_enabled":true,"jetpack_social_post_already_shared":true,"jetpack_social_options":{"image_generator_settings":{"template":"highway","default_image_id":0,"font":"","enabled":false},"version":2},"_wpas_customize_per_network":false},"categories":[5],"tags":[39,6602,4613,3537,3647],"class_list":["post-38369","post","type-post","status-publish","format-standard","hentry","category-politica","tag-carlos-selva","tag-carlos-selva-dario-giustozzi-frente-renovador","tag-dario-giustozzi","tag-frente-renovador","tag-frente-renovador-mercedes","generate-columns","tablet-grid-50","mobile-grid-100","grid-parent","grid-50"],"jetpack_publicize_connections":[],"jetpack_featured_media_url":"","wps_subtitle":"Pensando en la gobernaci\u00f3n 2015","jetpack_sharing_enabled":true,"jetpack-related-posts":[{"id":38314,"url":"https:\/\/www.hoymercedes.com.ar\/principal\/2014\/12\/10\/giustozzi-se-lanza-y-mercedes-estara-presente\/","url_meta":{"origin":38369,"position":0},"title":"Giustozzi se lanza y Mercedes estar\u00e1 presente","author":"hoymercedes","date":"10 diciembre, 2014","format":false,"excerpt":"Este mi\u00e9rcoles Dario Giustozzi realiza el acto lanzamiento de su postulaci\u00f3n a gobernador por el Frente Renovador. Lo har\u00e1 en Parque Norte. Se espera importante participaci\u00f3n de p\u00fablico y un buen n\u00famero de mercedinos. Seg\u00fan informan en www.buenosairesnoticias.com \u201cEl jefe de la bancada de diputados del Frente Renovador, Dar\u00edo Giustozzi,\u00a0\u2026","rel":"","context":"En \u00abPol\u00edtica\u00bb","block_context":{"text":"Pol\u00edtica","link":"https:\/\/www.hoymercedes.com.ar\/principal\/category\/politica\/"},"img":{"alt_text":"selva-guistozzi","src":"https:\/\/i0.wp.com\/www.hoymercedes.com.ar\/principal\/wp-content\/uploads\/2014\/12\/selva-guistozzi.jpg?resize=350%2C200","width":350,"height":200,"srcset":"https:\/\/i0.wp.com\/www.hoymercedes.com.ar\/principal\/wp-content\/uploads\/2014\/12\/selva-guistozzi.jpg?resize=350%2C200 1x, https:\/\/i0.wp.com\/www.hoymercedes.com.ar\/principal\/wp-content\/uploads\/2014\/12\/selva-guistozzi.jpg?resize=525%2C300 1.5x"},"classes":[]},{"id":30270,"url":"https:\/\/www.hoymercedes.com.ar\/principal\/2014\/02\/25\/selva-encabezo-acto-junto-a-giustozzi-y-massa-y-fue-orador\/","url_meta":{"origin":38369,"position":1},"title":"Selva encabez\u00f3 acto junto a Giustozzi y Massa y fue orador","author":"hoymercedes","date":"25 febrero, 2014","format":false,"excerpt":"El intendente Carlos Selva encabez\u00f3 este lunes por la tarde un acto en conmemoraci\u00f3n del triunfo de Per\u00f3n en el a\u00f1o 1946 junto a los diputados nacionales Sergio Massa y Dar\u00edo Giustozzi en Parque Norte. El primer mandatario mercedino fue parte de un importante evento que forma parte de la\u2026","rel":"","context":"En \u00abPol\u00edtica\u00bb","block_context":{"text":"Pol\u00edtica","link":"https:\/\/www.hoymercedes.com.ar\/principal\/category\/politica\/"},"img":{"alt_text":"selva-messa-giustozzi","src":"https:\/\/i0.wp.com\/www.hoymercedes.com.ar\/principal\/wp-content\/uploads\/2014\/02\/selva-messa-giustozzi.jpg?resize=350%2C200","width":350,"height":200,"srcset":"https:\/\/i0.wp.com\/www.hoymercedes.com.ar\/principal\/wp-content\/uploads\/2014\/02\/selva-messa-giustozzi.jpg?resize=350%2C200 1x, https:\/\/i0.wp.com\/www.hoymercedes.com.ar\/principal\/wp-content\/uploads\/2014\/02\/selva-messa-giustozzi.jpg?resize=525%2C300 1.5x"},"classes":[]},{"id":29646,"url":"https:\/\/www.hoymercedes.com.ar\/principal\/2014\/02\/05\/selva-se-habria-definido-por-giustozzi-como-candidato-a-la-gobernacion\/","url_meta":{"origin":38369,"position":2},"title":"Selva acompa\u00f1\u00f3 a Giustozzi en acto en Tres de Febrero","author":"hoymercedes","date":"5 febrero, 2014","format":false,"excerpt":"El intendente Carlos Selva estuvo presente en el lanzamiento que hizo el referente comunal de Almirante Brown, \u00a0Dario Giustozzi en la localidad de Tres de Febrero, dentro de la l\u00ednea pol\u00edtica peronista \"Per\u00f3n vive\" en donde se postul\u00f3 como referente del Frente Renovador para la gobernaci\u00f3n de la provincia de\u2026","rel":"","context":"En \u00abPol\u00edtica\u00bb","block_context":{"text":"Pol\u00edtica","link":"https:\/\/www.hoymercedes.com.ar\/principal\/category\/politica\/"},"img":{"alt_text":"Foto: LaPoliticaOnline.com","src":"https:\/\/i0.wp.com\/www.hoymercedes.com.ar\/principal\/wp-content\/uploads\/2014\/02\/Selva-Guistozzi-LanzamientoGobernadorjpg.jpg?resize=350%2C200","width":350,"height":200,"srcset":"https:\/\/i0.wp.com\/www.hoymercedes.com.ar\/principal\/wp-content\/uploads\/2014\/02\/Selva-Guistozzi-LanzamientoGobernadorjpg.jpg?resize=350%2C200 1x, https:\/\/i0.wp.com\/www.hoymercedes.com.ar\/principal\/wp-content\/uploads\/2014\/02\/Selva-Guistozzi-LanzamientoGobernadorjpg.jpg?resize=525%2C300 1.5x"},"classes":[]},{"id":32488,"url":"https:\/\/www.hoymercedes.com.ar\/principal\/2014\/05\/01\/selva-y-lasala-con-giustozzi-en-lanzamiento-de-frente-universitario-renovador\/","url_meta":{"origin":38369,"position":3},"title":"Selva y Lasala con Giustozzi en lanzamiento de Frente Universitario Renovador","author":"hoymercedes","date":"1 mayo, 2014","format":false,"excerpt":"En un encuentro en la Universidad Tecnol\u00f3gica Nacional la Concejal Sabrina Selva y el Coordinados de Pol\u00edticas Juveniles de la Municipalidad de Mercedes, Agust\u00edn Lasala, estuvieron un encuentro con j\u00f3venes de diversos puntos de la provincia as\u00ed como el Diputado Nacional Dario Giustozzi del Frente Renovador que todos los mencionados\u2026","rel":"","context":"En \u00abPol\u00edtica\u00bb","block_context":{"text":"Pol\u00edtica","link":"https:\/\/www.hoymercedes.com.ar\/principal\/category\/politica\/"},"img":{"alt_text":"selva-lasala-guistossi","src":"https:\/\/i0.wp.com\/www.hoymercedes.com.ar\/principal\/wp-content\/uploads\/2014\/05\/selva-lasala-guistossi.jpg?resize=350%2C200","width":350,"height":200,"srcset":"https:\/\/i0.wp.com\/www.hoymercedes.com.ar\/principal\/wp-content\/uploads\/2014\/05\/selva-lasala-guistossi.jpg?resize=350%2C200 1x, https:\/\/i0.wp.com\/www.hoymercedes.com.ar\/principal\/wp-content\/uploads\/2014\/05\/selva-lasala-guistossi.jpg?resize=525%2C300 1.5x"},"classes":[]},{"id":29590,"url":"https:\/\/www.hoymercedes.com.ar\/principal\/2014\/02\/02\/guistozzi-visito-a-carlos-selva\/","url_meta":{"origin":38369,"position":4},"title":"Guistozzi visit\u00f3 a Carlos Selva","author":"hoymercedes","date":"2 febrero, 2014","format":false,"excerpt":"El diputado nacional del Frente Renovador Dar\u00edo Giustozzi visit\u00f3 este s\u00e1bado por la tarde al intendente municipal Carlos Selva y conversaron largamente sobre temas de la actualidad pol\u00edtica nacional. El actual presidente del bloque de diputados nacionales del Frente Renovador Dar\u00edo Giustozzi visit\u00f3 en las \u00faltimas horas de la tarde\u2026","rel":"","context":"En \u00abPol\u00edtica\u00bb","block_context":{"text":"Pol\u00edtica","link":"https:\/\/www.hoymercedes.com.ar\/principal\/category\/politica\/"},"img":{"alt_text":"","src":"https:\/\/i0.wp.com\/www.hoymercedes.com.ar\/principal\/wp-content\/uploads\/2014\/02\/selvagiustozzi.jpg?resize=350%2C200","width":350,"height":200,"srcset":"https:\/\/i0.wp.com\/www.hoymercedes.com.ar\/principal\/wp-content\/uploads\/2014\/02\/selvagiustozzi.jpg?resize=350%2C200 1x, https:\/\/i0.wp.com\/www.hoymercedes.com.ar\/principal\/wp-content\/uploads\/2014\/02\/selvagiustozzi.jpg?resize=525%2C300 1.5x"},"classes":[]},{"id":41570,"url":"https:\/\/www.hoymercedes.com.ar\/principal\/2015\/05\/12\/selva-lamento-el-alejamiento-de-giustozzi-pero-critico-la-postura-que-tomo\/","url_meta":{"origin":38369,"position":5},"title":"Selva lament\u00f3 el alejamiento de Giustozzi, pero, critic\u00f3 la postura que tom\u00f3 por que \u00abno bajamos otro candidato\u00bb","author":"hoymercedes","date":"12 mayo, 2015","format":false,"excerpt":"El intendente Carlos Selva lament\u00f3 el alejamiento de Dar\u00edo Giustozzi, sin embargo, aclarando que no le parece \u201cacertada la decisi\u00f3n que tom\u00f3 y menos por el motivo por el cual lo hizo y es que no bajemos otro candidato a gobernador\u201d, afirm\u00f3. El primer mandatario local siempre acompa\u00f1\u00f3 a Dar\u00edo\u2026","rel":"","context":"En \u00abPol\u00edtica\u00bb","block_context":{"text":"Pol\u00edtica","link":"https:\/\/www.hoymercedes.com.ar\/principal\/category\/politica\/"},"img":{"alt_text":"","src":"https:\/\/i0.wp.com\/www.hoymercedes.com.ar\/principal\/wp-content\/uploads\/2014\/02\/selva-messa-giustozzi.jpg?resize=350%2C200&ssl=1","width":350,"height":200,"srcset":"https:\/\/i0.wp.com\/www.hoymercedes.com.ar\/principal\/wp-content\/uploads\/2014\/02\/selva-messa-giustozzi.jpg?resize=350%2C200&ssl=1 1x, https:\/\/i0.wp.com\/www.hoymercedes.com.ar\/principal\/wp-content\/uploads\/2014\/02\/selva-messa-giustozzi.jpg?resize=525%2C300&ssl=1 1.5x"},"classes":[]}],"_links":{"self":[{"href":"https:\/\/www.hoymercedes.com.ar\/principal\/wp-json\/wp\/v2\/posts\/38369","targetHints":{"allow":["GET"]}}],"collection":[{"href":"https:\/\/www.hoymercedes.com.ar\/principal\/wp-json\/wp\/v2\/posts"}],"about":[{"href":"https:\/\/www.hoymercedes.com.ar\/principal\/wp-json\/wp\/v2\/types\/post"}],"author":[{"embeddable":true,"href":"https:\/\/www.hoymercedes.com.ar\/principal\/wp-json\/wp\/v2\/users\/1"}],"replies":[{"embeddable":true,"href":"https:\/\/www.hoymercedes.com.ar\/principal\/wp-json\/wp\/v2\/comments?post=38369"}],"version-history":[{"count":0,"href":"https:\/\/www.hoymercedes.com.ar\/principal\/wp-json\/wp\/v2\/posts\/38369\/revisions"}],"wp:attachment":[{"href":"https:\/\/www.hoymercedes.com.ar\/principal\/wp-json\/wp\/v2\/media?parent=38369"}],"wp:term":[{"taxonomy":"category","embeddable":true,"href":"https:\/\/www.hoymercedes.com.ar\/principal\/wp-json\/wp\/v2\/categories?post=38369"},{"taxonomy":"post_tag","embeddable":true,"href":"https:\/\/www.hoymercedes.com.ar\/principal\/wp-json\/wp\/v2\/tags?post=38369"}],"curies":[{"name":"wp","href":"https:\/\/api.w.org\/{rel}","templated":true}]}}