{"id":38380,"date":"2014-12-11T21:24:28","date_gmt":"2014-12-12T00:24:28","guid":{"rendered":"http:\/\/www.hoymercedes.com.ar\/principal\/?p=38380"},"modified":"2014-12-18T13:43:19","modified_gmt":"2014-12-18T16:43:19","slug":"wado-macri-dice-que-con-el-se-acaba-el-curro-de-los-derechos-humanos-porque-seguro-que-con-el-vuelven-los-curros-de-los-90","status":"publish","type":"post","link":"https:\/\/www.hoymercedes.com.ar\/principal\/2014\/12\/11\/wado-macri-dice-que-con-el-se-acaba-el-curro-de-los-derechos-humanos-porque-seguro-que-con-el-vuelven-los-curros-de-los-90\/","title":{"rendered":"Wado: \u00abMacri dice que con \u00e9l se acaba el curro de los Derechos Humanos, porque seguro que con \u00e9l vuelven los curros de los 90\u00bb"},"content":{"rendered":"<p><em><strong>El diputado nacional Eduardo \u00abWado\u00bb de Pedro sostuvo, a trav\u00e9s de la red social Twitter, que \u00abMacri dice que con \u00e9l se acaba el curro de los Derechos Humanos, porque seguro que con \u00e9l vuelven los curros de los 90\u00bb, en referencia a los dichos del candidato presidencial del PRO, quien se\u00f1al\u00f3 d\u00edas atr\u00e1s al diario La Naci\u00f3n que en un eventual gobierno suyo iba a \u00abacabar con el curro de los derechos humanos\u00bb.<\/strong><\/em><\/p>\n<p>\u00abMacri le llama &#8216;curro&#8217; a la pol\u00edtica que termin\u00f3 con la impunidad en la Argentina y es ejemplo en todo el mundo?\u00bb, se pregunt\u00f3 el dirigente de La C\u00e1mpora en uno de sus tuit para luego agregar: \u00abMacri le llama &#8216;curro&#8217; a los 116 nietos recuperados y a los 570 genocidas condenados por delitos de lesa humanidad?\u00bb.<\/p>\n<p>Junto con una foto donde se ve a un joven Mauricio Macri saludando en los a\u00f1os 90 al entonces presidente Carlos Menem, De Pedro remat\u00f3 escribiendo: \u00abMacri dice que con \u00e9l se acaba el curro de los Derechos Humanos, porque seguro que con \u00e9l vuelven los curros de los 90\u00bb.<\/p>\n<p>&nbsp;<\/p>\n<blockquote class=\"twitter-tweet\" lang=\"es\"><p>Macri dice q con \u00e9l se acaba el curro de los Derechos Humanos, porque seguro q con \u00e9l vuelven los curros de los &#8217;90. <a href=\"http:\/\/t.co\/bfvMr1hDwo\">pic.twitter.com\/bfvMr1hDwo<\/a><\/p>\n<p>\u2014 Wado de Pedro (@wadodecorrido) <a href=\"https:\/\/twitter.com\/wadodecorrido\/status\/542826530196320256\" target=\"_blank\" rel=\"noopener\">diciembre 10, 2014<\/a><\/p><\/blockquote>\n<p><script src=\"\/\/platform.twitter.com\/widgets.js\" async=\"\" charset=\"utf-8\"><\/script><\/p>\n<p><span style=\"color: #808080;\">Fuente: Telam<\/span><\/p>\n","protected":false},"excerpt":{"rendered":"<p>El diputado nacional Eduardo \u00abWado\u00bb de Pedro sostuvo, a trav\u00e9s de la red social Twitter, que \u00abMacri dice que con &#8230; <a title=\"Wado: \u00abMacri dice que con \u00e9l se acaba el curro de los Derechos Humanos, porque seguro que con \u00e9l vuelven los curros de los 90\u00bb\" class=\"read-more\" href=\"https:\/\/www.hoymercedes.com.ar\/principal\/2014\/12\/11\/wado-macri-dice-que-con-el-se-acaba-el-curro-de-los-derechos-humanos-porque-seguro-que-con-el-vuelven-los-curros-de-los-90\/\" aria-label=\"Leer m\u00e1s sobre Wado: \u00abMacri dice que con \u00e9l se acaba el curro de los Derechos Humanos, porque seguro que con \u00e9l vuelven los curros de los 90\u00bb\">Leer m\u00e1s<\/a><\/p>\n","protected":false},"author":1,"featured_media":0,"comment_status":"open","ping_status":"open","sticky":false,"template":"","format":"standard","meta":{"_monsterinsights_skip_tracking":false,"_monsterinsights_sitenote_active":false,"_monsterinsights_sitenote_note":"","_monsterinsights_sitenote_category":0,"jetpack_post_was_ever_published":false,"_jetpack_newsletter_access":"","_jetpack_dont_email_post_to_subs":false,"_jetpack_newsletter_tier_id":0,"_jetpack_memberships_contains_paywalled_content":false,"_jetpack_memberships_contains_paid_content":false,"footnotes":"","jetpack_publicize_message":"","jetpack_publicize_feature_enabled":true,"jetpack_social_post_already_shared":true,"jetpack_social_options":{"image_generator_settings":{"template":"highway","default_image_id":0,"font":"","enabled":false},"version":2},"_wpas_customize_per_network":false},"categories":[5],"tags":[6604,281],"class_list":["post-38380","post","type-post","status-publish","format-standard","hentry","category-politica","tag-diputado-eduardo-de-pedro","tag-wado-de-pedro","generate-columns","tablet-grid-50","mobile-grid-100","grid-parent","grid-50"],"jetpack_publicize_connections":[],"jetpack_featured_media_url":"","wps_subtitle":"Cruce por los derechos humanos","jetpack_sharing_enabled":true,"_links":{"self":[{"href":"https:\/\/www.hoymercedes.com.ar\/principal\/wp-json\/wp\/v2\/posts\/38380","targetHints":{"allow":["GET"]}}],"collection":[{"href":"https:\/\/www.hoymercedes.com.ar\/principal\/wp-json\/wp\/v2\/posts"}],"about":[{"href":"https:\/\/www.hoymercedes.com.ar\/principal\/wp-json\/wp\/v2\/types\/post"}],"author":[{"embeddable":true,"href":"https:\/\/www.hoymercedes.com.ar\/principal\/wp-json\/wp\/v2\/users\/1"}],"replies":[{"embeddable":true,"href":"https:\/\/www.hoymercedes.com.ar\/principal\/wp-json\/wp\/v2\/comments?post=38380"}],"version-history":[{"count":0,"href":"https:\/\/www.hoymercedes.com.ar\/principal\/wp-json\/wp\/v2\/posts\/38380\/revisions"}],"wp:attachment":[{"href":"https:\/\/www.hoymercedes.com.ar\/principal\/wp-json\/wp\/v2\/media?parent=38380"}],"wp:term":[{"taxonomy":"category","embeddable":true,"href":"https:\/\/www.hoymercedes.com.ar\/principal\/wp-json\/wp\/v2\/categories?post=38380"},{"taxonomy":"post_tag","embeddable":true,"href":"https:\/\/www.hoymercedes.com.ar\/principal\/wp-json\/wp\/v2\/tags?post=38380"}],"curies":[{"name":"wp","href":"https:\/\/api.w.org\/{rel}","templated":true}]}}