{"id":38507,"date":"2014-12-16T23:44:46","date_gmt":"2014-12-17T02:44:46","guid":{"rendered":"http:\/\/www.hoymercedes.com.ar\/principal\/?p=38507"},"modified":"2014-12-16T23:45:07","modified_gmt":"2014-12-17T02:45:07","slug":"diego-bossio-evidentemente-habia-una-necesidad-al-entregar-113-jubilaciones-en-mercedes","status":"publish","type":"post","link":"https:\/\/www.hoymercedes.com.ar\/principal\/2014\/12\/16\/diego-bossio-evidentemente-habia-una-necesidad-al-entregar-113-jubilaciones-en-mercedes\/","title":{"rendered":"Diego Bossio: \u201cevidentemente hab\u00eda una necesidad\u201d, al entregar 113 jubilaciones en Mercedes"},"content":{"rendered":"<p><a href=\"https:\/\/www.hoymercedes.com.ar\/principal\/wp-content\/uploads\/2014\/12\/BossioMercedes-2014.jpg\"><img loading=\"lazy\" decoding=\"async\" data-attachment-id=\"38508\" data-permalink=\"https:\/\/www.hoymercedes.com.ar\/principal\/2014\/12\/16\/diego-bossio-evidentemente-habia-una-necesidad-al-entregar-113-jubilaciones-en-mercedes\/bossiomercedes-2014\/#main\" data-orig-file=\"https:\/\/www.hoymercedes.com.ar\/principal\/wp-content\/uploads\/2014\/12\/BossioMercedes-2014.jpg\" data-orig-size=\"620,465\" data-comments-opened=\"1\" data-image-meta=\"{&quot;aperture&quot;:&quot;0&quot;,&quot;credit&quot;:&quot;&quot;,&quot;camera&quot;:&quot;&quot;,&quot;caption&quot;:&quot;&quot;,&quot;created_timestamp&quot;:&quot;0&quot;,&quot;copyright&quot;:&quot;&quot;,&quot;focal_length&quot;:&quot;0&quot;,&quot;iso&quot;:&quot;0&quot;,&quot;shutter_speed&quot;:&quot;0&quot;,&quot;title&quot;:&quot;&quot;,&quot;orientation&quot;:&quot;0&quot;}\" data-image-title=\"BossioMercedes-2014\" data-image-description=\"\" data-image-caption=\"\" data-large-file=\"https:\/\/www.hoymercedes.com.ar\/principal\/wp-content\/uploads\/2014\/12\/BossioMercedes-2014.jpg\" class=\"Img2014 aligncenter wp-image-38508 size-full\" title=\"Juan Ustarroz, Diego Bossio, Mercedes, Fernando San Pedro\" src=\"https:\/\/www.hoymercedes.com.ar\/principal\/wp-content\/uploads\/2014\/12\/BossioMercedes-2014.jpg\" alt=\"Juan Ustarroz, Diego Bossio, Mercedes, Fernando San Pedro\" width=\"620\" height=\"465\" \/><\/a><\/p>\n<p><em><strong>Son 1000 en Mercedes en el \u00faltimo tiempo. El m\u00e1ximo responsable del ANSES visit\u00f3 Mercedes y estuvo en el Club Estudiantes. Dialog\u00f3 con los medios y llev\u00f3 a cabo la entrega de beneficios a quienes se jubilaron recientemente. M\u00e1s de 100 Mercedinos se acumulan y en esta ocasi\u00f3n se entreg\u00f3 a m\u00e1s de 100. En el acto estuvo el Gerente Regional Juan Ustarroz y el Jefe de la UDAI Mercedes Fernando San Pedro, tambi\u00e9n el titular de PAMI Mat\u00edas Dematei y los concejales Juan Pablo L\u00f3pez Baggio y Celeste Burone.<\/strong><\/em><\/p>\n<p>Diego Bossi expres\u00f3: <em>\u201cCon Juani trabajamos juntos y no s\u00f3lo trabajamos juntos sino que estamos comprometidos en que se puedan llevar adelante todas las decisiones que se han puesto en marcha por decisi\u00f3n de la Presidenta de la Naci\u00f3n y puntualmente ac\u00e1 en Mercedes vamos a entregar jubilaciones. Ustedes saben hace unos meses atr\u00e1s se puso en marcha un programa muy interesante de inclusi\u00f3n jubilatoria que es la segunda etapa, la primera fue hace unos a\u00f1os atr\u00e1s. Esto va a permitir que miles y miles de argentinos tengan la posibilidad de jubilarse. Mercedes tambi\u00e9n, y se permite que familias que han trabajado o que no y no han podido realizar los aportes ahora tengan efectivamente su derecho y todos los meses recibir la protecci\u00f3n del Estado. Son momento que vivimos con mucha alegr\u00eda, son familias donde las familias muchas veces les dio la espalda y ahora estamos ac\u00e1 respondiendo.\u201d <\/em>Sostuvo en Club Estudiantes. \u201c<em>Entregar jubilaciones es un acto de justicia ya que aquellos que las reciben son argentinos que dejaron la vida trabajando y nunca les hicieron aportes o no alcanzaban para que se jubile; trabajando formal o informalmente todos aportamos al sistema jubilatorio\u201d<\/em>, remarc\u00f3 el titular de Anses.<\/p>\n<p><a href=\"https:\/\/www.hoymercedes.com.ar\/principal\/wp-content\/uploads\/2014\/12\/BossioMercedes.jpg\"><img loading=\"lazy\" decoding=\"async\" data-attachment-id=\"38509\" data-permalink=\"https:\/\/www.hoymercedes.com.ar\/principal\/2014\/12\/16\/diego-bossio-evidentemente-habia-una-necesidad-al-entregar-113-jubilaciones-en-mercedes\/bossiomercedes\/#main\" data-orig-file=\"https:\/\/www.hoymercedes.com.ar\/principal\/wp-content\/uploads\/2014\/12\/BossioMercedes.jpg\" data-orig-size=\"620,465\" data-comments-opened=\"1\" data-image-meta=\"{&quot;aperture&quot;:&quot;0&quot;,&quot;credit&quot;:&quot;&quot;,&quot;camera&quot;:&quot;&quot;,&quot;caption&quot;:&quot;&quot;,&quot;created_timestamp&quot;:&quot;0&quot;,&quot;copyright&quot;:&quot;&quot;,&quot;focal_length&quot;:&quot;0&quot;,&quot;iso&quot;:&quot;0&quot;,&quot;shutter_speed&quot;:&quot;0&quot;,&quot;title&quot;:&quot;&quot;,&quot;orientation&quot;:&quot;0&quot;}\" data-image-title=\"BossioMercedes\" data-image-description=\"\" data-image-caption=\"\" data-large-file=\"https:\/\/www.hoymercedes.com.ar\/principal\/wp-content\/uploads\/2014\/12\/BossioMercedes.jpg\" class=\"Img2014 aligncenter wp-image-38509 size-full\" title=\"Juan Ustarroz, Diego Bossio, Mercedes, Fernando San Pedro\" src=\"https:\/\/www.hoymercedes.com.ar\/principal\/wp-content\/uploads\/2014\/12\/BossioMercedes.jpg\" alt=\"Juan Ustarroz, Diego Bossio, Mercedes, Fernando San Pedro\" width=\"620\" height=\"465\" \/><\/a><\/p>\n<p><strong>Nivel nacional<\/strong><\/p>\n<p>Respecto a los n\u00fameros a nivel nacional, Diego Bossio, remarc\u00f3: <em>\u201chay 683 mil abuelos y abuelas que han sacado turno a lo largo y ancho de toda la Argentina. Esto se puso en marcha en los primeros d\u00edas de octubre o fines de septiembre con lo cual se expone hab\u00eda una necesidad y\u00a0 la Presidenta de la Naci\u00f3n comprendi\u00f3 que deb\u00edamos dar una respuesta y para nosotros no s\u00f3lo es un hecho relevante sino la obligaci\u00f3n del Estado de asistir fundamentalmente a los m\u00e1s humildes y para nosotros es un programa que est\u00e1 funcionando muy bien, sencillo, f\u00e1cil, sin gestores ni abogados y salen muy r\u00e1pidos\u201d<\/em><\/p>\n<p><strong>Moratoria en Mercedes <\/strong><\/p>\n<p>Respecto a nuestra ciudad manifest\u00f3:<em> \u201cEn Mercedes estamos tambi\u00e9n trabajando en otras \u00e1reas, como por ejemplo ProCreAr donde hace pocos d\u00edas terminamos de licitar tanto la infraestructura como la obra civil de una obra que se est\u00e1 realizando en terrenos del ferrocarril, se va a adjudicar el primer sector son 136 viviendas que esperamos en la pr\u00f3xima visita encontrarnos ah\u00ed y abrir r\u00e1pidamente la inscripci\u00f3n. Estamos tambi\u00e9n con lotes muy puntuales, 180 para familias que necesiten, por eso estamos trabajando con Juani, con el Municipio, viendo c\u00f3mo podemos comprar esos lotes y dividirlos para que pueda haber terrenos. Con mucha responsabilidad, mucho criterio y en beneficio de todo\u201d<\/em><\/p>\n<p><strong>Inundados y subsidios<\/strong><\/p>\n<p><em>\u201cAc\u00e1 se puso en marcha una decisi\u00f3n de la Presidenta de la Naci\u00f3n, se duplicaron todas las jubilaciones, pensiones y asignaci\u00f3n universal por hijo. Juani trabaj\u00f3 al frente de un proceso operativo donde se verificaron las cuestiones y hoy se est\u00e1 dando respuesta y muchas de las familias, casi la totalidad est\u00e1n recibiendo el subsidio y las que no estar\u00e1n en proceso de control, pero efectivamente hemos dado una respuesta r\u00e1pida, criteriosa y muy concreta a una situaci\u00f3n que ocurri\u00f3 lamentablemente en zonas como Mercedes siendo un fen\u00f3meno de la provincia de Buenos Aires durante todo el a\u00f1o, como los caminos rurales, la anegaci\u00f3n, los campos y sus producciones, fue un a\u00f1o donde la naturaleza castig\u00f3 mucho a la provincia de Buenos Aires y zonas como Mercedes\u201d <\/em>sostuvo Diego Bossio en Mercedes<\/p>\n<p><strong>Juan Ustarroz y un a\u00f1o positivo <\/strong><\/p>\n<p>Ustarroz, por su parte, manifest\u00f3 ante los presentes que: <em>\u201cPara nosotros es un orgullo enorme que est\u00e9 nuevamente Diego Bossio quien est\u00e1 al frente del organismo que es la nave insignia del proyecto. Hablaba Diego de nuevos jubilados, que en Mercedes ya llevamos m\u00e1s de 1000 y un subsidio y apoyo econ\u00f3mico a casi 1000 afectados, un desembolso de casi 2 millones de pesos, hablamos de vivienda y quiero destacar a Diego y todo el equipo que es ejemplar el nivel de celeridad, de transparencia, de eficiencia del Anses. Hace poco los vecinos del barrio Tres Avenidos nos planteaban la posibilidad de hacer en simultaneo la infraestructura de las obras de la viviendas y Diego accede r\u00e1pidamente para todos y damos una respuesta. La obra son 18 millones de pesos en infraestructura y llevar\u00e1 tranquilidad a muchos vecinos mejorando lo existente. El ProGresar Tambi\u00e9n, con el Plan Fines que finaliz\u00f3 con 270 egresados y comparado con el a\u00f1o pasado que eran 70 se ve tambi\u00e9n c\u00f3mo tiene que ver el programa y la pol\u00edtica activa del Anses que de manera permanente crece y mucho, no s\u00f3lo en Mercedes, sino tambi\u00e9n en toda la regi\u00f3n llegando a pueblos, como Suipacha, en un a\u00f1o que es muy positivo por todo lo hecho\u201d<\/em><\/p>\n<p><strong>ProCreAr<\/strong><\/p>\n<p><em>\u201cEn Mercedes hay en marcha 406 viviendas PRO.CRE.AR., por $122 millones en inversi\u00f3n, de las cuales 228 est\u00e1n terminadas. Desde el comienzo de los sorteos del programa, fueron sorteadas 1624 familias en las l\u00edneas Construcci\u00f3n, Compra de terreno y construcci\u00f3n, Ampliaci\u00f3n, Terminaci\u00f3n, Refacci\u00f3n y Compra de vivienda a estrenar.\u201d,<\/em> explicaron desde Anses<\/p>\n<p><a href=\"https:\/\/www.hoymercedes.com.ar\/principal\/wp-content\/uploads\/2014\/12\/bossi-juaniustarroz.jpg\"><img loading=\"lazy\" decoding=\"async\" data-attachment-id=\"38510\" data-permalink=\"https:\/\/www.hoymercedes.com.ar\/principal\/2014\/12\/16\/diego-bossio-evidentemente-habia-una-necesidad-al-entregar-113-jubilaciones-en-mercedes\/bossi-juaniustarroz\/#main\" data-orig-file=\"https:\/\/www.hoymercedes.com.ar\/principal\/wp-content\/uploads\/2014\/12\/bossi-juaniustarroz.jpg\" data-orig-size=\"620,465\" data-comments-opened=\"1\" data-image-meta=\"{&quot;aperture&quot;:&quot;0&quot;,&quot;credit&quot;:&quot;&quot;,&quot;camera&quot;:&quot;&quot;,&quot;caption&quot;:&quot;&quot;,&quot;created_timestamp&quot;:&quot;0&quot;,&quot;copyright&quot;:&quot;&quot;,&quot;focal_length&quot;:&quot;0&quot;,&quot;iso&quot;:&quot;0&quot;,&quot;shutter_speed&quot;:&quot;0&quot;,&quot;title&quot;:&quot;&quot;,&quot;orientation&quot;:&quot;0&quot;}\" data-image-title=\"bossi-juaniustarroz\" data-image-description=\"\" data-image-caption=\"\" data-large-file=\"https:\/\/www.hoymercedes.com.ar\/principal\/wp-content\/uploads\/2014\/12\/bossi-juaniustarroz.jpg\" class=\"Img2014 aligncenter wp-image-38510 size-full\" title=\"Juan Ustarroz, Diego Bossio, Mercedes, Fernando San Pedro\" src=\"https:\/\/www.hoymercedes.com.ar\/principal\/wp-content\/uploads\/2014\/12\/bossi-juaniustarroz.jpg\" alt=\"Juan Ustarroz, Diego Bossio, Mercedes, Fernando San Pedro\" width=\"620\" height=\"465\" \/><\/a><\/p>\n<p><a href=\"https:\/\/www.hoymercedes.com.ar\/principal\/wp-content\/uploads\/2014\/12\/Bossio-Jubilaciones.Mercedes.jpg\"><img loading=\"lazy\" decoding=\"async\" data-attachment-id=\"38511\" data-permalink=\"https:\/\/www.hoymercedes.com.ar\/principal\/2014\/12\/16\/diego-bossio-evidentemente-habia-una-necesidad-al-entregar-113-jubilaciones-en-mercedes\/bossio-jubilaciones-mercedes\/#main\" data-orig-file=\"https:\/\/www.hoymercedes.com.ar\/principal\/wp-content\/uploads\/2014\/12\/Bossio-Jubilaciones.Mercedes.jpg\" data-orig-size=\"620,465\" data-comments-opened=\"1\" data-image-meta=\"{&quot;aperture&quot;:&quot;0&quot;,&quot;credit&quot;:&quot;&quot;,&quot;camera&quot;:&quot;&quot;,&quot;caption&quot;:&quot;&quot;,&quot;created_timestamp&quot;:&quot;0&quot;,&quot;copyright&quot;:&quot;&quot;,&quot;focal_length&quot;:&quot;0&quot;,&quot;iso&quot;:&quot;0&quot;,&quot;shutter_speed&quot;:&quot;0&quot;,&quot;title&quot;:&quot;&quot;,&quot;orientation&quot;:&quot;0&quot;}\" data-image-title=\"Bossio-Jubilaciones.Mercedes\" data-image-description=\"\" data-image-caption=\"\" data-large-file=\"https:\/\/www.hoymercedes.com.ar\/principal\/wp-content\/uploads\/2014\/12\/Bossio-Jubilaciones.Mercedes.jpg\" class=\"Img2014 aligncenter wp-image-38511 size-full\" title=\"Juan Ustarroz, Diego Bossio, Mercedes, Fernando San Pedro\" src=\"https:\/\/www.hoymercedes.com.ar\/principal\/wp-content\/uploads\/2014\/12\/Bossio-Jubilaciones.Mercedes.jpg\" alt=\"Juan Ustarroz, Diego Bossio, Mercedes, Fernando San Pedro\" width=\"620\" height=\"465\" \/><\/a><\/p>\n<p>&nbsp;<\/p>\n<p>&nbsp;<\/p>\n<p>&nbsp;<\/p>\n","protected":false},"excerpt":{"rendered":"<p>Son 1000 en Mercedes en el \u00faltimo tiempo. El m\u00e1ximo responsable del ANSES visit\u00f3 Mercedes y estuvo en el Club &#8230; <a title=\"Diego Bossio: \u201cevidentemente hab\u00eda una necesidad\u201d, al entregar 113 jubilaciones en Mercedes\" class=\"read-more\" href=\"https:\/\/www.hoymercedes.com.ar\/principal\/2014\/12\/16\/diego-bossio-evidentemente-habia-una-necesidad-al-entregar-113-jubilaciones-en-mercedes\/\" aria-label=\"Leer m\u00e1s sobre Diego Bossio: \u201cevidentemente hab\u00eda una necesidad\u201d, al entregar 113 jubilaciones en Mercedes\">Leer m\u00e1s<\/a><\/p>\n","protected":false},"author":1,"featured_media":0,"comment_status":"open","ping_status":"open","sticky":false,"template":"","format":"standard","meta":{"_monsterinsights_skip_tracking":false,"_monsterinsights_sitenote_active":false,"_monsterinsights_sitenote_note":"","_monsterinsights_sitenote_category":0,"jetpack_post_was_ever_published":false,"_jetpack_newsletter_access":"","_jetpack_dont_email_post_to_subs":false,"_jetpack_newsletter_tier_id":0,"_jetpack_memberships_contains_paywalled_content":false,"_jetpack_memberships_contains_paid_content":false,"footnotes":"","jetpack_publicize_message":"","jetpack_publicize_feature_enabled":true,"jetpack_social_post_already_shared":true,"jetpack_social_options":{"image_generator_settings":{"template":"highway","default_image_id":0,"font":"","enabled":false},"version":2},"_wpas_customize_per_network":false},"categories":[8],"tags":[3702,2570,585,10],"class_list":["post-38507","post","type-post","status-publish","format-standard","hentry","category-sociedad","tag-diego-bossio","tag-fernando-san-pedro","tag-juan-ustarroz","tag-mercedes","generate-columns","tablet-grid-50","mobile-grid-100","grid-parent","grid-50"],"jetpack_publicize_connections":[],"jetpack_featured_media_url":"","wps_subtitle":"Titular de Anses visit\u00f3 Mercedes","jetpack_sharing_enabled":true,"_links":{"self":[{"href":"https:\/\/www.hoymercedes.com.ar\/principal\/wp-json\/wp\/v2\/posts\/38507","targetHints":{"allow":["GET"]}}],"collection":[{"href":"https:\/\/www.hoymercedes.com.ar\/principal\/wp-json\/wp\/v2\/posts"}],"about":[{"href":"https:\/\/www.hoymercedes.com.ar\/principal\/wp-json\/wp\/v2\/types\/post"}],"author":[{"embeddable":true,"href":"https:\/\/www.hoymercedes.com.ar\/principal\/wp-json\/wp\/v2\/users\/1"}],"replies":[{"embeddable":true,"href":"https:\/\/www.hoymercedes.com.ar\/principal\/wp-json\/wp\/v2\/comments?post=38507"}],"version-history":[{"count":0,"href":"https:\/\/www.hoymercedes.com.ar\/principal\/wp-json\/wp\/v2\/posts\/38507\/revisions"}],"wp:attachment":[{"href":"https:\/\/www.hoymercedes.com.ar\/principal\/wp-json\/wp\/v2\/media?parent=38507"}],"wp:term":[{"taxonomy":"category","embeddable":true,"href":"https:\/\/www.hoymercedes.com.ar\/principal\/wp-json\/wp\/v2\/categories?post=38507"},{"taxonomy":"post_tag","embeddable":true,"href":"https:\/\/www.hoymercedes.com.ar\/principal\/wp-json\/wp\/v2\/tags?post=38507"}],"curies":[{"name":"wp","href":"https:\/\/api.w.org\/{rel}","templated":true}]}}