{"id":38536,"date":"2014-12-18T09:53:28","date_gmt":"2014-12-18T12:53:28","guid":{"rendered":"http:\/\/www.hoymercedes.com.ar\/principal\/?p=38536"},"modified":"2015-01-12T08:14:21","modified_gmt":"2015-01-12T11:14:21","slug":"diputados-le-dio-media-sancion-al-programa-nacional-contra-la-enfermedad-de-alzheimer","status":"publish","type":"post","link":"https:\/\/www.hoymercedes.com.ar\/principal\/2014\/12\/18\/diputados-le-dio-media-sancion-al-programa-nacional-contra-la-enfermedad-de-alzheimer\/","title":{"rendered":"Proyecto de De Pedro: Diputados le dio media sanci\u00f3n al Programa Nacional contra la enfermedad de Alzheimer"},"content":{"rendered":"<p><a href=\"https:\/\/www.hoymercedes.com.ar\/principal\/wp-content\/uploads\/2014\/12\/wado-depedro.jpg\"><img loading=\"lazy\" decoding=\"async\" data-attachment-id=\"38538\" data-permalink=\"https:\/\/www.hoymercedes.com.ar\/principal\/2014\/12\/18\/diputados-le-dio-media-sancion-al-programa-nacional-contra-la-enfermedad-de-alzheimer\/wado-depedro-2\/#main\" data-orig-file=\"https:\/\/www.hoymercedes.com.ar\/principal\/wp-content\/uploads\/2014\/12\/wado-depedro.jpg\" data-orig-size=\"620,412\" data-comments-opened=\"1\" data-image-meta=\"{&quot;aperture&quot;:&quot;0&quot;,&quot;credit&quot;:&quot;&quot;,&quot;camera&quot;:&quot;&quot;,&quot;caption&quot;:&quot;&quot;,&quot;created_timestamp&quot;:&quot;0&quot;,&quot;copyright&quot;:&quot;&quot;,&quot;focal_length&quot;:&quot;0&quot;,&quot;iso&quot;:&quot;0&quot;,&quot;shutter_speed&quot;:&quot;0&quot;,&quot;title&quot;:&quot;&quot;,&quot;orientation&quot;:&quot;0&quot;}\" data-image-title=\"wado-depedro\" data-image-description=\"\" data-image-caption=\"\" data-large-file=\"https:\/\/www.hoymercedes.com.ar\/principal\/wp-content\/uploads\/2014\/12\/wado-depedro.jpg\" class=\"Img2014 aligncenter wp-image-38538 size-full\" title=\"Wado de Pedro\" src=\"https:\/\/www.hoymercedes.com.ar\/principal\/wp-content\/uploads\/2014\/12\/wado-depedro.jpg\" alt=\"wado-depedro\" width=\"620\" height=\"412\" \/><\/a><\/p>\n<p><em><strong>La C\u00e1mara de Diputados de la Naci\u00f3n le dio media sanci\u00f3n al Proyecto que tiene por objeto la implementaci\u00f3n de un Programa Nacional contra la enfermedad de Alzheimer, presentado por el legislador mercedino Eduardo \u2018Wado\u2019 de Pedro.<\/strong><\/em><\/p>\n<p>La iniciativa, que cont\u00f3 con el asesoramiento del Ministerio de Salud de la Naci\u00f3n y del Dr. Facundo Manes, busca impulsar, coordinar y fiscalizar las pol\u00edticas p\u00fablicas destinadas a la lucha contra la enfermedad.<\/p>\n<p>De Pedro se\u00f1al\u00f3 que los principales objetivos del Programa son \u00abdesarrollar campa\u00f1as de difusi\u00f3n y concientizaci\u00f3n sobre la enfermedad; producir informaci\u00f3n para su divulgaci\u00f3n e impulsar investigaciones cient\u00edficas y cl\u00ednicas\u00bb. Con respecto a la ayuda de los familiares de los enfermos el Diputado afirm\u00f3 que el Programa se propone \u00abbrindar, en coordinaci\u00f3n con los centros asistenciales de todo el pa\u00eds, terapias de apoyo y acompa\u00f1amiento y orientarlos para la asistencia adecuada del enfermo\u00bb.<\/p>\n<p>La enfermedad afecta a m\u00e1s de la mitad de las personas de m\u00e1s de 80 a\u00f1os y a un 5% de 60 a\u00f1os. Hoy existen en la Argentina 500.000 enfermos. Todos estos n\u00fameros est\u00e1n en crecimiento debido al aumento de las expectativas de vida.<\/p>\n<p>De Pedro agreg\u00f3: \u201cpor todas estas razones se debe abordar esta problem\u00e1tica de manera integral: con recursos, con investigaci\u00f3n y con una fuerte difusi\u00f3n para la atenci\u00f3n temprana de la enfermedad\u201d.<\/p>\n<p>Por otra parte, el Programa promueve la investigaci\u00f3n cient\u00edfica, epidemiol\u00f3gica y cl\u00ednica para el avance en m\u00e9todos de diagn\u00f3stico y tratamiento; y la elaboraci\u00f3n de protocolos de control y verificaci\u00f3n de los hogares geri\u00e1tricos habilitados para el cuidado de pacientes que padecen Alzheimer.<\/p>\n<p>Acompa\u00f1\u00f3 a De Pedro en la redacci\u00f3n de la iniciativa la tambi\u00e9n Diputada del Frente para la Victoria, Dulce Granados.<\/p>\n<p>&nbsp;<\/p>\n","protected":false},"excerpt":{"rendered":"<p>La C\u00e1mara de Diputados de la Naci\u00f3n le dio media sanci\u00f3n al Proyecto que tiene por objeto la implementaci\u00f3n de &#8230; <a title=\"Proyecto de De Pedro: Diputados le dio media sanci\u00f3n al Programa Nacional contra la enfermedad de Alzheimer\" class=\"read-more\" href=\"https:\/\/www.hoymercedes.com.ar\/principal\/2014\/12\/18\/diputados-le-dio-media-sancion-al-programa-nacional-contra-la-enfermedad-de-alzheimer\/\" aria-label=\"Leer m\u00e1s sobre Proyecto de De Pedro: Diputados le dio media sanci\u00f3n al Programa Nacional contra la enfermedad de Alzheimer\">Leer m\u00e1s<\/a><\/p>\n","protected":false},"author":1,"featured_media":0,"comment_status":"open","ping_status":"open","sticky":false,"template":"","format":"standard","meta":{"_monsterinsights_skip_tracking":false,"_monsterinsights_sitenote_active":false,"_monsterinsights_sitenote_note":"","_monsterinsights_sitenote_category":0,"jetpack_post_was_ever_published":false,"_jetpack_newsletter_access":"","_jetpack_dont_email_post_to_subs":false,"_jetpack_newsletter_tier_id":0,"_jetpack_memberships_contains_paywalled_content":false,"_jetpack_memberships_contains_paid_content":false,"footnotes":"","jetpack_publicize_message":"","jetpack_publicize_feature_enabled":true,"jetpack_social_post_already_shared":true,"jetpack_social_options":{"image_generator_settings":{"template":"highway","default_image_id":0,"font":"","enabled":false},"version":2},"_wpas_customize_per_network":false},"categories":[5],"tags":[6665,281],"class_list":["post-38536","post","type-post","status-publish","format-standard","hentry","category-politica","tag-alzeimer","tag-wado-de-pedro","generate-columns","tablet-grid-50","mobile-grid-100","grid-parent","grid-50"],"jetpack_publicize_connections":[],"jetpack_featured_media_url":"","wps_subtitle":"Proyecto de Wado de Pedro","jetpack_sharing_enabled":true,"jetpack-related-posts":[{"id":25063,"url":"https:\/\/www.hoymercedes.com.ar\/principal\/2013\/08\/20\/wado-de-pedro-propone-ley-sobre-el-mal-de-alzheimer\/","url_meta":{"origin":38536,"position":0},"title":"Wado de Pedro propone ley sobre el Mal de Alzheimer","author":"hoymercedes","date":"20 agosto, 2013","format":false,"excerpt":"El Diputado Nacional Eduardo De Pedro presentar\u00e1 un proyecto vinculado a la salud dado que ser\u00e1 a favor de las personas que padecen el Mal de Alzheimer. El proyecto busca crear un Plan Nacional de Lucha contra el mal que aquella a cientos de miles en nuestro pa\u00eds. Buscando incentivas\u2026","rel":"","context":"En \u00abPol\u00edtica\u00bb","block_context":{"text":"Pol\u00edtica","link":"https:\/\/www.hoymercedes.com.ar\/principal\/category\/politica\/"},"img":{"alt_text":"","src":"","width":0,"height":0},"classes":[]},{"id":67152,"url":"https:\/\/www.hoymercedes.com.ar\/principal\/2017\/09\/14\/historico-diputados-voto-para-que-mercedes-sea-capital-nacional-del-salame-quintero\/","url_meta":{"origin":38536,"position":1},"title":"Hist\u00f3rico: Diputados vot\u00f3 que Mercedes sea Capital Nacional del Salame Quintero","author":"hoymercedes","date":"14 septiembre, 2017","format":false,"excerpt":"A s\u00f3lo dos d\u00edas del comienzo de la 43\u00b0 Fiesta Nacional del Salame Quintero, la C\u00e1mara de Diputados le dio media sanci\u00f3n al proyecto de Ley del mercedino Eduardo \u2018Wado\u2019 de Pedro que declara a Mercedes como Capital Nacional del Salame Quintero. La iniciativa cont\u00f3 con el apoyo un\u00e1nime de\u2026","rel":"","context":"En \u00abPol\u00edtica\u00bb","block_context":{"text":"Pol\u00edtica","link":"https:\/\/www.hoymercedes.com.ar\/principal\/category\/politica\/"},"img":{"alt_text":"","src":"https:\/\/i0.wp.com\/www.hoymercedes.com.ar\/principal\/wp-content\/uploads\/2017\/09\/Wado-1.jpeg?resize=350%2C200&ssl=1","width":350,"height":200,"srcset":"https:\/\/i0.wp.com\/www.hoymercedes.com.ar\/principal\/wp-content\/uploads\/2017\/09\/Wado-1.jpeg?resize=350%2C200&ssl=1 1x, https:\/\/i0.wp.com\/www.hoymercedes.com.ar\/principal\/wp-content\/uploads\/2017\/09\/Wado-1.jpeg?resize=525%2C300&ssl=1 1.5x, https:\/\/i0.wp.com\/www.hoymercedes.com.ar\/principal\/wp-content\/uploads\/2017\/09\/Wado-1.jpeg?resize=700%2C400&ssl=1 2x, https:\/\/i0.wp.com\/www.hoymercedes.com.ar\/principal\/wp-content\/uploads\/2017\/09\/Wado-1.jpeg?resize=1050%2C600&ssl=1 3x"},"classes":[]},{"id":121548,"url":"https:\/\/www.hoymercedes.com.ar\/principal\/2020\/12\/11\/diputados-dio-media-sancion-al-proyecto-de-ley-del-programa-mil-dias\/","url_meta":{"origin":38536,"position":2},"title":"Diputados dio media sanci\u00f3n al proyecto de ley del programa Mil D\u00edas","author":"hoymercedes","date":"11 diciembre, 2020","format":false,"excerpt":"La Honorable C\u00e1mara de Diputados de la Naci\u00f3n dio media sanci\u00f3n al proyecto de Ley Nacional de Atenci\u00f3n y Cuidado Integral de la Salud durante el Embarazo y la Primera Infancia (Mil D\u00edas). Con 196 votos a favor y 5 abstenciones, avanza a la C\u00e1mara de Senadores. Este proyecto de\u2026","rel":"","context":"En \u00abNaci\u00f3n\u00bb","block_context":{"text":"Naci\u00f3n","link":"https:\/\/www.hoymercedes.com.ar\/principal\/category\/nacion\/"},"img":{"alt_text":"","src":"https:\/\/i0.wp.com\/www.hoymercedes.com.ar\/principal\/wp-content\/uploads\/2020\/12\/11-voto-mil-dias.jpg?resize=350%2C200&ssl=1","width":350,"height":200,"srcset":"https:\/\/i0.wp.com\/www.hoymercedes.com.ar\/principal\/wp-content\/uploads\/2020\/12\/11-voto-mil-dias.jpg?resize=350%2C200&ssl=1 1x, https:\/\/i0.wp.com\/www.hoymercedes.com.ar\/principal\/wp-content\/uploads\/2020\/12\/11-voto-mil-dias.jpg?resize=525%2C300&ssl=1 1.5x, https:\/\/i0.wp.com\/www.hoymercedes.com.ar\/principal\/wp-content\/uploads\/2020\/12\/11-voto-mil-dias.jpg?resize=700%2C400&ssl=1 2x"},"classes":[]},{"id":70364,"url":"https:\/\/www.hoymercedes.com.ar\/principal\/2017\/12\/01\/de-pedro-impulsa-la-ley-de-trombofilia-en-el-congreso\/","url_meta":{"origin":38536,"position":3},"title":"De Pedro impulsa la Ley de Trombofilia en el Congreso","author":"hoymercedes","date":"1 diciembre, 2017","format":false,"excerpt":"El Diputado Nacional, Eduardo Wado de Pedro, se reuni\u00f3 con la actriz Florencia Pe\u00f1a y con Ianina Castro, de la Asociaci\u00f3n Trombofilia & Embarazo, para seguir trabajando en el proyecto de Ley para la detecci\u00f3n precoz, control, seguimiento y tratamiento en mujeres con trombofilia. Tras esta reuni\u00f3n el bloque del\u2026","rel":"","context":"En \u00abPol\u00edtica\u00bb","block_context":{"text":"Pol\u00edtica","link":"https:\/\/www.hoymercedes.com.ar\/principal\/category\/politica\/"},"img":{"alt_text":"","src":"https:\/\/i0.wp.com\/www.hoymercedes.com.ar\/principal\/wp-content\/uploads\/2017\/12\/Wado-de-Pedro-juanto-a-las-integrantes-del-colectivo-Trombobilia-Embarazo.jpg?resize=350%2C200&ssl=1","width":350,"height":200,"srcset":"https:\/\/i0.wp.com\/www.hoymercedes.com.ar\/principal\/wp-content\/uploads\/2017\/12\/Wado-de-Pedro-juanto-a-las-integrantes-del-colectivo-Trombobilia-Embarazo.jpg?resize=350%2C200&ssl=1 1x, https:\/\/i0.wp.com\/www.hoymercedes.com.ar\/principal\/wp-content\/uploads\/2017\/12\/Wado-de-Pedro-juanto-a-las-integrantes-del-colectivo-Trombobilia-Embarazo.jpg?resize=525%2C300&ssl=1 1.5x, https:\/\/i0.wp.com\/www.hoymercedes.com.ar\/principal\/wp-content\/uploads\/2017\/12\/Wado-de-Pedro-juanto-a-las-integrantes-del-colectivo-Trombobilia-Embarazo.jpg?resize=700%2C400&ssl=1 2x"},"classes":[]},{"id":57891,"url":"https:\/\/www.hoymercedes.com.ar\/principal\/2016\/12\/07\/wado-de-pedro-conseguimos-la-unidad-para-defender-a-los-trabajadores\/","url_meta":{"origin":38536,"position":4},"title":"Wado de Pedro: \u201cConseguimos la unidad para defender a los trabajadores\u201d","author":"hoymercedes","date":"7 diciembre, 2016","format":false,"excerpt":"El Diputado Nacional Eduardo \u201cWado\u201d de Pedro sostuvo que la media sanci\u00f3n del proyecto de modificaci\u00f3n del Impuesto a las Ganancias que se vot\u00f3 anoche en la C\u00e1mara de Diputados \u201cbeneficia a millones de trabajadores que durante este a\u00f1o sufrieron el ajuste que impuso el gobierno de Macri\u201d. Y al\u2026","rel":"","context":"En \u00abPol\u00edtica\u00bb","block_context":{"text":"Pol\u00edtica","link":"https:\/\/www.hoymercedes.com.ar\/principal\/category\/politica\/"},"img":{"alt_text":"","src":"https:\/\/i0.wp.com\/www.hoymercedes.com.ar\/principal\/wp-content\/uploads\/2016\/12\/WhatsApp-Image-2016-12-07-at-6.58.22-PM.jpeg?resize=350%2C200&ssl=1","width":350,"height":200,"srcset":"https:\/\/i0.wp.com\/www.hoymercedes.com.ar\/principal\/wp-content\/uploads\/2016\/12\/WhatsApp-Image-2016-12-07-at-6.58.22-PM.jpeg?resize=350%2C200&ssl=1 1x, https:\/\/i0.wp.com\/www.hoymercedes.com.ar\/principal\/wp-content\/uploads\/2016\/12\/WhatsApp-Image-2016-12-07-at-6.58.22-PM.jpeg?resize=525%2C300&ssl=1 1.5x, https:\/\/i0.wp.com\/www.hoymercedes.com.ar\/principal\/wp-content\/uploads\/2016\/12\/WhatsApp-Image-2016-12-07-at-6.58.22-PM.jpeg?resize=700%2C400&ssl=1 2x, https:\/\/i0.wp.com\/www.hoymercedes.com.ar\/principal\/wp-content\/uploads\/2016\/12\/WhatsApp-Image-2016-12-07-at-6.58.22-PM.jpeg?resize=1050%2C600&ssl=1 3x"},"classes":[]},{"id":36123,"url":"https:\/\/www.hoymercedes.com.ar\/principal\/2014\/09\/17\/wado-de-pedro-presento-proyecto-para-que-abogados-se-matriculen\/","url_meta":{"origin":38536,"position":5},"title":"Wado De Pedro present\u00f3 proyecto para que abogados se matriculen a nivel Federal","author":"hoymercedes","date":"17 septiembre, 2014","format":false,"excerpt":"De Pedro, el Diputado Nacional mercedino, present\u00f3 un proyecto de ley para la creaci\u00f3n de una matricula de\u00a0orden\u00a0federal y \u00fanica para poder llevar adelante los servicios de abogado ante la\u00a0Justicia Federal y la Corte Suprema de Justicia de la Naci\u00f3n. En el proyecto se prev\u00e9 la\u00a0matr\u00edcula sea otorgada por la\u2026","rel":"","context":"En \u00abPol\u00edtica\u00bb","block_context":{"text":"Pol\u00edtica","link":"https:\/\/www.hoymercedes.com.ar\/principal\/category\/politica\/"},"img":{"alt_text":"wadodepedro","src":"https:\/\/i0.wp.com\/www.hoymercedes.com.ar\/principal\/wp-content\/uploads\/2014\/09\/wadodepedro.jpg?resize=350%2C200","width":350,"height":200,"srcset":"https:\/\/i0.wp.com\/www.hoymercedes.com.ar\/principal\/wp-content\/uploads\/2014\/09\/wadodepedro.jpg?resize=350%2C200 1x, https:\/\/i0.wp.com\/www.hoymercedes.com.ar\/principal\/wp-content\/uploads\/2014\/09\/wadodepedro.jpg?resize=525%2C300 1.5x"},"classes":[]}],"_links":{"self":[{"href":"https:\/\/www.hoymercedes.com.ar\/principal\/wp-json\/wp\/v2\/posts\/38536","targetHints":{"allow":["GET"]}}],"collection":[{"href":"https:\/\/www.hoymercedes.com.ar\/principal\/wp-json\/wp\/v2\/posts"}],"about":[{"href":"https:\/\/www.hoymercedes.com.ar\/principal\/wp-json\/wp\/v2\/types\/post"}],"author":[{"embeddable":true,"href":"https:\/\/www.hoymercedes.com.ar\/principal\/wp-json\/wp\/v2\/users\/1"}],"replies":[{"embeddable":true,"href":"https:\/\/www.hoymercedes.com.ar\/principal\/wp-json\/wp\/v2\/comments?post=38536"}],"version-history":[{"count":0,"href":"https:\/\/www.hoymercedes.com.ar\/principal\/wp-json\/wp\/v2\/posts\/38536\/revisions"}],"wp:attachment":[{"href":"https:\/\/www.hoymercedes.com.ar\/principal\/wp-json\/wp\/v2\/media?parent=38536"}],"wp:term":[{"taxonomy":"category","embeddable":true,"href":"https:\/\/www.hoymercedes.com.ar\/principal\/wp-json\/wp\/v2\/categories?post=38536"},{"taxonomy":"post_tag","embeddable":true,"href":"https:\/\/www.hoymercedes.com.ar\/principal\/wp-json\/wp\/v2\/tags?post=38536"}],"curies":[{"name":"wp","href":"https:\/\/api.w.org\/{rel}","templated":true}]}}