{"id":38565,"date":"2014-12-19T00:20:37","date_gmt":"2014-12-19T03:20:37","guid":{"rendered":"http:\/\/www.hoymercedes.com.ar\/principal\/?p=38565"},"modified":"2014-12-19T00:20:37","modified_gmt":"2014-12-19T03:20:37","slug":"agrupacion-17-de-octubre-brindis-y-nueva-sede-partidaria","status":"publish","type":"post","link":"https:\/\/www.hoymercedes.com.ar\/principal\/2014\/12\/19\/agrupacion-17-de-octubre-brindis-y-nueva-sede-partidaria\/","title":{"rendered":"Agrupaci\u00f3n 17 de Octubre: brindis y nueva sede partidaria"},"content":{"rendered":"<p><a href=\"https:\/\/www.hoymercedes.com.ar\/principal\/wp-content\/uploads\/2014\/12\/frenterenovador-mercedes.jpg\"><img loading=\"lazy\" decoding=\"async\" data-attachment-id=\"38567\" data-permalink=\"https:\/\/www.hoymercedes.com.ar\/principal\/2014\/12\/19\/agrupacion-17-de-octubre-brindis-y-nueva-sede-partidaria\/frenterenovador-mercedes\/#main\" data-orig-file=\"https:\/\/www.hoymercedes.com.ar\/principal\/wp-content\/uploads\/2014\/12\/frenterenovador-mercedes.jpg\" data-orig-size=\"620,465\" data-comments-opened=\"1\" data-image-meta=\"{&quot;aperture&quot;:&quot;0&quot;,&quot;credit&quot;:&quot;&quot;,&quot;camera&quot;:&quot;&quot;,&quot;caption&quot;:&quot;&quot;,&quot;created_timestamp&quot;:&quot;0&quot;,&quot;copyright&quot;:&quot;&quot;,&quot;focal_length&quot;:&quot;0&quot;,&quot;iso&quot;:&quot;0&quot;,&quot;shutter_speed&quot;:&quot;0&quot;,&quot;title&quot;:&quot;&quot;,&quot;orientation&quot;:&quot;0&quot;}\" data-image-title=\"frenterenovador-mercedes\" data-image-description=\"\" data-image-caption=\"\" data-large-file=\"https:\/\/www.hoymercedes.com.ar\/principal\/wp-content\/uploads\/2014\/12\/frenterenovador-mercedes.jpg\" class=\"Img2014 aligncenter wp-image-38567 size-full\" title=\"Frente Renovador Mercedes - Agrupaci\u00f3n 17 de Octubre\" src=\"https:\/\/www.hoymercedes.com.ar\/principal\/wp-content\/uploads\/2014\/12\/frenterenovador-mercedes.jpg\" alt=\"Frente Renovador Mercedes - Agrupaci\u00f3n 17 de Octubre\" width=\"620\" height=\"465\" \/><\/a><\/p>\n<p>La Agrupaci\u00f3n 17 de Octubre, que conduce el intendente Carlos Selva, tuvo su brindis de fin de a\u00f1o e inauguraci\u00f3n de nueva sede durante la tarde de \u00e9ste jueves con gran participaci\u00f3n de militantes y amigos.<\/p>\n<p>El encuentro fue desde las 19.00hs y se encontraron en avenida 30 entre 23 y 25, donde anta\u00f1o era el Bar Tribunales y ahora se eleva la nueva sede de la Agrupaci\u00f3n 17 de Octubre que integra el Frente Renovador. Antes estaba en avenida 29 entre 20 y 22.<\/p>\n<p>Hubo alientos, momentos de distenci\u00f3n, encuentros, c\u00e1nticos y palabras por parte de las principales figuras para cerrar un a\u00f1o con mucho trabajo y, especialmente, para tener presente que el pr\u00f3ximo es de gran importancia dado que se renuevan diversos cargos y entre ellos el ejecutivo.<\/p>\n<p>Un joven militante comentaba: \u201cestamos realmente contentos, vamos a trabajar como siempre palmo a palmo con el intendente, nuestro conductor\u201d.<\/p>\n<p>Funcionarios, voluntades, militantes, concejales, visitas y amigos, de esta manera, se encontraron con un doble objetivo: celebrar la nueva Casa y brindar por el fin de a\u00f1o.<\/p>\n<p>&nbsp;<\/p>\n","protected":false},"excerpt":{"rendered":"<p>La Agrupaci\u00f3n 17 de Octubre, que conduce el intendente Carlos Selva, tuvo su brindis de fin de a\u00f1o e inauguraci\u00f3n &#8230; <a title=\"Agrupaci\u00f3n 17 de Octubre: brindis y nueva sede partidaria\" class=\"read-more\" href=\"https:\/\/www.hoymercedes.com.ar\/principal\/2014\/12\/19\/agrupacion-17-de-octubre-brindis-y-nueva-sede-partidaria\/\" aria-label=\"Leer m\u00e1s sobre Agrupaci\u00f3n 17 de Octubre: brindis y nueva sede partidaria\">Leer m\u00e1s<\/a><\/p>\n","protected":false},"author":1,"featured_media":0,"comment_status":"open","ping_status":"open","sticky":false,"template":"","format":"standard","meta":{"_monsterinsights_skip_tracking":false,"_monsterinsights_sitenote_active":false,"_monsterinsights_sitenote_note":"","_monsterinsights_sitenote_category":0,"jetpack_post_was_ever_published":false,"_jetpack_newsletter_access":"","_jetpack_dont_email_post_to_subs":false,"_jetpack_newsletter_tier_id":0,"_jetpack_memberships_contains_paywalled_content":false,"_jetpack_memberships_contains_paid_content":false,"footnotes":"","jetpack_publicize_message":"","jetpack_publicize_feature_enabled":true,"jetpack_social_post_already_shared":true,"jetpack_social_options":{"image_generator_settings":{"template":"highway","default_image_id":0,"font":"","enabled":false},"version":2},"_wpas_customize_per_network":false},"categories":[5],"tags":[6673],"class_list":["post-38565","post","type-post","status-publish","format-standard","hentry","category-politica","tag-agrupacion-17-de-octubre-brindis-y-nueva-sede-partidaria","generate-columns","tablet-grid-50","mobile-grid-100","grid-parent","grid-50"],"jetpack_publicize_connections":[],"jetpack_featured_media_url":"","wps_subtitle":"Encuentro de voluntades ","jetpack_sharing_enabled":true,"jetpack-related-posts":[{"id":58206,"url":"https:\/\/www.hoymercedes.com.ar\/principal\/2016\/12\/19\/reprograman-brindis-de-agrupacion-17-de-octubre\/","url_meta":{"origin":38565,"position":0},"title":"Reprograman brindis de Agrupaci\u00f3n 17 de octubre","author":"hoymercedes","date":"19 diciembre, 2016","format":false,"excerpt":"Desde la Agrupaci\u00f3n 17 de Octubre anunciaronn que por cuestiones de agenda de los Concejales y el Diputado Nacional Carlos Selva, se debi\u00f3 reprogramar el brindis de fin de a\u00f1o anunciado\u00a0con anterioridad. La nueva fechar para el encuentro es\u00a0el pr\u00f3ximo jueves, 20:30 horas, en la sede la esa agrupaci\u00f3n ubicada\u2026","rel":"","context":"En \u00abCiudad\u00bb","block_context":{"text":"Ciudad","link":"https:\/\/www.hoymercedes.com.ar\/principal\/category\/ciudad\/"},"img":{"alt_text":"","src":"","width":0,"height":0},"classes":[]},{"id":58122,"url":"https:\/\/www.hoymercedes.com.ar\/principal\/2016\/12\/16\/la-agrupacion-17-de-octubre-invita-a-brindis-de-fin-de-ano\/","url_meta":{"origin":38565,"position":1},"title":"La Agrupaci\u00f3n 17 de octubre invita a brindis de fin de a\u00f1o","author":"hoymercedes","date":"16 diciembre, 2016","format":false,"excerpt":"Desde la Agrupaci\u00f3n 17 de Octubre, PJ Frente Renovador de la ciudad de Mercedes, que conduce el actual Diputado Nacional y tres veces Intendente Carlos Selva, hicieron extensiva la invitaci\u00f3n a la comunidad de Mercedes, al brindis de fin de a\u00f1o que se llevar\u00e1\u00a0 cabo el pr\u00f3ximo lunes 19 de\u2026","rel":"","context":"En \u00abPol\u00edtica\u00bb","block_context":{"text":"Pol\u00edtica","link":"https:\/\/www.hoymercedes.com.ar\/principal\/category\/politica\/"},"img":{"alt_text":"","src":"https:\/\/i0.wp.com\/www.hoymercedes.com.ar\/principal\/wp-content\/uploads\/2016\/12\/16-Selva.jpg?resize=350%2C200&ssl=1","width":350,"height":200},"classes":[]},{"id":107144,"url":"https:\/\/www.hoymercedes.com.ar\/principal\/2020\/03\/07\/ronda-de-intercambio-y-compromiso-social-en-la-agrupacion-17-de-octubre\/","url_meta":{"origin":38565,"position":2},"title":"Ronda de intercambio y compromiso social en la Agrupaci\u00f3n 17 de octubre","author":"hoymercedes","date":"7 marzo, 2020","format":false,"excerpt":"En el marco de las actividades que distintas organizaciones llevar\u00e1n adelante por el D\u00eda de la Mujer, este domingo 8 de marzo, a partir de la hora 18, la Agrupaci\u00f3n Justicialista \u00a17 de Octubre, realizar\u00e1 una \u201cRonda de Intercambio y Compromiso Social\u201d con mujeres brindando su experiencia de vida, adem\u00e1s\u2026","rel":"","context":"En \u00abComunidad\u00bb","block_context":{"text":"Comunidad","link":"https:\/\/www.hoymercedes.com.ar\/principal\/category\/comunidad\/"},"img":{"alt_text":"","src":"https:\/\/i0.wp.com\/www.hoymercedes.com.ar\/principal\/wp-content\/uploads\/2020\/03\/07-mujeres-17-oct1.jpg?resize=350%2C200&ssl=1","width":350,"height":200,"srcset":"https:\/\/i0.wp.com\/www.hoymercedes.com.ar\/principal\/wp-content\/uploads\/2020\/03\/07-mujeres-17-oct1.jpg?resize=350%2C200&ssl=1 1x, https:\/\/i0.wp.com\/www.hoymercedes.com.ar\/principal\/wp-content\/uploads\/2020\/03\/07-mujeres-17-oct1.jpg?resize=525%2C300&ssl=1 1.5x, https:\/\/i0.wp.com\/www.hoymercedes.com.ar\/principal\/wp-content\/uploads\/2020\/03\/07-mujeres-17-oct1.jpg?resize=700%2C400&ssl=1 2x"},"classes":[]},{"id":104813,"url":"https:\/\/www.hoymercedes.com.ar\/principal\/2020\/01\/06\/la-agrupacion-17-de-octubre-y-su-recorrida-de-reyes\/","url_meta":{"origin":38565,"position":3},"title":"La Agrupaci\u00f3n 17 de Octubre y su recorrida de Reyes","author":"hoymercedes","date":"6 enero, 2020","format":false,"excerpt":"Los integrantes de la Agrupaci\u00f3n 17 de Octubre, pasearon junto a los Reyes Magos el pasado s\u00e1bado 4 de enero. La recorrida incluy\u00f3 distintos puntos de la ciudad y la zona rural entregando algo m\u00e1s de 500 regalos para los ni\u00f1os. Como lo hacen cada a\u00f1o, integrantes de la Agrupaci\u00f3n\u2026","rel":"","context":"En \u00abPol\u00edtica\u00bb","block_context":{"text":"Pol\u00edtica","link":"https:\/\/www.hoymercedes.com.ar\/principal\/category\/politica\/"},"img":{"alt_text":"","src":"https:\/\/i0.wp.com\/www.hoymercedes.com.ar\/principal\/wp-content\/uploads\/2020\/01\/FB_IMG_15783395924787213-800x449-1.jpg?resize=350%2C200&ssl=1","width":350,"height":200,"srcset":"https:\/\/i0.wp.com\/www.hoymercedes.com.ar\/principal\/wp-content\/uploads\/2020\/01\/FB_IMG_15783395924787213-800x449-1.jpg?resize=350%2C200&ssl=1 1x, https:\/\/i0.wp.com\/www.hoymercedes.com.ar\/principal\/wp-content\/uploads\/2020\/01\/FB_IMG_15783395924787213-800x449-1.jpg?resize=525%2C300&ssl=1 1.5x, https:\/\/i0.wp.com\/www.hoymercedes.com.ar\/principal\/wp-content\/uploads\/2020\/01\/FB_IMG_15783395924787213-800x449-1.jpg?resize=700%2C400&ssl=1 2x"},"classes":[]},{"id":6086,"url":"https:\/\/www.hoymercedes.com.ar\/principal\/2011\/08\/06\/solicitada-agrup-17-de-octubre-sobre-violencia-en-las-campanas\/","url_meta":{"origin":38565,"position":4},"title":"Solicitada Agrup. 17 de Octubre sobre violencia en las campa\u00f1as","author":"hoymercedes","date":"6 agosto, 2011","format":false,"excerpt":"La agrupaci\u00f3n 17 de octubre se solidariza con quienes han sufrido ataques a su persona o sus agrupaciones en el medio de este proceso electoral que desembocar\u00e1 en las elecciones del pr\u00f3ximo 14. Esta misma agrupaci\u00f3n fue v\u00edctima en las \u00faltimas semanas de todo tipo de agresiones como roturas de\u2026","rel":"","context":"En \u00abPol\u00edtica\u00bb","block_context":{"text":"Pol\u00edtica","link":"https:\/\/www.hoymercedes.com.ar\/principal\/category\/politica\/"},"img":{"alt_text":"","src":"","width":0,"height":0},"classes":[]},{"id":18112,"url":"https:\/\/www.hoymercedes.com.ar\/principal\/2012\/11\/22\/arlia-estuvo-en-la-agrupacion-17-de-octubre\/","url_meta":{"origin":38565,"position":5},"title":"Arl\u00eda estuvo en la Agrupaci\u00f3n 17 de Octubre","author":"hoymercedes","date":"22 noviembre, 2012","format":false,"excerpt":"El\u00a0Ministro\u00a0de Infraestructura de la Provincia de Buenos Aires integrante del movimiento \"Peronistas sin fronteras\" estuvo este mediod\u00eda en la Agrupaci\u00f3n 17 de Octubre donde dialog\u00f3 con los militantes, pos\u00f3 para las fotos y fue parte de un peque\u00f1o almuerzo. Arl\u00eda pronunci\u00f3 un discurso en el cual abog\u00f3 por la militancia,\u2026","rel":"","context":"En \u00abPol\u00edtica\u00bb","block_context":{"text":"Pol\u00edtica","link":"https:\/\/www.hoymercedes.com.ar\/principal\/category\/politica\/"},"img":{"alt_text":"","src":"https:\/\/i0.wp.com\/www.hoymercedes.com.ar\/principal\/wp-content\/uploads\/2012\/11\/Arlia17Octubre.jpg?resize=350%2C200","width":350,"height":200,"srcset":"https:\/\/i0.wp.com\/www.hoymercedes.com.ar\/principal\/wp-content\/uploads\/2012\/11\/Arlia17Octubre.jpg?resize=350%2C200 1x, https:\/\/i0.wp.com\/www.hoymercedes.com.ar\/principal\/wp-content\/uploads\/2012\/11\/Arlia17Octubre.jpg?resize=525%2C300 1.5x"},"classes":[]}],"_links":{"self":[{"href":"https:\/\/www.hoymercedes.com.ar\/principal\/wp-json\/wp\/v2\/posts\/38565","targetHints":{"allow":["GET"]}}],"collection":[{"href":"https:\/\/www.hoymercedes.com.ar\/principal\/wp-json\/wp\/v2\/posts"}],"about":[{"href":"https:\/\/www.hoymercedes.com.ar\/principal\/wp-json\/wp\/v2\/types\/post"}],"author":[{"embeddable":true,"href":"https:\/\/www.hoymercedes.com.ar\/principal\/wp-json\/wp\/v2\/users\/1"}],"replies":[{"embeddable":true,"href":"https:\/\/www.hoymercedes.com.ar\/principal\/wp-json\/wp\/v2\/comments?post=38565"}],"version-history":[{"count":0,"href":"https:\/\/www.hoymercedes.com.ar\/principal\/wp-json\/wp\/v2\/posts\/38565\/revisions"}],"wp:attachment":[{"href":"https:\/\/www.hoymercedes.com.ar\/principal\/wp-json\/wp\/v2\/media?parent=38565"}],"wp:term":[{"taxonomy":"category","embeddable":true,"href":"https:\/\/www.hoymercedes.com.ar\/principal\/wp-json\/wp\/v2\/categories?post=38565"},{"taxonomy":"post_tag","embeddable":true,"href":"https:\/\/www.hoymercedes.com.ar\/principal\/wp-json\/wp\/v2\/tags?post=38565"}],"curies":[{"name":"wp","href":"https:\/\/api.w.org\/{rel}","templated":true}]}}