{"id":3857,"date":"2011-04-30T02:57:21","date_gmt":"2011-04-30T02:57:21","guid":{"rendered":"http:\/\/www.hoymercedes.com.ar\/principal\/?p=3857"},"modified":"2011-04-30T02:57:21","modified_gmt":"2011-04-30T02:57:21","slug":"juan-ustarroz-se-reunio-con-amado-boudou","status":"publish","type":"post","link":"https:\/\/www.hoymercedes.com.ar\/principal\/2011\/04\/30\/juan-ustarroz-se-reunio-con-amado-boudou\/","title":{"rendered":"Juan Ustarroz se reuni\u00f3 con Amado Boudou"},"content":{"rendered":"<figure id=\"attachment_3859\" aria-describedby=\"caption-attachment-3859\" style=\"width: 290px\" class=\"wp-caption alignleft\"><a href=\"https:\/\/www.hoymercedes.com.ar\/principal\/wp-content\/uploads\/2011\/04\/Boudou-Ustarroz.jpg\"><img loading=\"lazy\" decoding=\"async\" data-attachment-id=\"3859\" data-permalink=\"https:\/\/www.hoymercedes.com.ar\/principal\/2011\/04\/30\/juan-ustarroz-se-reunio-con-amado-boudou\/boudou-ustarroz\/#main\" data-orig-file=\"https:\/\/www.hoymercedes.com.ar\/principal\/wp-content\/uploads\/2011\/04\/Boudou-Ustarroz.jpg\" data-orig-size=\"400,275\" data-comments-opened=\"1\" data-image-meta=\"{&quot;aperture&quot;:&quot;2.8&quot;,&quot;credit&quot;:&quot;&quot;,&quot;camera&quot;:&quot;FinePix J10&quot;,&quot;caption&quot;:&quot;&quot;,&quot;created_timestamp&quot;:&quot;1303325761&quot;,&quot;copyright&quot;:&quot;&quot;,&quot;focal_length&quot;:&quot;6.2&quot;,&quot;iso&quot;:&quot;400&quot;,&quot;shutter_speed&quot;:&quot;0.016666666666667&quot;,&quot;title&quot;:&quot;&quot;}\" data-image-title=\"Boudou-Ustarroz\" data-image-description=\"&lt;p&gt;Boudou-Ustarroz&lt;\/p&gt;\n\" data-image-caption=\"&lt;p&gt;Boudou-Ustarroz&lt;\/p&gt;\n\" data-large-file=\"https:\/\/www.hoymercedes.com.ar\/principal\/wp-content\/uploads\/2011\/04\/Boudou-Ustarroz.jpg\" class=\"size-medium wp-image-3859\" title=\"Boudou-Ustarroz\" src=\"https:\/\/www.hoymercedes.com.ar\/principal\/wp-content\/uploads\/2011\/04\/Boudou-Ustarroz-300x206.jpg\" alt=\"Boudou-Ustarroz\" width=\"300\" height=\"206\" srcset=\"https:\/\/www.hoymercedes.com.ar\/principal\/wp-content\/uploads\/2011\/04\/Boudou-Ustarroz-300x206.jpg 300w, https:\/\/www.hoymercedes.com.ar\/principal\/wp-content\/uploads\/2011\/04\/Boudou-Ustarroz.jpg 400w\" sizes=\"auto, (max-width: 300px) 100vw, 300px\" \/><\/a><figcaption id=\"caption-attachment-3859\" class=\"wp-caption-text\">Boudou-Ustarroz<\/figcaption><\/figure>\n<p>El l\u00edder del Frente Mercedino Para la Victoria estuvo en el Ministerio de Econom\u00eda reunido con el jefe de esa cartera, Amado Boudou, quien tambi\u00e9n le manifest\u00f3  su apoyo a la precandidatura a Intendente.<\/p>\n<p>Ya no es noticia que la imagen de Juan Ignacio Ustarroz se ha instalado en Mercedes al punto de ser el candidato del kirchnerismo para las pr\u00f3ximas elecciones. Desde el comienzo de su trabajo a la cabeza del Frente Mercedino ha recibido constantes apoyos desde los m\u00e1s altos sectores del gobierno nacional.<\/p>\n<p>Desde la visita a Mercedes el diputado Eric Calcagno en adelante, Ustarroz ha recibido el apoyo de otros actores pol\u00edticos, como es el caso de H\u00e9ctor Recalde, quien disert\u00f3 en el Club Quilmes hace m\u00e1s de 20 d\u00edas o el de Juan Cabandi\u00e9, quien estuvo en la ciudad el 24 de marzo pasado.<\/p>\n<p>Desde los diferentes ministerios tambi\u00e9n le han levantado el pulgar al Jefe de la ANSeS Mercedes. La visita de D\u00e9bora Giorgi repercuti\u00f3 en toda la ciudad y solucion\u00f3 inconvenientes que ten\u00edan varios empresarios mercedinos. Para el viernes 6 de mayo se espera la del ministro de Agricultura, Ganader\u00eda y Pesca, Juli\u00e1n Dom\u00ednguez.<\/p>\n<p>El otro ministro que apoy\u00f3 a Ustarroz fue Amado Boudou. El ex titular del ANSeS fue visitado por el precandidato mercedino durante la semana pasada, en donde dialogaron sobre la planificaci\u00f3n general de la ciudad, algo que preocupa a Ustarroz y que viene trabajando fuertemente desde hace tiempo.<\/p>\n<p>En la charla que mantuvieron, Boudou le present\u00f3 iniciativas superadoras para mejorar la econom\u00eda de la ciudad, como as\u00ed tambi\u00e9n aporto ideas y recomendaciones.<\/p>\n<p>De esta forma, Ustarroz sigue obteniendo el visto bueno. A las adhesiones de las diferentes agrupaciones que se van sumando al Frente, tambi\u00e9n se agregan funcionarios del gobierno nacional. Otro de los casos es el de Gabriel Mariotto, titular de la Autoridad Federal de Servicios de Comunicaci\u00f3n Audiovisual, quien disert\u00f3 el viernes pasado en el Club Comunicaciones junto a Juan Pablo L\u00f3pez, referente de Casa Joven es otro de los que se sum\u00f3 a la propuesta del Frente Mercedino Para la Victoria. De esta manera queda reflejado el escenario electoral para el 14 de agosto, con Ustarroz ya instalado muy fuertemente y creciendo d\u00eda a d\u00eda como la clara alternativa al actual intendente.<\/p>\n<p><span style=\"color: #888888;\">Fuente: FMpV<\/span><\/p>\n<p>&nbsp;<\/p>\n","protected":false},"excerpt":{"rendered":"<p>El l\u00edder del Frente Mercedino Para la Victoria estuvo en el Ministerio de Econom\u00eda reunido con el jefe de esa &#8230; <a title=\"Juan Ustarroz se reuni\u00f3 con Amado Boudou\" class=\"read-more\" href=\"https:\/\/www.hoymercedes.com.ar\/principal\/2011\/04\/30\/juan-ustarroz-se-reunio-con-amado-boudou\/\" aria-label=\"Leer m\u00e1s sobre Juan Ustarroz se reuni\u00f3 con Amado Boudou\">Leer m\u00e1s<\/a><\/p>\n","protected":false},"author":1,"featured_media":0,"comment_status":"open","ping_status":"open","sticky":false,"template":"","format":"standard","meta":{"_monsterinsights_skip_tracking":false,"_monsterinsights_sitenote_active":false,"_monsterinsights_sitenote_note":"","_monsterinsights_sitenote_category":0,"jetpack_post_was_ever_published":false,"_jetpack_newsletter_access":"","_jetpack_dont_email_post_to_subs":false,"_jetpack_newsletter_tier_id":0,"_jetpack_memberships_contains_paywalled_content":false,"_jetpack_memberships_contains_paid_content":false,"footnotes":"","jetpack_publicize_message":"","jetpack_publicize_feature_enabled":true,"jetpack_social_post_already_shared":false,"jetpack_social_options":{"image_generator_settings":{"template":"highway","default_image_id":0,"font":"","enabled":false},"version":2},"_wpas_customize_per_network":false},"categories":[5],"tags":[747,379,424],"class_list":["post-3857","post","type-post","status-publish","format-standard","hentry","category-politica","tag-amado-boudou","tag-frente-mercedino-para-la-victoria","tag-ustarroz","generate-columns","tablet-grid-50","mobile-grid-100","grid-parent","grid-50"],"jetpack_publicize_connections":[],"jetpack_featured_media_url":"","wps_subtitle":"","jetpack_sharing_enabled":true,"_links":{"self":[{"href":"https:\/\/www.hoymercedes.com.ar\/principal\/wp-json\/wp\/v2\/posts\/3857","targetHints":{"allow":["GET"]}}],"collection":[{"href":"https:\/\/www.hoymercedes.com.ar\/principal\/wp-json\/wp\/v2\/posts"}],"about":[{"href":"https:\/\/www.hoymercedes.com.ar\/principal\/wp-json\/wp\/v2\/types\/post"}],"author":[{"embeddable":true,"href":"https:\/\/www.hoymercedes.com.ar\/principal\/wp-json\/wp\/v2\/users\/1"}],"replies":[{"embeddable":true,"href":"https:\/\/www.hoymercedes.com.ar\/principal\/wp-json\/wp\/v2\/comments?post=3857"}],"version-history":[{"count":0,"href":"https:\/\/www.hoymercedes.com.ar\/principal\/wp-json\/wp\/v2\/posts\/3857\/revisions"}],"wp:attachment":[{"href":"https:\/\/www.hoymercedes.com.ar\/principal\/wp-json\/wp\/v2\/media?parent=3857"}],"wp:term":[{"taxonomy":"category","embeddable":true,"href":"https:\/\/www.hoymercedes.com.ar\/principal\/wp-json\/wp\/v2\/categories?post=3857"},{"taxonomy":"post_tag","embeddable":true,"href":"https:\/\/www.hoymercedes.com.ar\/principal\/wp-json\/wp\/v2\/tags?post=3857"}],"curies":[{"name":"wp","href":"https:\/\/api.w.org\/{rel}","templated":true}]}}