{"id":38612,"date":"2014-12-21T18:48:39","date_gmt":"2014-12-21T21:48:39","guid":{"rendered":"http:\/\/www.hoymercedes.com.ar\/principal\/?p=38612"},"modified":"2014-12-21T18:49:26","modified_gmt":"2014-12-21T21:49:26","slug":"felipe-sola-junto-a-mariano-castelucci-brego-por-una-renovacion-tambien-en-mercedes","status":"publish","type":"post","link":"https:\/\/www.hoymercedes.com.ar\/principal\/2014\/12\/21\/felipe-sola-junto-a-mariano-castelucci-brego-por-una-renovacion-tambien-en-mercedes\/","title":{"rendered":"Felipe Sol\u00e1 junto a Mariano Castelucci breg\u00f3 por una \u201crenovaci\u00f3n\u201d tambi\u00e9n en Mercedes"},"content":{"rendered":"<p><a href=\"https:\/\/www.hoymercedes.com.ar\/principal\/wp-content\/uploads\/2014\/12\/felipesola-marianocastelucci.jpg\"><img loading=\"lazy\" decoding=\"async\" data-attachment-id=\"38613\" data-permalink=\"https:\/\/www.hoymercedes.com.ar\/principal\/2014\/12\/21\/felipe-sola-junto-a-mariano-castelucci-brego-por-una-renovacion-tambien-en-mercedes\/felipesola-marianocastelucci\/#main\" data-orig-file=\"https:\/\/www.hoymercedes.com.ar\/principal\/wp-content\/uploads\/2014\/12\/felipesola-marianocastelucci.jpg\" data-orig-size=\"620,462\" data-comments-opened=\"1\" data-image-meta=\"{&quot;aperture&quot;:&quot;0&quot;,&quot;credit&quot;:&quot;&quot;,&quot;camera&quot;:&quot;&quot;,&quot;caption&quot;:&quot;&quot;,&quot;created_timestamp&quot;:&quot;0&quot;,&quot;copyright&quot;:&quot;&quot;,&quot;focal_length&quot;:&quot;0&quot;,&quot;iso&quot;:&quot;0&quot;,&quot;shutter_speed&quot;:&quot;0&quot;,&quot;title&quot;:&quot;&quot;,&quot;orientation&quot;:&quot;0&quot;}\" data-image-title=\"felipesola-marianocastelucci\" data-image-description=\"\" data-image-caption=\"\" data-large-file=\"https:\/\/www.hoymercedes.com.ar\/principal\/wp-content\/uploads\/2014\/12\/felipesola-marianocastelucci.jpg\" class=\"Img2014 aligncenter wp-image-38613 size-full\" title=\"Felipe Sol\u00e1 y Mariano Castelucci\" src=\"https:\/\/www.hoymercedes.com.ar\/principal\/wp-content\/uploads\/2014\/12\/felipesola-marianocastelucci.jpg\" alt=\"felipesola-marianocastelucci\" width=\"620\" height=\"462\" \/><\/a><\/p>\n<p>El pre candidato a gobernador Felipe Sol\u00e1, que integra el Frente Renovador, visit\u00f3 nuevamente Mercedes y lo hizo de la mano de Mariano Castelucci. Por cuestiones clim\u00e1ticas no pudieron hacer la recorrida planificada, pero, si atendi\u00f3 a la prensa. Tuvo definiciones fuertes, como afirmar que posiblemente Mercedes necesite una renovaci\u00f3n en su conducci\u00f3n ejecutiva.<\/p>\n<p>Felipe Sol\u00e1, que ya gobern\u00f3 la provincia, primero finalizando el mandato de Ruckauf y luego como primera figura visit\u00f3 Mercedes y dio aliento a Mariano Castelucci, quien tambi\u00e9n recientemente se junt\u00f3 con Sergio Massa.<\/p>\n<p>Sol\u00e1 dijo estar contento de volver a visitar su <em>\u201cquerida Mercedes\u201d<\/em> a la vez que coment\u00f3 <em>\u201cagradezco a Mariano la invitaci\u00f3n\u201d.<\/em><\/p>\n<p>Felipe Sol\u00e1 coment\u00f3 que no tiene dialogo \u00faltimamente con Carlos Selva mientras solicitaba que a nivel provincial las cosas deber\u00edan cambiar, <em>\u201choy la Naci\u00f3n se queda con el 70% de los ingresos y el 30% va a las provincias\u201d,<\/em> remarc\u00f3 comentando que: \u201c<em>los precios aumentan, no as\u00ed los salarios\u201d mientras que lanz\u00f3 un guio para el campo al sostener: \u201ctenemos un atraso en el tipo de cambio con problemas para el campo. El parate que hay tiene que ser modificado con actitud pol\u00edtica\u201d<\/em> afirmando que Sergio Massa es la persona indicada para ello.<\/p>\n<p>En relaci\u00f3n a Mercedes mostr\u00f3 su apoyo a la realizaci\u00f3n de internas, al rol de Mariano Castelucci y categ\u00f3ricamente sostuvo que: \u201c<em>es posible que Mercedes necesite una renovaci\u00f3n, 16 a\u00f1os para un intendente me parece un exceso\u201d<\/em> a la vez que reiter\u00f3 la idea de limitar el tiempo en cargos ejecutivos y legislativos.<\/p>\n<p>Coment\u00f3 que a Castelucci lo google\u00f3 y not\u00f3 su capacidad de acci\u00f3n y mano firme, como cuando combati\u00f3 contra un bingo y su instalaci\u00f3n en Mercedes.<\/p>\n<p>&nbsp;<\/p>\n<p>&nbsp;<\/p>\n","protected":false},"excerpt":{"rendered":"<p>El pre candidato a gobernador Felipe Sol\u00e1, que integra el Frente Renovador, visit\u00f3 nuevamente Mercedes y lo hizo de la &#8230; <a title=\"Felipe Sol\u00e1 junto a Mariano Castelucci breg\u00f3 por una \u201crenovaci\u00f3n\u201d tambi\u00e9n en Mercedes\" class=\"read-more\" href=\"https:\/\/www.hoymercedes.com.ar\/principal\/2014\/12\/21\/felipe-sola-junto-a-mariano-castelucci-brego-por-una-renovacion-tambien-en-mercedes\/\" aria-label=\"Leer m\u00e1s sobre Felipe Sol\u00e1 junto a Mariano Castelucci breg\u00f3 por una \u201crenovaci\u00f3n\u201d tambi\u00e9n en Mercedes\">Leer m\u00e1s<\/a><\/p>\n","protected":false},"author":1,"featured_media":0,"comment_status":"open","ping_status":"open","sticky":false,"template":"","format":"standard","meta":{"_monsterinsights_skip_tracking":false,"_monsterinsights_sitenote_active":false,"_monsterinsights_sitenote_note":"","_monsterinsights_sitenote_category":0,"jetpack_post_was_ever_published":false,"_jetpack_newsletter_access":"","_jetpack_dont_email_post_to_subs":false,"_jetpack_newsletter_tier_id":0,"_jetpack_memberships_contains_paywalled_content":false,"_jetpack_memberships_contains_paid_content":false,"footnotes":"","jetpack_publicize_message":"","jetpack_publicize_feature_enabled":true,"jetpack_social_post_already_shared":true,"jetpack_social_options":{"image_generator_settings":{"template":"highway","default_image_id":0,"font":"","enabled":false},"version":2},"_wpas_customize_per_network":false},"categories":[5],"tags":[6684,6685],"class_list":["post-38612","post","type-post","status-publish","format-standard","hentry","category-politica","tag-felipe-sola-y-mariano-castelucci","tag-frente-renovador-castelucci","generate-columns","tablet-grid-50","mobile-grid-100","grid-parent","grid-50"],"jetpack_publicize_connections":[],"jetpack_featured_media_url":"","wps_subtitle":"Pensando y armando para el 2015","jetpack_sharing_enabled":true,"jetpack-related-posts":[{"id":38572,"url":"https:\/\/www.hoymercedes.com.ar\/principal\/2014\/12\/19\/felipe-sola-junto-a-mariano-castelucci-recorreran-el-centro-de-mercedes\/","url_meta":{"origin":38612,"position":0},"title":"Felipe Sol\u00e1 junto a Mariano Castelucci recorrer\u00e1n el centro de Mercedes","author":"hoymercedes","date":"19 diciembre, 2014","format":false,"excerpt":"Felipe Sol\u00e1, ex gobernador de la Provincia de Buenos Aires y actual integrante del Frente Renovador, donde se sostiene es uno de los pre candidatos de dicha fuerza para retomar la conducci\u00f3n provincial estar\u00e1 \u00e9ste s\u00e1bado en Mercedes y ser\u00e1 en un encuentro junto a Mariano Castelucci, de la Agrupaci\u00f3n\u2026","rel":"","context":"En \u00abPol\u00edtica\u00bb","block_context":{"text":"Pol\u00edtica","link":"https:\/\/www.hoymercedes.com.ar\/principal\/category\/politica\/"},"img":{"alt_text":"Felipe Sol\u00e1 Frente Renovador en Mercedes ","src":"https:\/\/i0.wp.com\/www.hoymercedes.com.ar\/principal\/wp-content\/uploads\/2014\/12\/felipe-sol%C3%A1.jpg?resize=350%2C200","width":350,"height":200,"srcset":"https:\/\/i0.wp.com\/www.hoymercedes.com.ar\/principal\/wp-content\/uploads\/2014\/12\/felipe-sol%C3%A1.jpg?resize=350%2C200 1x, https:\/\/i0.wp.com\/www.hoymercedes.com.ar\/principal\/wp-content\/uploads\/2014\/12\/felipe-sol%C3%A1.jpg?resize=525%2C300 1.5x"},"classes":[]},{"id":39116,"url":"https:\/\/www.hoymercedes.com.ar\/principal\/2015\/01\/22\/castelucci-en-encuentro-de-referentes-del-frente-renovador\/","url_meta":{"origin":38612,"position":1},"title":"Castelucci en encuentro de referentes del Frente Renovador","author":"hoymercedes","date":"22 enero, 2015","format":false,"excerpt":"Mariano Castelucci volvi\u00f3 a mostrarse junto a referentes del Frente Renovador. En esta ocasi\u00f3n junto a Felipe Sol\u00e1 e intendentes y referentes que integran dicha fuerza. El pasado lunes, Mariano Castelucci fue invitado a participar de la reuni\u00f3n organizada por el Frente Renovador en la ciudad de Pilar. Estuvieron presente\u2026","rel":"","context":"En \u00abPol\u00edtica\u00bb","block_context":{"text":"Pol\u00edtica","link":"https:\/\/www.hoymercedes.com.ar\/principal\/category\/politica\/"},"img":{"alt_text":"Castelucci-Sol\u00e1-2015","src":"https:\/\/i0.wp.com\/www.hoymercedes.com.ar\/principal\/wp-content\/uploads\/2015\/01\/Castelucci-Sol%C3%A1-2015.jpg?resize=350%2C200","width":350,"height":200,"srcset":"https:\/\/i0.wp.com\/www.hoymercedes.com.ar\/principal\/wp-content\/uploads\/2015\/01\/Castelucci-Sol%C3%A1-2015.jpg?resize=350%2C200 1x, https:\/\/i0.wp.com\/www.hoymercedes.com.ar\/principal\/wp-content\/uploads\/2015\/01\/Castelucci-Sol%C3%A1-2015.jpg?resize=525%2C300 1.5x"},"classes":[]},{"id":39958,"url":"https:\/\/www.hoymercedes.com.ar\/principal\/2015\/03\/06\/mariano-castelucci-junto-a-sergio-massa-y-felipe-sola-en-expo-agro\/","url_meta":{"origin":38612,"position":2},"title":"Mariano Castelucci junto a Sergio Massa y Felipe Sol\u00e1 en Expo Agro","author":"hoymercedes","date":"6 marzo, 2015","format":false,"excerpt":"El pasado jueves, Mariano Castelucci visit\u00f3 la ExpoAgro 2015 de la localidad de Ramallo invitado por Sergio Massa y Felipe Sol\u00e1. Esta exposici\u00f3n\u00a0es una muestra agropecuaria a campo abierto que se realiza una vez por a\u00f1o durante cuatro d\u00edas en la cual un millar de stands de diferentes empresas exponen\u2026","rel":"","context":"En \u00abPol\u00edtica\u00bb","block_context":{"text":"Pol\u00edtica","link":"https:\/\/www.hoymercedes.com.ar\/principal\/category\/politica\/"},"img":{"alt_text":"Castelucci-Massa","src":"https:\/\/i0.wp.com\/www.hoymercedes.com.ar\/principal\/wp-content\/uploads\/2015\/03\/Castelucci-Massa.jpg?resize=350%2C200","width":350,"height":200,"srcset":"https:\/\/i0.wp.com\/www.hoymercedes.com.ar\/principal\/wp-content\/uploads\/2015\/03\/Castelucci-Massa.jpg?resize=350%2C200 1x, https:\/\/i0.wp.com\/www.hoymercedes.com.ar\/principal\/wp-content\/uploads\/2015\/03\/Castelucci-Massa.jpg?resize=525%2C300 1.5x"},"classes":[]},{"id":38242,"url":"https:\/\/www.hoymercedes.com.ar\/principal\/2014\/12\/06\/mariano-castelucci-junto-a-massa-en-suipacha\/","url_meta":{"origin":38612,"position":3},"title":"Mariano Castelucci junto a Massa en Suipacha","author":"hoymercedes","date":"6 diciembre, 2014","format":false,"excerpt":"El Diputado Nacional Sergio Massa estuvo en la localidad de Suipacha junto a productores rurales en el predio de la Sociedad Rural de dicha localidad. Hubo representantes del campo y autoridades y entre los hombres de la pol\u00edtica uno de los invitados fue el referente de la Agrupaci\u00f3n Arturo Jauretche\u2026","rel":"","context":"En \u00abSociedad\u00bb","block_context":{"text":"Sociedad","link":"https:\/\/www.hoymercedes.com.ar\/principal\/category\/sociedad\/"},"img":{"alt_text":"massa-castelucci","src":"https:\/\/i0.wp.com\/www.hoymercedes.com.ar\/principal\/wp-content\/uploads\/2014\/12\/massa-castelucci.jpg?resize=350%2C200","width":350,"height":200,"srcset":"https:\/\/i0.wp.com\/www.hoymercedes.com.ar\/principal\/wp-content\/uploads\/2014\/12\/massa-castelucci.jpg?resize=350%2C200 1x, https:\/\/i0.wp.com\/www.hoymercedes.com.ar\/principal\/wp-content\/uploads\/2014\/12\/massa-castelucci.jpg?resize=525%2C300 1.5x"},"classes":[]},{"id":41061,"url":"https:\/\/www.hoymercedes.com.ar\/principal\/2015\/04\/23\/castelucci-estamos-con-un-pie-afuera-y-otro-adentro-del-frente-renovador\/","url_meta":{"origin":38612,"position":4},"title":"Castelucci: \u201cestamos con un pie afuera y otro adentro del frente renovador\u201d","author":"hoymercedes","date":"23 abril, 2015","format":false,"excerpt":"El pre candidato a intendente, Mariano Castelucci, anunci\u00f3 que est\u00e1 en pleno proceso de revisi\u00f3n de su participaci\u00f3n dentro campo del Frente Renovador, done \u00e9l mismo puso que se encuentra con un \u201cpie afuera\u201d tras bajarse Felipe Sol\u00e1 de la carrera por el gobernador. El escribano y dirigente pol\u00edtico aprovech\u00f3\u2026","rel":"","context":"En \u00abPol\u00edtica\u00bb","block_context":{"text":"Pol\u00edtica","link":"https:\/\/www.hoymercedes.com.ar\/principal\/category\/politica\/"},"img":{"alt_text":"","src":"https:\/\/i0.wp.com\/www.hoymercedes.com.ar\/principal\/wp-content\/uploads\/2015\/04\/castelucci-face.jpg?resize=350%2C200&ssl=1","width":350,"height":200,"srcset":"https:\/\/i0.wp.com\/www.hoymercedes.com.ar\/principal\/wp-content\/uploads\/2015\/04\/castelucci-face.jpg?resize=350%2C200&ssl=1 1x, https:\/\/i0.wp.com\/www.hoymercedes.com.ar\/principal\/wp-content\/uploads\/2015\/04\/castelucci-face.jpg?resize=525%2C300&ssl=1 1.5x"},"classes":[]},{"id":39523,"url":"https:\/\/www.hoymercedes.com.ar\/principal\/2015\/02\/11\/mariano-castelucci-junto-a-massa-y-sola-en-mar-del-plata\/","url_meta":{"origin":38612,"position":5},"title":"Mariano Castelucci junto a Massa y Sol\u00e1 en Mar del Plata","author":"hoymercedes","date":"11 febrero, 2015","format":false,"excerpt":"El pasado s\u00e1bado 7 de febrero, Mariano Castelucci junto a los integrantes de la agrupaci\u00f3n local \"Dr. Arturo Jauretche\" , viajaron a la ciudad de Mar del Plata para concurrir al acto de lanzamiento de Felipe Sol\u00e1 como pre candidato a Gobernador de la provincia de Buenos Aires. Con remeras\u2026","rel":"","context":"En \u00abPol\u00edtica\u00bb","block_context":{"text":"Pol\u00edtica","link":"https:\/\/www.hoymercedes.com.ar\/principal\/category\/politica\/"},"img":{"alt_text":"Castelucci","src":"https:\/\/i0.wp.com\/www.hoymercedes.com.ar\/principal\/wp-content\/uploads\/2015\/02\/Castelucci.jpg?resize=350%2C200","width":350,"height":200,"srcset":"https:\/\/i0.wp.com\/www.hoymercedes.com.ar\/principal\/wp-content\/uploads\/2015\/02\/Castelucci.jpg?resize=350%2C200 1x, https:\/\/i0.wp.com\/www.hoymercedes.com.ar\/principal\/wp-content\/uploads\/2015\/02\/Castelucci.jpg?resize=525%2C300 1.5x"},"classes":[]}],"_links":{"self":[{"href":"https:\/\/www.hoymercedes.com.ar\/principal\/wp-json\/wp\/v2\/posts\/38612","targetHints":{"allow":["GET"]}}],"collection":[{"href":"https:\/\/www.hoymercedes.com.ar\/principal\/wp-json\/wp\/v2\/posts"}],"about":[{"href":"https:\/\/www.hoymercedes.com.ar\/principal\/wp-json\/wp\/v2\/types\/post"}],"author":[{"embeddable":true,"href":"https:\/\/www.hoymercedes.com.ar\/principal\/wp-json\/wp\/v2\/users\/1"}],"replies":[{"embeddable":true,"href":"https:\/\/www.hoymercedes.com.ar\/principal\/wp-json\/wp\/v2\/comments?post=38612"}],"version-history":[{"count":0,"href":"https:\/\/www.hoymercedes.com.ar\/principal\/wp-json\/wp\/v2\/posts\/38612\/revisions"}],"wp:attachment":[{"href":"https:\/\/www.hoymercedes.com.ar\/principal\/wp-json\/wp\/v2\/media?parent=38612"}],"wp:term":[{"taxonomy":"category","embeddable":true,"href":"https:\/\/www.hoymercedes.com.ar\/principal\/wp-json\/wp\/v2\/categories?post=38612"},{"taxonomy":"post_tag","embeddable":true,"href":"https:\/\/www.hoymercedes.com.ar\/principal\/wp-json\/wp\/v2\/tags?post=38612"}],"curies":[{"name":"wp","href":"https:\/\/api.w.org\/{rel}","templated":true}]}}