{"id":38618,"date":"2014-12-22T10:09:29","date_gmt":"2014-12-22T13:09:29","guid":{"rendered":"http:\/\/www.hoymercedes.com.ar\/principal\/?p=38618"},"modified":"2014-12-22T10:09:51","modified_gmt":"2014-12-22T13:09:51","slug":"ustarroz-clamo-por-una-ciudad-unida-en-encuentro-de-fin-de-ano-del-fmpv","status":"publish","type":"post","link":"https:\/\/www.hoymercedes.com.ar\/principal\/2014\/12\/22\/ustarroz-clamo-por-una-ciudad-unida-en-encuentro-de-fin-de-ano-del-fmpv\/","title":{"rendered":"Ustarroz clam\u00f3 por \u00abuna ciudad unida\u00bb en encuentro de fin de a\u00f1o del FMpV"},"content":{"rendered":"<p><a href=\"https:\/\/www.hoymercedes.com.ar\/principal\/wp-content\/uploads\/2014\/12\/ustarroz-juan-findea\u00f1o.jpg\"><img loading=\"lazy\" decoding=\"async\" data-attachment-id=\"38620\" data-permalink=\"https:\/\/www.hoymercedes.com.ar\/principal\/2014\/12\/22\/ustarroz-clamo-por-una-ciudad-unida-en-encuentro-de-fin-de-ano-del-fmpv\/ustarroz-juan-findeano-ii\/#main\" data-orig-file=\"https:\/\/www.hoymercedes.com.ar\/principal\/wp-content\/uploads\/2014\/12\/ustarroz-juan-findea\u00f1o-II.jpg\" data-orig-size=\"620,465\" data-comments-opened=\"1\" data-image-meta=\"{&quot;aperture&quot;:&quot;0&quot;,&quot;credit&quot;:&quot;&quot;,&quot;camera&quot;:&quot;&quot;,&quot;caption&quot;:&quot;&quot;,&quot;created_timestamp&quot;:&quot;0&quot;,&quot;copyright&quot;:&quot;&quot;,&quot;focal_length&quot;:&quot;0&quot;,&quot;iso&quot;:&quot;0&quot;,&quot;shutter_speed&quot;:&quot;0&quot;,&quot;title&quot;:&quot;&quot;,&quot;orientation&quot;:&quot;0&quot;}\" data-image-title=\"ustarroz-juan-findea\u00f1o-II\" data-image-description=\"\" data-image-caption=\"\" data-large-file=\"https:\/\/www.hoymercedes.com.ar\/principal\/wp-content\/uploads\/2014\/12\/ustarroz-juan-findea\u00f1o-II.jpg\" class=\"Img2014 aligncenter wp-image-38620 size-full\" title=\"Juan Ustarroz, Frente Mercedino\" src=\"https:\/\/www.hoymercedes.com.ar\/principal\/wp-content\/uploads\/2014\/12\/ustarroz-juan-findea\u00f1o-II.jpg\" alt=\"Juan Ustarroz, Frente Mercedino\" width=\"620\" height=\"465\" \/><\/a><\/p>\n<p><em><strong>El Frente Mercedino para la Victoria, encabezados por Juan Ustarroz y con la mayor\u00eda de sus dirigentes pol\u00edticos, llevo adelante el pasado viernes un multitudinario encuentro en el Club Uni\u00f3n para despedir el a\u00f1o y brindarse aliento entre los presentes para lo que ser\u00e1 el 2015.<\/strong><\/em><\/p>\n<p>Ustarroz fue el \u00fanico orador de la velada donde hubo una gran participaci\u00f3n de Mercedinos. En el escenario se lo vio acompa\u00f1ados de parte del bloque de concejales del Frente: <strong>Nela Arenillas, Mat\u00edas Dematei, Celeste Burone y Juan Pablo L\u00f3pez Baggio.<\/strong><\/p>\n<p><strong><a href=\"https:\/\/www.hoymercedes.com.ar\/principal\/wp-content\/uploads\/2014\/12\/ustarroz-juan-findea\u00f1o.jpg\"><img loading=\"lazy\" decoding=\"async\" data-attachment-id=\"38619\" data-permalink=\"https:\/\/www.hoymercedes.com.ar\/principal\/2014\/12\/22\/ustarroz-clamo-por-una-ciudad-unida-en-encuentro-de-fin-de-ano-del-fmpv\/ustarroz-juan-findeano\/#main\" data-orig-file=\"https:\/\/www.hoymercedes.com.ar\/principal\/wp-content\/uploads\/2014\/12\/ustarroz-juan-findea\u00f1o.jpg\" data-orig-size=\"620,465\" data-comments-opened=\"1\" data-image-meta=\"{&quot;aperture&quot;:&quot;0&quot;,&quot;credit&quot;:&quot;&quot;,&quot;camera&quot;:&quot;&quot;,&quot;caption&quot;:&quot;&quot;,&quot;created_timestamp&quot;:&quot;0&quot;,&quot;copyright&quot;:&quot;&quot;,&quot;focal_length&quot;:&quot;0&quot;,&quot;iso&quot;:&quot;0&quot;,&quot;shutter_speed&quot;:&quot;0&quot;,&quot;title&quot;:&quot;&quot;,&quot;orientation&quot;:&quot;0&quot;}\" data-image-title=\"ustarroz-juan-findea\u00f1o\" data-image-description=\"\" data-image-caption=\"\" data-large-file=\"https:\/\/www.hoymercedes.com.ar\/principal\/wp-content\/uploads\/2014\/12\/ustarroz-juan-findea\u00f1o.jpg\" class=\"Img2014 aligncenter wp-image-38619 size-full\" title=\"Juan Ustarroz, Frente Mercedino\" src=\"https:\/\/www.hoymercedes.com.ar\/principal\/wp-content\/uploads\/2014\/12\/ustarroz-juan-findea\u00f1o.jpg\" alt=\"ustarroz-juan-findea\u00f1o\" width=\"620\" height=\"465\" \/><\/a><\/strong><\/p>\n<p>Hubo representaciones de clubes, instituciones sociales, Veteranos de Malvinas, comerciantes, sociedades de fomentos y los legisladores <strong>Eduardo De Pedro y Alberto Espa\u00f1a.<\/strong><\/p>\n<p>Ustarroz pidi\u00f3 por \u201cconstruir una ciudad unida\u201d a la vez que solicit\u00f3: \u201cse siga trabajando en militancia, sum\u00e1ndose\u201d a la propuesta que est\u00e1 llevando adelante.<\/p>\n<p>Se estima m\u00e1s de 1200 mercedinos fueron parte de la cena en la noche del Club Uni\u00f3n.<\/p>\n<p><span style=\"color: #808080;\">Fotos: Facebook Juan Ustarroz<\/span><\/p>\n<p>&nbsp;<\/p>\n","protected":false},"excerpt":{"rendered":"<p>El Frente Mercedino para la Victoria, encabezados por Juan Ustarroz y con la mayor\u00eda de sus dirigentes pol\u00edticos, llevo adelante &#8230; <a title=\"Ustarroz clam\u00f3 por \u00abuna ciudad unida\u00bb en encuentro de fin de a\u00f1o del FMpV\" class=\"read-more\" href=\"https:\/\/www.hoymercedes.com.ar\/principal\/2014\/12\/22\/ustarroz-clamo-por-una-ciudad-unida-en-encuentro-de-fin-de-ano-del-fmpv\/\" aria-label=\"Leer m\u00e1s sobre Ustarroz clam\u00f3 por \u00abuna ciudad unida\u00bb en encuentro de fin de a\u00f1o del FMpV\">Leer m\u00e1s<\/a><\/p>\n","protected":false},"author":1,"featured_media":0,"comment_status":"open","ping_status":"open","sticky":false,"template":"","format":"standard","meta":{"_monsterinsights_skip_tracking":false,"_monsterinsights_sitenote_active":false,"_monsterinsights_sitenote_note":"","_monsterinsights_sitenote_category":0,"jetpack_post_was_ever_published":false,"_jetpack_newsletter_access":"","_jetpack_dont_email_post_to_subs":false,"_jetpack_newsletter_tier_id":0,"_jetpack_memberships_contains_paywalled_content":false,"_jetpack_memberships_contains_paid_content":false,"footnotes":"","jetpack_publicize_message":"","jetpack_publicize_feature_enabled":true,"jetpack_social_post_already_shared":true,"jetpack_social_options":{"image_generator_settings":{"template":"highway","default_image_id":0,"font":"","enabled":false},"version":2},"_wpas_customize_per_network":false},"categories":[8],"tags":[1007,585,6687],"class_list":["post-38618","post","type-post","status-publish","format-standard","hentry","category-sociedad","tag-frente-mercedino","tag-juan-ustarroz","tag-multitudinario-acto-frente-mercedino","generate-columns","tablet-grid-50","mobile-grid-100","grid-parent","grid-50"],"jetpack_publicize_connections":[],"jetpack_featured_media_url":"","wps_subtitle":"Pensando en 2015","jetpack_sharing_enabled":true,"_links":{"self":[{"href":"https:\/\/www.hoymercedes.com.ar\/principal\/wp-json\/wp\/v2\/posts\/38618","targetHints":{"allow":["GET"]}}],"collection":[{"href":"https:\/\/www.hoymercedes.com.ar\/principal\/wp-json\/wp\/v2\/posts"}],"about":[{"href":"https:\/\/www.hoymercedes.com.ar\/principal\/wp-json\/wp\/v2\/types\/post"}],"author":[{"embeddable":true,"href":"https:\/\/www.hoymercedes.com.ar\/principal\/wp-json\/wp\/v2\/users\/1"}],"replies":[{"embeddable":true,"href":"https:\/\/www.hoymercedes.com.ar\/principal\/wp-json\/wp\/v2\/comments?post=38618"}],"version-history":[{"count":0,"href":"https:\/\/www.hoymercedes.com.ar\/principal\/wp-json\/wp\/v2\/posts\/38618\/revisions"}],"wp:attachment":[{"href":"https:\/\/www.hoymercedes.com.ar\/principal\/wp-json\/wp\/v2\/media?parent=38618"}],"wp:term":[{"taxonomy":"category","embeddable":true,"href":"https:\/\/www.hoymercedes.com.ar\/principal\/wp-json\/wp\/v2\/categories?post=38618"},{"taxonomy":"post_tag","embeddable":true,"href":"https:\/\/www.hoymercedes.com.ar\/principal\/wp-json\/wp\/v2\/tags?post=38618"}],"curies":[{"name":"wp","href":"https:\/\/api.w.org\/{rel}","templated":true}]}}