{"id":3864,"date":"2011-04-30T04:03:26","date_gmt":"2011-04-30T04:03:26","guid":{"rendered":"http:\/\/www.hoymercedes.com.ar\/principal\/?p=3864"},"modified":"2011-04-30T04:03:26","modified_gmt":"2011-04-30T04:03:26","slug":"emotiva-representacion-de-%e2%80%9cla-pasion%e2%80%9d-por-parte-de-internos-de-la-unidad-penal-5","status":"publish","type":"post","link":"https:\/\/www.hoymercedes.com.ar\/principal\/2011\/04\/30\/emotiva-representacion-de-%e2%80%9cla-pasion%e2%80%9d-por-parte-de-internos-de-la-unidad-penal-5\/","title":{"rendered":"Emotiva representaci\u00f3n de \u201cLa Pasi\u00f3n\u201d por parte de internos de la Unidad Penal 5"},"content":{"rendered":"<p>Fue este jueves en el ex Teatro Argentino, ante familiares, autoridades penitenciarias y judiciales y p\u00fablico en general. \u201cEste tipo de trabajos van a seguir\u201d, anticip\u00f3 Hugo Salvo, uno de los coordinadores del grupo teatral.<\/p>\n<p>Los internos de la Unidad Penal N\u00ba 5 que integran el grupo de teatro cat\u00f3lico \u201cCeferino Namuncur\u00e1\u201d pusieron en escena la obra \u201cLa Pasi\u00f3n\u201d, en el ex Teatro Argentino, y recibieron, este jueves, muchos aplausos y el reconocimiento de todos los que colmaron la sala. Fue una emotiva noche, este jueves, que sirvi\u00f3 para que representaran por primera vez fuera de las rejas esta obra, referida a los acontecimientos de la Semana Santa en la vida de Jes\u00fas, dirigidos por los catequistas Susana Montenegro, Hugo Salvo y Marta Varela, y la Pastoral Penitenciaria.<\/p>\n<div aling=\"center>\n<a href=\"https:\/\/www.hoymercedes.com.ar\/principal\/wp-content\/uploads\/2011\/04\/up5pasion001jpg.jpg\"><img loading=\"lazy\" decoding=\"async\" data-attachment-id=\"3866\" data-permalink=\"https:\/\/www.hoymercedes.com.ar\/principal\/2011\/04\/30\/emotiva-representacion-de-%e2%80%9cla-pasion%e2%80%9d-por-parte-de-internos-de-la-unidad-penal-5\/up5pasion001jpg\/#main\" data-orig-file=\"https:\/\/www.hoymercedes.com.ar\/principal\/wp-content\/uploads\/2011\/04\/up5pasion001jpg.jpg\" data-orig-size=\"512,384\" data-comments-opened=\"1\" data-image-meta=\"{&quot;aperture&quot;:&quot;3.1&quot;,&quot;credit&quot;:&quot;&quot;,&quot;camera&quot;:&quot;DSC-S2100&quot;,&quot;caption&quot;:&quot;&quot;,&quot;created_timestamp&quot;:&quot;1304022686&quot;,&quot;copyright&quot;:&quot;&quot;,&quot;focal_length&quot;:&quot;6.2&quot;,&quot;iso&quot;:&quot;400&quot;,&quot;shutter_speed&quot;:&quot;0.2&quot;,&quot;title&quot;:&quot;&quot;}\" data-image-title=\"up5pasion001jpg\" data-image-description=\"\" data-image-caption=\"\" data-large-file=\"https:\/\/www.hoymercedes.com.ar\/principal\/wp-content\/uploads\/2011\/04\/up5pasion001jpg.jpg\" class=\"aligncenter size-full wp-image-3866\" title=\"up5pasion001jpg\" src=\"https:\/\/www.hoymercedes.com.ar\/principal\/wp-content\/uploads\/2011\/04\/up5pasion001jpg.jpg\" alt=\"\" width=\"512\" height=\"384\" \/><\/a>\n<\/div>\n<p>En esta oportunidad la emoci\u00f3n constante entre los presentes se not\u00f3 a lo largo de la presentaci\u00f3n. Con cambios de vestuarios, distintas escenas fueron llevando desde el lavado de pies de Jes\u00fas a sus Ap\u00f3steles, pasando por la \u00faltima cena, la entrega de Judas, la sentencia de Poncio Pilatos, la coronaci\u00f3n de espinas, las burlas y torturas de los romanos, hasta la crucifixi\u00f3n, muerte y resurrecci\u00f3n, todo representado con mucho respeto y profesionalismo. La musicalizaci\u00f3n fue acorde a cada momento y los 15 actores y una voz en off contaban el resto de la historia.<\/p>\n<div aling=\"center>\n<a href=\"https:\/\/www.hoymercedes.com.ar\/principal\/wp-content\/uploads\/2011\/04\/up5pasion002.jpg\"><img loading=\"lazy\" decoding=\"async\" data-attachment-id=\"3866\" data-permalink=\"https:\/\/www.hoymercedes.com.ar\/principal\/2011\/04\/30\/emotiva-representacion-de-%e2%80%9cla-pasion%e2%80%9d-por-parte-de-internos-de-la-unidad-penal-5\/up5pasion001jpg\/#main\" data-orig-file=\"https:\/\/www.hoymercedes.com.ar\/principal\/wp-content\/uploads\/2011\/04\/up5pasion001jpg.jpg\" data-orig-size=\"512,384\" data-comments-opened=\"1\" data-image-meta=\"{&quot;aperture&quot;:&quot;3.1&quot;,&quot;credit&quot;:&quot;&quot;,&quot;camera&quot;:&quot;DSC-S2100&quot;,&quot;caption&quot;:&quot;&quot;,&quot;created_timestamp&quot;:&quot;1304022686&quot;,&quot;copyright&quot;:&quot;&quot;,&quot;focal_length&quot;:&quot;6.2&quot;,&quot;iso&quot;:&quot;400&quot;,&quot;shutter_speed&quot;:&quot;0.2&quot;,&quot;title&quot;:&quot;&quot;}\" data-image-title=\"up5pasion001jpg\" data-image-description=\"\" data-image-caption=\"\" data-large-file=\"https:\/\/www.hoymercedes.com.ar\/principal\/wp-content\/uploads\/2011\/04\/up5pasion001jpg.jpg\" class=\"aligncenter size-full wp-image-3866\" title=\"up5pasion001jpg\" src=\"https:\/\/www.hoymercedes.com.ar\/principal\/wp-content\/uploads\/2011\/04\/up5pasion002.jpg\" alt=\"\" width=\"512\" height=\"384\" \/><\/a>\n<\/div>\n<p>Un dato de color fue que la noche anterior obtuvo la libertad uno de los actores y estuvo junto a los dem\u00e1s, en un gesto solidario y de gran responsabilidad.<\/p>\n<p>&nbsp;<\/p>\n<p>Estuvieron presentes en la funci\u00f3n entre el p\u00fablico el Juez de Ejecuci\u00f3n N\u00b0 2 doctor Ricardo Oliveira Bucarini; las juezas de los Correccionales N\u00b0 2 y N\u00b0 4, doctora Teresa Bomagio y doctora Gisela Selva; el Juez del Tribunal Criminal N\u00b0 1, doctor Eduardo Cost\u00edas; la Secretaria del Juzgado de Ejecuci\u00f3n N\u00b0 1 doctora Luc\u00eda Girard; el Jefe de Complejo Norte Inspector Mayor Rafael Barbatto; el Director de la Unidad 5 Prefecto Mayor Meliton Gines; los Subdirectores de Seguridad y de Asistencia y Tratamiento Prefecto Prefectos Julio Cesar Weimann y Miguel Magdalena; personal de la Unidad, Seminaristas, de Pastoral Penitenciaria, familiares de los actores, representantes de Caritas y p\u00fablico en general.<\/p>\n<div aling=\"center>\n<a href=\"https:\/\/www.hoymercedes.com.ar\/principal\/wp-content\/uploads\/2011\/04\/up5pasion003.jpg\"><img loading=\"lazy\" decoding=\"async\" data-attachment-id=\"3866\" data-permalink=\"https:\/\/www.hoymercedes.com.ar\/principal\/2011\/04\/30\/emotiva-representacion-de-%e2%80%9cla-pasion%e2%80%9d-por-parte-de-internos-de-la-unidad-penal-5\/up5pasion001jpg\/#main\" data-orig-file=\"https:\/\/www.hoymercedes.com.ar\/principal\/wp-content\/uploads\/2011\/04\/up5pasion001jpg.jpg\" data-orig-size=\"512,384\" data-comments-opened=\"1\" data-image-meta=\"{&quot;aperture&quot;:&quot;3.1&quot;,&quot;credit&quot;:&quot;&quot;,&quot;camera&quot;:&quot;DSC-S2100&quot;,&quot;caption&quot;:&quot;&quot;,&quot;created_timestamp&quot;:&quot;1304022686&quot;,&quot;copyright&quot;:&quot;&quot;,&quot;focal_length&quot;:&quot;6.2&quot;,&quot;iso&quot;:&quot;400&quot;,&quot;shutter_speed&quot;:&quot;0.2&quot;,&quot;title&quot;:&quot;&quot;}\" data-image-title=\"up5pasion001jpg\" data-image-description=\"\" data-image-caption=\"\" data-large-file=\"https:\/\/www.hoymercedes.com.ar\/principal\/wp-content\/uploads\/2011\/04\/up5pasion001jpg.jpg\" class=\"aligncenter size-full wp-image-3866\" title=\"up5pasion001jpg\" src=\"https:\/\/www.hoymercedes.com.ar\/principal\/wp-content\/uploads\/2011\/04\/up5pasion003.jpg\" alt=\"\" width=\"512\" height=\"384\" \/><\/a>\n<\/div>\n<p>La entrada fue libre y gratuita, pero se ped\u00eda al que pudiera hacerlo que lleve un alimento no perecedero, por lo que se recaud\u00f3 una importante cantidad de mercader\u00eda que fue destinada para Caritas de la Parroquia San Jos\u00e9, cuyos representantes mostraron su agradecimiento.<\/p>\n<p>&nbsp;<\/p>\n<p>En la entrada, adem\u00e1s, hubo un stand de la asociaci\u00f3n civil \u201cTe acompa\u00f1amos\u201d que, creada por estos d\u00edas, busca colaborar con la inserci\u00f3n en la sociedad de los que son liberados y de esta manera intentar bajar el \u00edndice delictivo y la reincidencia. Desde esta asociaci\u00f3n, continuaron la campa\u00f1a de socios. Su presidente, el liberado Walter Flores, coment\u00f3 al cierre de la representaci\u00f3n, y mientras esperaba como todos poder saludar a los actores antes de que estos sean llevados nuevamente a la Unidad Penal: \u201cCreo que esto es un esfuerzo conjunto. Como liberado y responsable de este proyecto que estamos elaborando con la asociaci\u00f3n civil estoy y apoyo. Esto es muy importante, es abrir a la sociedad los corazones, la mente, ya que aunque est\u00e9n presos muchos pueden hacer cosas muy lindas y darlas a conocer. Yo hice teatro y uno mientras ensaya y se prepara se olvida de su situaci\u00f3n como preso, eso no tiene explicaci\u00f3n, hay que vivirlo para sentirlo\u201d. En tanto, sobre su actividad como presidente de \u201cTe acompa\u00f1amos\u201d, indic\u00f3: \u201cCada vez hay m\u00e1s gente que toma conocimiento de este proyecto, que est\u00e1 bueno, hace falta mucho trabajo, nos va a costar pero vamos a poder\u201d.<\/p>\n<div aling=\"center>\n<a href=\"https:\/\/www.hoymercedes.com.ar\/principal\/wp-content\/uploads\/2011\/04\/up5pasion004.jpg\"><img loading=\"lazy\" decoding=\"async\" data-attachment-id=\"3866\" data-permalink=\"https:\/\/www.hoymercedes.com.ar\/principal\/2011\/04\/30\/emotiva-representacion-de-%e2%80%9cla-pasion%e2%80%9d-por-parte-de-internos-de-la-unidad-penal-5\/up5pasion001jpg\/#main\" data-orig-file=\"https:\/\/www.hoymercedes.com.ar\/principal\/wp-content\/uploads\/2011\/04\/up5pasion001jpg.jpg\" data-orig-size=\"512,384\" data-comments-opened=\"1\" data-image-meta=\"{&quot;aperture&quot;:&quot;3.1&quot;,&quot;credit&quot;:&quot;&quot;,&quot;camera&quot;:&quot;DSC-S2100&quot;,&quot;caption&quot;:&quot;&quot;,&quot;created_timestamp&quot;:&quot;1304022686&quot;,&quot;copyright&quot;:&quot;&quot;,&quot;focal_length&quot;:&quot;6.2&quot;,&quot;iso&quot;:&quot;400&quot;,&quot;shutter_speed&quot;:&quot;0.2&quot;,&quot;title&quot;:&quot;&quot;}\" data-image-title=\"up5pasion001jpg\" data-image-description=\"\" data-image-caption=\"\" data-large-file=\"https:\/\/www.hoymercedes.com.ar\/principal\/wp-content\/uploads\/2011\/04\/up5pasion001jpg.jpg\" class=\"aligncenter size-full wp-image-3866\" title=\"up5pasion001jpg\" src=\"https:\/\/www.hoymercedes.com.ar\/principal\/wp-content\/uploads\/2011\/04\/up5pasion004.jpg\" alt=\"\" width=\"512\" height=\"384\" \/><\/a>\n<\/div>\n<p>Por su parte, el Director de la Unidad 5 Prefecto Mayor Meliton Gines tambi\u00e9n mostr\u00f3 su satisfacci\u00f3n: \u201cEste es el trabajo que nos ata\u00f1e como penitenciarios, brindando un espect\u00e1culo y ver que quienes est\u00e1n en las unidades se van preparando para egresar, estar en libertad o salir. Esto demuestra la actividad que tienen a diario, en este caso representados por un grupo de internos. Este tipo de trabajos se viene realizando hace rato, en este caso con los catequistas, y es muy bueno. La gente concurri\u00f3 y esperamos seguir adelante con esto. La funci\u00f3n del penitenciario es trabajar con los presos desde el punto de vista humanista y esto que vimos hoy nos permite reflexionar\u201d, dijo.<\/p>\n<p>&nbsp;<\/p>\n<p>Por \u00faltimo, Hugo Salvo, uno de los coordinadores, remarc\u00f3 que fue importante formar un grupo: \u201cConvivieron durante 4 meses, fueron venciendo actitudes negativas. Es dif\u00edcil presentarse ante el p\u00fablico y luego volver a la Unidad. Pero dejaron todo de lado, pusieron todo en manos de Dios y muchos han ofrecido esta obra por familiares enfermos o necesitados. Vamos a seguir trabajando, se puede, toda persona tiene derecho a cambiar y debe tener gente que lo pueda guiar sobre todo en el amor, que es la base. Pensamos que este tipo de trabajos van a seguir y agradezco mucho a la Jefatura, ya que cumplieron con su palabra, cuando los jefes nos dijeron que \u00edbamos a poder representar fuera del penal como nos hab\u00edan prometido el a\u00f1o anterior\u201d.<\/p>\n<p>&nbsp;<\/p>\n<p>Impactante, hacia el final, fue ver c\u00f3mo los actores bajaron las escalinatas custodiados por los agentes del Servicio Penitenciario, esposados, recibiendo una vez m\u00e1s el aplauso c\u00e1lido y el apoyo de familiares y p\u00fablico que hab\u00eda visto la obra, antes de ser subidos a los m\u00f3viles que los trasladar\u00edan nuevamente al Penal, tras las rejas.<\/p>\n<p>&nbsp;<br \/>\nAsoc. Civil \u00abTe acompa\u00f1amos\u00bb<\/p>\n","protected":false},"excerpt":{"rendered":"<p>Fue este jueves en el ex Teatro Argentino, ante familiares, autoridades penitenciarias y judiciales y p\u00fablico en general. \u201cEste tipo &#8230; <a title=\"Emotiva representaci\u00f3n de \u201cLa Pasi\u00f3n\u201d por parte de internos de la Unidad Penal 5\" class=\"read-more\" href=\"https:\/\/www.hoymercedes.com.ar\/principal\/2011\/04\/30\/emotiva-representacion-de-%e2%80%9cla-pasion%e2%80%9d-por-parte-de-internos-de-la-unidad-penal-5\/\" aria-label=\"Leer m\u00e1s sobre Emotiva representaci\u00f3n de \u201cLa Pasi\u00f3n\u201d por parte de internos de la Unidad Penal 5\">Leer m\u00e1s<\/a><\/p>\n","protected":false},"author":1,"featured_media":0,"comment_status":"open","ping_status":"open","sticky":false,"template":"","format":"standard","meta":{"_monsterinsights_skip_tracking":false,"_monsterinsights_sitenote_active":false,"_monsterinsights_sitenote_note":"","_monsterinsights_sitenote_category":0,"jetpack_post_was_ever_published":false,"_jetpack_newsletter_access":"","_jetpack_dont_email_post_to_subs":false,"_jetpack_newsletter_tier_id":0,"_jetpack_memberships_contains_paywalled_content":false,"_jetpack_memberships_contains_paid_content":false,"footnotes":"","jetpack_publicize_message":"","jetpack_publicize_feature_enabled":true,"jetpack_social_post_already_shared":false,"jetpack_social_options":{"image_generator_settings":{"template":"highway","default_image_id":0,"font":"","enabled":false},"version":2},"_wpas_customize_per_network":false},"categories":[8],"tags":[748,715,113],"class_list":["post-3864","post","type-post","status-publish","format-standard","hentry","category-sociedad","tag-asoc-civil-te-acompanamos","tag-la-pasion","tag-unidad-5","generate-columns","tablet-grid-50","mobile-grid-100","grid-parent","grid-50"],"jetpack_publicize_connections":[],"jetpack_featured_media_url":"","wps_subtitle":"","jetpack_sharing_enabled":true,"_links":{"self":[{"href":"https:\/\/www.hoymercedes.com.ar\/principal\/wp-json\/wp\/v2\/posts\/3864","targetHints":{"allow":["GET"]}}],"collection":[{"href":"https:\/\/www.hoymercedes.com.ar\/principal\/wp-json\/wp\/v2\/posts"}],"about":[{"href":"https:\/\/www.hoymercedes.com.ar\/principal\/wp-json\/wp\/v2\/types\/post"}],"author":[{"embeddable":true,"href":"https:\/\/www.hoymercedes.com.ar\/principal\/wp-json\/wp\/v2\/users\/1"}],"replies":[{"embeddable":true,"href":"https:\/\/www.hoymercedes.com.ar\/principal\/wp-json\/wp\/v2\/comments?post=3864"}],"version-history":[{"count":0,"href":"https:\/\/www.hoymercedes.com.ar\/principal\/wp-json\/wp\/v2\/posts\/3864\/revisions"}],"wp:attachment":[{"href":"https:\/\/www.hoymercedes.com.ar\/principal\/wp-json\/wp\/v2\/media?parent=3864"}],"wp:term":[{"taxonomy":"category","embeddable":true,"href":"https:\/\/www.hoymercedes.com.ar\/principal\/wp-json\/wp\/v2\/categories?post=3864"},{"taxonomy":"post_tag","embeddable":true,"href":"https:\/\/www.hoymercedes.com.ar\/principal\/wp-json\/wp\/v2\/tags?post=3864"}],"curies":[{"name":"wp","href":"https:\/\/api.w.org\/{rel}","templated":true}]}}