{"id":38642,"date":"2014-12-23T22:03:43","date_gmt":"2014-12-24T01:03:43","guid":{"rendered":"http:\/\/www.hoymercedes.com.ar\/principal\/?p=38642"},"modified":"2014-12-23T22:04:37","modified_gmt":"2014-12-24T01:04:37","slug":"nacion-invertira-40-millones-en-diversas-obras-en-mercedes","status":"publish","type":"post","link":"https:\/\/www.hoymercedes.com.ar\/principal\/2014\/12\/23\/nacion-invertira-40-millones-en-diversas-obras-en-mercedes\/","title":{"rendered":"Naci\u00f3n invertir\u00e1 40 millones en diversas obras en Mercedes"},"content":{"rendered":"<p><a href=\"https:\/\/www.hoymercedes.com.ar\/principal\/wp-content\/uploads\/2014\/12\/wado-selva-espa\u00f1a-ustarroz-devido.jpg\"><img loading=\"lazy\" decoding=\"async\" data-attachment-id=\"38643\" data-permalink=\"https:\/\/www.hoymercedes.com.ar\/principal\/2014\/12\/23\/nacion-invertira-40-millones-en-diversas-obras-en-mercedes\/wado-selva-espana-ustarroz-devido\/#main\" data-orig-file=\"https:\/\/www.hoymercedes.com.ar\/principal\/wp-content\/uploads\/2014\/12\/wado-selva-espa\u00f1a-ustarroz-devido.jpg\" data-orig-size=\"620,414\" data-comments-opened=\"1\" data-image-meta=\"{&quot;aperture&quot;:&quot;0&quot;,&quot;credit&quot;:&quot;&quot;,&quot;camera&quot;:&quot;&quot;,&quot;caption&quot;:&quot;&quot;,&quot;created_timestamp&quot;:&quot;0&quot;,&quot;copyright&quot;:&quot;&quot;,&quot;focal_length&quot;:&quot;0&quot;,&quot;iso&quot;:&quot;0&quot;,&quot;shutter_speed&quot;:&quot;0&quot;,&quot;title&quot;:&quot;&quot;,&quot;orientation&quot;:&quot;0&quot;}\" data-image-title=\"wado-selva-espa\u00f1a-ustarroz-devido\" data-image-description=\"\" data-image-caption=\"\" data-large-file=\"https:\/\/www.hoymercedes.com.ar\/principal\/wp-content\/uploads\/2014\/12\/wado-selva-espa\u00f1a-ustarroz-devido.jpg\" class=\"Img2014 aligncenter wp-image-38643 size-full\" title=\"Wado de Pedro, Carlos Selva, Alberto Espa\u00f1a, Juan Ustarr\u00f3z, Julio De Vido\" src=\"https:\/\/www.hoymercedes.com.ar\/principal\/wp-content\/uploads\/2014\/12\/wado-selva-espa\u00f1a-ustarroz-devido.jpg\" alt=\"wado-selva-espa\u00f1a-ustarroz-devido\" width=\"620\" height=\"414\" \/><\/a><\/p>\n<p><em><strong>(FM) El gobierno nacional, a trav\u00e9s del Ministerio de Planificaci\u00f3n Federal, Inversi\u00f3n P\u00fablica y Servicios, invertir\u00e1 m\u00e1s de 40 millones de pesos en asfalto de calles, construcci\u00f3n de SUM barriales y mejoras en el Polideportivo CEF 40, obras acordadas tiempo atr\u00e1s entre el titular de la cartera, Julio de Vido, y el intendente de nuestra ciudad, Carlos Selva, tras gestiones realizadas por los principales referentes del Frente Mercedino para la Victoria.<\/strong><\/em><\/p>\n<p>\u201cNos da much\u00edsima satisfacci\u00f3n haber podido generar este encuentro entre el ministro De Vido y el intendente de nuestra ciudad; y nos da mucha alegr\u00eda el anuncio de una inversi\u00f3n tan importante para distintas obras que se necesitan\u201d, asegur\u00f3 el presidente del bloque de concejales del Frente Mercedino para la Victoria, Juan Ignacio Ustarroz.<\/p>\n<p>\u201cTanto desde el Estado nacional como desde el Estado provincial han enviado recursos e inversiones permanentes para Mercedes, como los ejemplos recientes del colegio Industrial, la obra de gas, la iluminaci\u00f3n del cruce de rutas o la construcci\u00f3n del nuevo edificio del Centro de Formaci\u00f3n Laboral n\u00famero 1, y ahora se apuntar\u00e1 a otros cuatro puntos espec\u00edficos que fueron consensuados con el intendente\u201d, agreg\u00f3 Ustarroz.<\/p>\n<p>A la espera de la documentaci\u00f3n faltante que debe enviar el intendente (los expedientes ya est\u00e1n iniciados), las obras anunciadas son:<\/p>\n<p>Pavimentaci\u00f3n de avenida San Mart\u00edn entre 2 y 12. Pavimentaci\u00f3n de calle 42 entre 15 y 29 ($ 10 millones).<\/p>\n<p>Pavimentaciones barriales flexibles ($ 4.662.000).<\/p>\n<p>Construcci\u00f3n tribuna, vestuarios y ba\u00f1os CEF 40 ($ 20.760.000).<\/p>\n<p>Construcci\u00f3n Sal\u00f3n de Usos M\u00faltiples barriales ($ 5.138.000).<\/p>\n<p>La reuni\u00f3n con Selva se gest\u00f3 en ocasi\u00f3n de la visita que hizo De Vido a Mercedes, el pasado 17 de octubre, para anunciar una fuerte inversi\u00f3n en el Hospital Blas Dubarry.<\/p>\n<p>Aquella vez, el ministro \u2013junto con el diputado nacional Eduardo de Pedro y el presidente del bloque de concejales del Frente Mercedino para la Victoria, Juan Ignacio Ustarroz-, pas\u00f3 por el despacho del intendente, quien estaba de viaje en Punta del Este, y fue recibido por otros funcionarios municipales, entre ellos el secretario de Gobierno, Sergio L\u00f3pez y los ediles Sabrina Selva y Carlos Milhomme (titular de la bancada oficialista).<\/p>\n<p>All\u00ed mismo, a trav\u00e9s de una comunicaci\u00f3n telef\u00f3nica facilitada por \u2018Wado\u2019 de Pedro, el ministro y el intendente coordinaron un encuentro. Finalmente, el diputado nacional y Ustarroz acompa\u00f1aron a Selva a la reuni\u00f3n con De Vido el lunes 27 de octubre.<\/p>\n<p>Aquel 17 de octubre, De Vido llegaba de un viaje a la Guayana Francesa, donde hab\u00eda participado del hist\u00f3rico lanzamiento del primer sat\u00e9lite argentino geoestacionario (Arsat-1, el primer pa\u00eds latinoamericano y el octavo del mundo); y record\u00f3 el \u201cpermanente compromiso\u201d del gobierno nacional con el crecimiento de Mercedes, al enumerar una serie de grandes inversiones que llegaron a la ciudad en los \u00faltimos a\u00f1os.<\/p>\n<p>\u201cFue una reuni\u00f3n muy productiva y nos da mucha alegr\u00eda poder aportar, desde nuestro lugar, para que sigan llegando obras a nuestra ciudad\u201d, dijo entonces \u2018Juani\u2019 Ustarroz.<\/p>\n<p><strong>TR\u00c1MITES MUNICIALES<\/strong><\/p>\n<p>Para el comienzo de las obras, sin embargo, resta un paso importante: aunque ya se iniciaron todas las carpetas, el municipio \u2013a m\u00e1s de un mes y medio de concretado el encuentro con De Vido- no ha enviado todav\u00eda toda la documentaci\u00f3n necesaria.<\/p>\n<p>\u201cBuscaremos ponernos en contacto con el intendente para que complete cuanto antes los pasos que se requieren \u2013adelant\u00f3 Ustarroz-. Las gestiones deben hacerse en tiempo y forma porque si no son oportunidades que se desaprovechan, y ac\u00e1 lo importante es que las obras lleguen para todos los vecinos, buscar siempre mejorar nuestra ciudad\u201d.<\/p>\n<p>Fuente: Frente Mercedino para la Victoria<\/p>\n","protected":false},"excerpt":{"rendered":"<p>(FM) El gobierno nacional, a trav\u00e9s del Ministerio de Planificaci\u00f3n Federal, Inversi\u00f3n P\u00fablica y Servicios, invertir\u00e1 m\u00e1s de 40 millones &#8230; <a title=\"Naci\u00f3n invertir\u00e1 40 millones en diversas obras en Mercedes\" class=\"read-more\" href=\"https:\/\/www.hoymercedes.com.ar\/principal\/2014\/12\/23\/nacion-invertira-40-millones-en-diversas-obras-en-mercedes\/\" aria-label=\"Leer m\u00e1s sobre Naci\u00f3n invertir\u00e1 40 millones en diversas obras en Mercedes\">Leer m\u00e1s<\/a><\/p>\n","protected":false},"author":1,"featured_media":0,"comment_status":"open","ping_status":"open","sticky":false,"template":"","format":"standard","meta":{"_monsterinsights_skip_tracking":false,"_monsterinsights_sitenote_active":false,"_monsterinsights_sitenote_note":"","_monsterinsights_sitenote_category":0,"jetpack_post_was_ever_published":false,"_jetpack_newsletter_access":"","_jetpack_dont_email_post_to_subs":false,"_jetpack_newsletter_tier_id":0,"_jetpack_memberships_contains_paywalled_content":false,"_jetpack_memberships_contains_paid_content":false,"footnotes":"","jetpack_publicize_message":"","jetpack_publicize_feature_enabled":true,"jetpack_social_post_already_shared":true,"jetpack_social_options":{"image_generator_settings":{"template":"highway","default_image_id":0,"font":"","enabled":false},"version":2},"_wpas_customize_per_network":false},"categories":[5],"tags":[2687,39,585,6220,6693,281],"class_list":["post-38642","post","type-post","status-publish","format-standard","hentry","category-politica","tag-alberto-espana","tag-carlos-selva","tag-juan-ustarroz","tag-julio-de-vido","tag-obras-gobierno-nacional-mercedes","tag-wado-de-pedro","generate-columns","tablet-grid-50","mobile-grid-100","grid-parent","grid-50"],"jetpack_publicize_connections":[],"jetpack_featured_media_url":"","wps_subtitle":"Pensando en 2015","jetpack_sharing_enabled":true,"jetpack-related-posts":[{"id":37238,"url":"https:\/\/www.hoymercedes.com.ar\/principal\/2014\/10\/27\/selva-ustarroz-y-de-pedro-junto-a-de-vido-en-ministerio-de-planificacion\/","url_meta":{"origin":38642,"position":0},"title":"Selva, Ustarroz y De Pedro junto a De Vido en Ministerio de Planificaci\u00f3n","author":"hoymercedes","date":"27 octubre, 2014","format":false,"excerpt":"(FM) El ministro de Planificaci\u00f3n Federal, Inversi\u00f3n P\u00fablica y Servicios de la Naci\u00f3n, Julio de Vido; y tras gestiones realizadas por el diputado nacional Eduardo de Pedro y el presidente del bloque de concejales del Frente Mercedino para la Victoria, Juan Ignacio Ustarroz; recibi\u00f3 hoy en su despacho al intendente\u2026","rel":"","context":"En \u00abPol\u00edtica\u00bb","block_context":{"text":"Pol\u00edtica","link":"https:\/\/www.hoymercedes.com.ar\/principal\/category\/politica\/"},"img":{"alt_text":"selva-depedro-ustarroz-devido","src":"https:\/\/i0.wp.com\/www.hoymercedes.com.ar\/principal\/wp-content\/uploads\/2014\/10\/selva-depedro-ustarroz-devido.jpg?resize=350%2C200","width":350,"height":200,"srcset":"https:\/\/i0.wp.com\/www.hoymercedes.com.ar\/principal\/wp-content\/uploads\/2014\/10\/selva-depedro-ustarroz-devido.jpg?resize=350%2C200 1x, https:\/\/i0.wp.com\/www.hoymercedes.com.ar\/principal\/wp-content\/uploads\/2014\/10\/selva-depedro-ustarroz-devido.jpg?resize=525%2C300 1.5x"},"classes":[]},{"id":37166,"url":"https:\/\/www.hoymercedes.com.ar\/principal\/2014\/10\/26\/de-pedro-selva-y-ustarroz-se-reuniran-este-lunes-con-de-video\/","url_meta":{"origin":38642,"position":1},"title":"De Pedro, Selva y Ustarroz se reunir\u00e1n \u00e9ste lunes con De Vido","author":"hoymercedes","date":"26 octubre, 2014","format":false,"excerpt":"Tal como se hab\u00eda anunciado, el diputado nacional Eduardo \u2018Wado\u2019 de Pedro; el intendente Carlos Am\u00e9rico Selva; y el presidente del bloque de concejales del Frente Mercedino para\u00a0 la Victoria, Juan Ignacio Ustarroz; viajar\u00e1n el lunes a las 10 de la ma\u00f1ana a Buenos Aires para reunirse con el ministro\u2026","rel":"","context":"En \u00abPol\u00edtica\u00bb","block_context":{"text":"Pol\u00edtica","link":"https:\/\/www.hoymercedes.com.ar\/principal\/category\/politica\/"},"img":{"alt_text":"selva-depedro-ustarroz","src":"https:\/\/i0.wp.com\/www.hoymercedes.com.ar\/principal\/wp-content\/uploads\/2014\/10\/selva-depedro-ustarroz.jpg?resize=350%2C200","width":350,"height":200,"srcset":"https:\/\/i0.wp.com\/www.hoymercedes.com.ar\/principal\/wp-content\/uploads\/2014\/10\/selva-depedro-ustarroz.jpg?resize=350%2C200 1x, https:\/\/i0.wp.com\/www.hoymercedes.com.ar\/principal\/wp-content\/uploads\/2014\/10\/selva-depedro-ustarroz.jpg?resize=525%2C300 1.5x"},"classes":[]},{"id":36964,"url":"https:\/\/www.hoymercedes.com.ar\/principal\/2014\/10\/17\/ministro-de-vido-estuvo-reunido-con-funcionarios-en-el-municipio\/","url_meta":{"origin":38642,"position":2},"title":"Ministro De Vido estuvo reunido con funcionarios en el Municipio","author":"hoymercedes","date":"17 octubre, 2014","format":false,"excerpt":"El ministro de Planificaci\u00f3n Federal, Julio De Vido, pas\u00f3 por el edificio municipal antes de encabezar el acto en el Hospital Blas Dubarry y se comunic\u00f3 telef\u00f3nicamente con el intendente, Carlos Selva, quien est\u00e1 de viaje en Maldonado, Uruguay. \u201cNunca, cada vez que vine a Mercedes, dej\u00e9 de pasar por\u2026","rel":"","context":"En \u00abPol\u00edtica\u00bb","block_context":{"text":"Pol\u00edtica","link":"https:\/\/www.hoymercedes.com.ar\/principal\/category\/politica\/"},"img":{"alt_text":"DeVido-Municipio-2014","src":"https:\/\/i0.wp.com\/www.hoymercedes.com.ar\/principal\/wp-content\/uploads\/2014\/10\/DeVido-Municipio-2014.jpg?resize=350%2C200","width":350,"height":200,"srcset":"https:\/\/i0.wp.com\/www.hoymercedes.com.ar\/principal\/wp-content\/uploads\/2014\/10\/DeVido-Municipio-2014.jpg?resize=350%2C200 1x, https:\/\/i0.wp.com\/www.hoymercedes.com.ar\/principal\/wp-content\/uploads\/2014\/10\/DeVido-Municipio-2014.jpg?resize=525%2C300 1.5x"},"classes":[]},{"id":41959,"url":"https:\/\/www.hoymercedes.com.ar\/principal\/2015\/05\/27\/de-vido-de-pedro-ustarroz-y-selva-inauguraron-obras-en-el-hospital-dubarry\/","url_meta":{"origin":38642,"position":3},"title":"De Vido, De Pedro, Ustarroz y Selva inauguraron obras en el Hospital Blas L. Dubarry","author":"hoymercedes","date":"27 mayo, 2015","format":false,"excerpt":"Durante la ma\u00f1ana de \u00e9ste mi\u00e9rcoles se llev\u00f3 adelante la inauguraci\u00f3n del segundo piso del Hospital Dubarry remodelado y modernizado a instancias del Estado Nacional. Es un \u00e1rea para infancia que luce desde ahora flamante. Tambi\u00e9n parte de la fachada principal y el ingreso o admisi\u00f3n. Cerca del mediod\u00eda arrib\u00f3\u2026","rel":"","context":"En \u00abSociedad\u00bb","block_context":{"text":"Sociedad","link":"https:\/\/www.hoymercedes.com.ar\/principal\/category\/sociedad\/"},"img":{"alt_text":"","src":"https:\/\/i0.wp.com\/www.hoymercedes.com.ar\/principal\/wp-content\/uploads\/2015\/05\/Inauguraci%C3%B3n-Dubarry022.jpg?resize=350%2C200&ssl=1","width":350,"height":200,"srcset":"https:\/\/i0.wp.com\/www.hoymercedes.com.ar\/principal\/wp-content\/uploads\/2015\/05\/Inauguraci%C3%B3n-Dubarry022.jpg?resize=350%2C200&ssl=1 1x, https:\/\/i0.wp.com\/www.hoymercedes.com.ar\/principal\/wp-content\/uploads\/2015\/05\/Inauguraci%C3%B3n-Dubarry022.jpg?resize=525%2C300&ssl=1 1.5x"},"classes":[]},{"id":36952,"url":"https:\/\/www.hoymercedes.com.ar\/principal\/2014\/10\/17\/julio-de-vido-anuncio-millonarias-obras-para-el-hospital-dubarry\/","url_meta":{"origin":38642,"position":4},"title":"Julio De Vido anunci\u00f3 millonarias obras para el Hospital Dubarry","author":"hoymercedes","date":"17 octubre, 2014","format":false,"excerpt":"El ministro de Planificaci\u00f3n Federal, Inversi\u00f3n P\u00fablica y Servicios de la Naci\u00f3n, Julio De Vido, visit\u00f3 este viernes nuestra ciudad y anunci\u00f3 una inversi\u00f3n de m\u00e1s de 17 millones de pesos para poner \u201ccompletamente a nuevo\u201d el Hospital Regional Blas Lorenzo Dubarry, una obra gestionada por los principales referentes del\u2026","rel":"","context":"En \u00abSociedad\u00bb","block_context":{"text":"Sociedad","link":"https:\/\/www.hoymercedes.com.ar\/principal\/category\/sociedad\/"},"img":{"alt_text":"wado-juani-devido-2014","src":"https:\/\/i0.wp.com\/www.hoymercedes.com.ar\/principal\/wp-content\/uploads\/2014\/10\/wado-juani-devido-2014.jpg?resize=350%2C200","width":350,"height":200,"srcset":"https:\/\/i0.wp.com\/www.hoymercedes.com.ar\/principal\/wp-content\/uploads\/2014\/10\/wado-juani-devido-2014.jpg?resize=350%2C200 1x, https:\/\/i0.wp.com\/www.hoymercedes.com.ar\/principal\/wp-content\/uploads\/2014\/10\/wado-juani-devido-2014.jpg?resize=525%2C300 1.5x"},"classes":[]},{"id":41973,"url":"https:\/\/www.hoymercedes.com.ar\/principal\/2015\/05\/27\/eduardo-wado-de-%c2%a8pedro-encontramos-puntos-de-contacto-para-trabajar-todos-juntos-por-la-ciudad\/","url_meta":{"origin":38642,"position":5},"title":"Eduardo \u201cWado\u201d De Pedro: \u201cencontramos puntos de contacto para trabajar todos juntos por la ciudad\u201d","author":"hoymercedes","date":"27 mayo, 2015","format":false,"excerpt":"El Secretario General de la Presidencia, Eduardo de Pedro, celebr\u00f3 \u201clos puntos de contacto\u201d encontrados con el intendente de Mercedes, Carlos Selva, \u201cpara trabajar todos juntos por la ciudad\u201d y agradeci\u00f3 al ministro de Planificaci\u00f3n Federal, Inversi\u00f3n P\u00fablica y Servicios de la Naci\u00f3n, Julio De Vido, por su \u201capoyo permanente\u201d\u2026","rel":"","context":"En \u00abPol\u00edtica\u00bb","block_context":{"text":"Pol\u00edtica","link":"https:\/\/www.hoymercedes.com.ar\/principal\/category\/politica\/"},"img":{"alt_text":"","src":"https:\/\/i0.wp.com\/www.hoymercedes.com.ar\/principal\/wp-content\/uploads\/2015\/05\/Inauguraci%C3%B3n-Dubarry030.jpg?resize=350%2C200&ssl=1","width":350,"height":200,"srcset":"https:\/\/i0.wp.com\/www.hoymercedes.com.ar\/principal\/wp-content\/uploads\/2015\/05\/Inauguraci%C3%B3n-Dubarry030.jpg?resize=350%2C200&ssl=1 1x, https:\/\/i0.wp.com\/www.hoymercedes.com.ar\/principal\/wp-content\/uploads\/2015\/05\/Inauguraci%C3%B3n-Dubarry030.jpg?resize=525%2C300&ssl=1 1.5x"},"classes":[]}],"_links":{"self":[{"href":"https:\/\/www.hoymercedes.com.ar\/principal\/wp-json\/wp\/v2\/posts\/38642","targetHints":{"allow":["GET"]}}],"collection":[{"href":"https:\/\/www.hoymercedes.com.ar\/principal\/wp-json\/wp\/v2\/posts"}],"about":[{"href":"https:\/\/www.hoymercedes.com.ar\/principal\/wp-json\/wp\/v2\/types\/post"}],"author":[{"embeddable":true,"href":"https:\/\/www.hoymercedes.com.ar\/principal\/wp-json\/wp\/v2\/users\/1"}],"replies":[{"embeddable":true,"href":"https:\/\/www.hoymercedes.com.ar\/principal\/wp-json\/wp\/v2\/comments?post=38642"}],"version-history":[{"count":0,"href":"https:\/\/www.hoymercedes.com.ar\/principal\/wp-json\/wp\/v2\/posts\/38642\/revisions"}],"wp:attachment":[{"href":"https:\/\/www.hoymercedes.com.ar\/principal\/wp-json\/wp\/v2\/media?parent=38642"}],"wp:term":[{"taxonomy":"category","embeddable":true,"href":"https:\/\/www.hoymercedes.com.ar\/principal\/wp-json\/wp\/v2\/categories?post=38642"},{"taxonomy":"post_tag","embeddable":true,"href":"https:\/\/www.hoymercedes.com.ar\/principal\/wp-json\/wp\/v2\/tags?post=38642"}],"curies":[{"name":"wp","href":"https:\/\/api.w.org\/{rel}","templated":true}]}}