{"id":38654,"date":"2014-12-24T11:56:41","date_gmt":"2014-12-24T14:56:41","guid":{"rendered":"http:\/\/www.hoymercedes.com.ar\/principal\/?p=38654"},"modified":"2014-12-24T11:58:04","modified_gmt":"2014-12-24T14:58:04","slug":"concejo-deliberante-aprobo-el-presupuesto-2015","status":"publish","type":"post","link":"https:\/\/www.hoymercedes.com.ar\/principal\/2014\/12\/24\/concejo-deliberante-aprobo-el-presupuesto-2015\/","title":{"rendered":"Concejo Deliberante aprob\u00f3 el presupuesto 2015"},"content":{"rendered":"<p><em><strong>Este martes en una reuni\u00f3n extra ordinaria se concret\u00f3 la aprobaci\u00f3n, por mayor\u00eda, del presupuesto que regir\u00e1n las cuentas comunales para el pr\u00f3ximo a\u00f1o.<\/strong><\/em><\/p>\n<p>El presupuesto de c\u00e1lculos y recursos 2015 se aprob\u00f3 por mayor\u00eda y con pocas modificaciones a lo que se hab\u00eda elevado desde el Departamento Ejecutivo y que fue durante las \u00faltimas semanas tratado en comisiones.<\/p>\n<p><strong>292.700.000<\/strong> de pesos ser\u00e1 el dinero con el que el intendente Carlos Selva y las diversas dependencias municipales contar\u00e1n para desarrollar las normales actividades, m\u00e1s las propuestas de gesti\u00f3n y las prestaciones de servicios para el venidero a\u00f1o.<\/p>\n<p>Un punto importante fue que se aprob\u00f3 es la posibilidad de modificar partidas sin autorizaci\u00f3n municipal, el denominado art\u00edculo 13 que gener\u00f3 tanto debate. Adem\u00e1s de su aprobaci\u00f3n se incorpor\u00f3 a Desarrollo Social en tal instancia, es decir, podr\u00e1n modificarse sus partidas sin autorizaci\u00f3n de la Comuna. Se cre\u00f3 dentro de la Secretar\u00eda de Gobierno lo que dieron en llamar \u201cServicio Zona Rural\u201d y le adjudicaron 180.000 pesos para su gesti\u00f3n buscando de esta manera la localidad de Goldney tenga as\u00ed un servicio de transporte. Otra incorporaci\u00f3n al presupuesto y por 500 mil pesos fue la creaci\u00f3n de \u201cServicios barriales participativo\u201d que buscar\u00e1 que sean los propios vecinos quienes soliciten y propongan obras y servicios para sus barriadas por el monto mencionado. 200.000 pesos tambi\u00e9n se incorporaron para agua potable pensando en el barrio Nuevo Austral.<\/p>\n<p>El presupuesto cont\u00f3 con el apoyo total, como corresponde, del <strong>Frente Renovador<\/strong>. Por su parte el <strong>MIC<\/strong> y el<strong> PRO<\/strong> de Ben\u00edtez apoyaban o rechazaban seg\u00fan cada apartado mientras que en t\u00e9rminos globales el F<strong>rente Mercedino<\/strong> se opon\u00eda. Al ser votado en partes o secciones no se puede decir categ\u00f3ricamente, pero, si una tendencia de c\u00f3mo actu\u00f3 cada fuerza.<\/p>\n","protected":false},"excerpt":{"rendered":"<p>Este martes en una reuni\u00f3n extra ordinaria se concret\u00f3 la aprobaci\u00f3n, por mayor\u00eda, del presupuesto que regir\u00e1n las cuentas comunales &#8230; <a title=\"Concejo Deliberante aprob\u00f3 el presupuesto 2015\" class=\"read-more\" href=\"https:\/\/www.hoymercedes.com.ar\/principal\/2014\/12\/24\/concejo-deliberante-aprobo-el-presupuesto-2015\/\" aria-label=\"Leer m\u00e1s sobre Concejo Deliberante aprob\u00f3 el presupuesto 2015\">Leer m\u00e1s<\/a><\/p>\n","protected":false},"author":1,"featured_media":0,"comment_status":"open","ping_status":"open","sticky":false,"template":"","format":"standard","meta":{"_monsterinsights_skip_tracking":false,"_monsterinsights_sitenote_active":false,"_monsterinsights_sitenote_note":"","_monsterinsights_sitenote_category":0,"jetpack_post_was_ever_published":false,"_jetpack_newsletter_access":"","_jetpack_dont_email_post_to_subs":false,"_jetpack_newsletter_tier_id":0,"_jetpack_memberships_contains_paywalled_content":false,"_jetpack_memberships_contains_paid_content":false,"footnotes":"","jetpack_publicize_message":"","jetpack_publicize_feature_enabled":true,"jetpack_social_post_already_shared":true,"jetpack_social_options":{"image_generator_settings":{"template":"highway","default_image_id":0,"font":"","enabled":false},"version":2},"_wpas_customize_per_network":false},"categories":[5],"tags":[6698,1007,313,1972,2185],"class_list":["post-38654","post","type-post","status-publish","format-standard","hentry","category-politica","tag-concejo-deliberante-aprobo-el-presupuesto-2015","tag-frente-mercedino","tag-juan-carlos-benitez","tag-mic","tag-pro-mercedes","generate-columns","tablet-grid-50","mobile-grid-100","grid-parent","grid-50"],"jetpack_publicize_connections":[],"jetpack_featured_media_url":"","wps_subtitle":"Por mayor\u00eda","jetpack_sharing_enabled":true,"_links":{"self":[{"href":"https:\/\/www.hoymercedes.com.ar\/principal\/wp-json\/wp\/v2\/posts\/38654","targetHints":{"allow":["GET"]}}],"collection":[{"href":"https:\/\/www.hoymercedes.com.ar\/principal\/wp-json\/wp\/v2\/posts"}],"about":[{"href":"https:\/\/www.hoymercedes.com.ar\/principal\/wp-json\/wp\/v2\/types\/post"}],"author":[{"embeddable":true,"href":"https:\/\/www.hoymercedes.com.ar\/principal\/wp-json\/wp\/v2\/users\/1"}],"replies":[{"embeddable":true,"href":"https:\/\/www.hoymercedes.com.ar\/principal\/wp-json\/wp\/v2\/comments?post=38654"}],"version-history":[{"count":0,"href":"https:\/\/www.hoymercedes.com.ar\/principal\/wp-json\/wp\/v2\/posts\/38654\/revisions"}],"wp:attachment":[{"href":"https:\/\/www.hoymercedes.com.ar\/principal\/wp-json\/wp\/v2\/media?parent=38654"}],"wp:term":[{"taxonomy":"category","embeddable":true,"href":"https:\/\/www.hoymercedes.com.ar\/principal\/wp-json\/wp\/v2\/categories?post=38654"},{"taxonomy":"post_tag","embeddable":true,"href":"https:\/\/www.hoymercedes.com.ar\/principal\/wp-json\/wp\/v2\/tags?post=38654"}],"curies":[{"name":"wp","href":"https:\/\/api.w.org\/{rel}","templated":true}]}}