{"id":38665,"date":"2014-12-25T21:46:20","date_gmt":"2014-12-26T00:46:20","guid":{"rendered":"http:\/\/www.hoymercedes.com.ar\/principal\/?p=38665"},"modified":"2014-12-26T17:38:38","modified_gmt":"2014-12-26T20:38:38","slug":"papa-noel-recorrio-varios-mercedinos-en-tarea-solidaria-y-militante","status":"publish","type":"post","link":"https:\/\/www.hoymercedes.com.ar\/principal\/2014\/12\/25\/papa-noel-recorrio-varios-mercedinos-en-tarea-solidaria-y-militante\/","title":{"rendered":"Pap\u00e1 Noel recorri\u00f3 varios barrios mercedinos en tarea solidaria y militante"},"content":{"rendered":"<p><a href=\"https:\/\/www.hoymercedes.com.ar\/principal\/wp-content\/uploads\/2014\/12\/papanoel.pro-I.jpg\"><img loading=\"lazy\" decoding=\"async\" data-attachment-id=\"38666\" data-permalink=\"https:\/\/www.hoymercedes.com.ar\/principal\/2014\/12\/25\/papa-noel-recorrio-varios-mercedinos-en-tarea-solidaria-y-militante\/papanoel-pro-i\/#main\" data-orig-file=\"https:\/\/www.hoymercedes.com.ar\/principal\/wp-content\/uploads\/2014\/12\/papanoel.pro-I.jpg\" data-orig-size=\"620,465\" data-comments-opened=\"1\" data-image-meta=\"{&quot;aperture&quot;:&quot;0&quot;,&quot;credit&quot;:&quot;&quot;,&quot;camera&quot;:&quot;&quot;,&quot;caption&quot;:&quot;&quot;,&quot;created_timestamp&quot;:&quot;0&quot;,&quot;copyright&quot;:&quot;&quot;,&quot;focal_length&quot;:&quot;0&quot;,&quot;iso&quot;:&quot;0&quot;,&quot;shutter_speed&quot;:&quot;0&quot;,&quot;title&quot;:&quot;&quot;,&quot;orientation&quot;:&quot;0&quot;}\" data-image-title=\"papanoel.pro-I\" data-image-description=\"\" data-image-caption=\"\" data-large-file=\"https:\/\/www.hoymercedes.com.ar\/principal\/wp-content\/uploads\/2014\/12\/papanoel.pro-I.jpg\" class=\"Img2014 aligncenter wp-image-38666 size-full\" title=\"Juan Carlos Benitez - Pro Mercedes\" src=\"https:\/\/www.hoymercedes.com.ar\/principal\/wp-content\/uploads\/2014\/12\/papanoel.pro-I.jpg\" alt=\"papanoel.pro-I\" width=\"620\" height=\"465\" \/><\/a><\/p>\n<p><a href=\"https:\/\/www.hoymercedes.com.ar\/principal\/wp-content\/uploads\/2014\/12\/papanoel.pro-II.jpg\"><img loading=\"lazy\" decoding=\"async\" data-attachment-id=\"38667\" data-permalink=\"https:\/\/www.hoymercedes.com.ar\/principal\/2014\/12\/25\/papa-noel-recorrio-varios-mercedinos-en-tarea-solidaria-y-militante\/papanoel-pro-ii\/#main\" data-orig-file=\"https:\/\/www.hoymercedes.com.ar\/principal\/wp-content\/uploads\/2014\/12\/papanoel.pro-II.jpg\" data-orig-size=\"620,465\" data-comments-opened=\"1\" data-image-meta=\"{&quot;aperture&quot;:&quot;0&quot;,&quot;credit&quot;:&quot;&quot;,&quot;camera&quot;:&quot;&quot;,&quot;caption&quot;:&quot;&quot;,&quot;created_timestamp&quot;:&quot;0&quot;,&quot;copyright&quot;:&quot;&quot;,&quot;focal_length&quot;:&quot;0&quot;,&quot;iso&quot;:&quot;0&quot;,&quot;shutter_speed&quot;:&quot;0&quot;,&quot;title&quot;:&quot;&quot;,&quot;orientation&quot;:&quot;0&quot;}\" data-image-title=\"papanoel.pro-II\" data-image-description=\"\" data-image-caption=\"\" data-large-file=\"https:\/\/www.hoymercedes.com.ar\/principal\/wp-content\/uploads\/2014\/12\/papanoel.pro-II.jpg\" class=\"Img2014 aligncenter wp-image-38667 size-full\" title=\"Juan Carlos Benitez - Pro Mercedes\" src=\"https:\/\/www.hoymercedes.com.ar\/principal\/wp-content\/uploads\/2014\/12\/papanoel.pro-II.jpg\" alt=\"papanoel.pro-II\" width=\"620\" height=\"465\" \/><\/a><\/p>\n<p><em><strong>\u201cMomentos m\u00e1gicos e ilusi\u00f3n\u201d, comentaron desde la agrupaci\u00f3n, se generaban cada vez que se encontraban con los vecinos. Papa Noel parti\u00f3 desde el espacio pol\u00edtico de calle 26 entre 31 y 29 rumbo a barrios locales.<\/strong><\/em><\/p>\n<p><em>\u201cEn la tarde noche del 23 de Diciembre\u00a0 pude junto a\u00a0 compa\u00f1eros de la vida y del compromiso, estar junto a Papa Noel en su visita por diversos barrios de Mercedes, sencillos regalos\u00a0 pero todo ni\u00f1a o ni\u00f1o que se acerc\u00f3 tuvo su regalo y m\u00faltiples fotos extractadas por madres y padres en brazos de esta figura de la ilusi\u00f3n y fantas\u00eda. Durante y despu\u00e9s del episodio se siente profundamente la satisfacci\u00f3n de participar en la sonrisa de ellos.\u201d, <\/em>remarc\u00f3 el m\u00e1ximo referente de una de las l\u00edneas del PRO Mercedes, Juan Carlos Ben\u00edtez<\/p>\n<p>A su vez, el edil, les dej\u00f3 los mejores deseos para todos los mercedinos expresando: \u201cNavidad en paz y 2015 con trabajo, salud y sabidur\u00eda\u201d<img loading=\"lazy\" decoding=\"async\" data-attachment-id=\"38668\" data-permalink=\"https:\/\/www.hoymercedes.com.ar\/principal\/2014\/12\/25\/papa-noel-recorrio-varios-mercedinos-en-tarea-solidaria-y-militante\/papanoel-pro-iii\/#main\" data-orig-file=\"https:\/\/www.hoymercedes.com.ar\/principal\/wp-content\/uploads\/2014\/12\/papanoel.pro-III.jpg\" data-orig-size=\"620,465\" data-comments-opened=\"1\" data-image-meta=\"{&quot;aperture&quot;:&quot;0&quot;,&quot;credit&quot;:&quot;&quot;,&quot;camera&quot;:&quot;&quot;,&quot;caption&quot;:&quot;&quot;,&quot;created_timestamp&quot;:&quot;0&quot;,&quot;copyright&quot;:&quot;&quot;,&quot;focal_length&quot;:&quot;0&quot;,&quot;iso&quot;:&quot;0&quot;,&quot;shutter_speed&quot;:&quot;0&quot;,&quot;title&quot;:&quot;&quot;,&quot;orientation&quot;:&quot;0&quot;}\" data-image-title=\"papanoel.pro-III\" data-image-description=\"\" data-image-caption=\"\" data-large-file=\"https:\/\/www.hoymercedes.com.ar\/principal\/wp-content\/uploads\/2014\/12\/papanoel.pro-III.jpg\" class=\"Img2014 aligncenter wp-image-38668 size-full\" title=\"Juan Carlos Benitez - Pro Mercedes\" src=\"https:\/\/www.hoymercedes.com.ar\/principal\/wp-content\/uploads\/2014\/12\/papanoel.pro-III.jpg\" alt=\"Juan Carlos Benitez - Pro Mercedes\" width=\"620\" height=\"465\" \/><\/p>\n","protected":false},"excerpt":{"rendered":"<p>\u201cMomentos m\u00e1gicos e ilusi\u00f3n\u201d, comentaron desde la agrupaci\u00f3n, se generaban cada vez que se encontraban con los vecinos. Papa Noel &#8230; <a title=\"Pap\u00e1 Noel recorri\u00f3 varios barrios mercedinos en tarea solidaria y militante\" class=\"read-more\" href=\"https:\/\/www.hoymercedes.com.ar\/principal\/2014\/12\/25\/papa-noel-recorrio-varios-mercedinos-en-tarea-solidaria-y-militante\/\" aria-label=\"Leer m\u00e1s sobre Pap\u00e1 Noel recorri\u00f3 varios barrios mercedinos en tarea solidaria y militante\">Leer m\u00e1s<\/a><\/p>\n","protected":false},"author":1,"featured_media":0,"comment_status":"open","ping_status":"open","sticky":false,"template":"","format":"standard","meta":{"_monsterinsights_skip_tracking":false,"_monsterinsights_sitenote_active":false,"_monsterinsights_sitenote_note":"","_monsterinsights_sitenote_category":0,"jetpack_post_was_ever_published":false,"_jetpack_newsletter_access":"","_jetpack_dont_email_post_to_subs":false,"_jetpack_newsletter_tier_id":0,"_jetpack_memberships_contains_paywalled_content":false,"_jetpack_memberships_contains_paid_content":false,"footnotes":"","jetpack_publicize_message":"","jetpack_publicize_feature_enabled":true,"jetpack_social_post_already_shared":true,"jetpack_social_options":{"image_generator_settings":{"template":"highway","default_image_id":0,"font":"","enabled":false},"version":2},"_wpas_customize_per_network":false},"categories":[85],"tags":[6704],"class_list":["post-38665","post","type-post","status-publish","format-standard","hentry","category-policial","tag-juan-carlos-benitez-pro-mercedes","generate-columns","tablet-grid-50","mobile-grid-100","grid-parent","grid-50"],"jetpack_publicize_connections":[],"jetpack_featured_media_url":"","wps_subtitle":"Un momento para la familia...","jetpack_sharing_enabled":true,"_links":{"self":[{"href":"https:\/\/www.hoymercedes.com.ar\/principal\/wp-json\/wp\/v2\/posts\/38665","targetHints":{"allow":["GET"]}}],"collection":[{"href":"https:\/\/www.hoymercedes.com.ar\/principal\/wp-json\/wp\/v2\/posts"}],"about":[{"href":"https:\/\/www.hoymercedes.com.ar\/principal\/wp-json\/wp\/v2\/types\/post"}],"author":[{"embeddable":true,"href":"https:\/\/www.hoymercedes.com.ar\/principal\/wp-json\/wp\/v2\/users\/1"}],"replies":[{"embeddable":true,"href":"https:\/\/www.hoymercedes.com.ar\/principal\/wp-json\/wp\/v2\/comments?post=38665"}],"version-history":[{"count":0,"href":"https:\/\/www.hoymercedes.com.ar\/principal\/wp-json\/wp\/v2\/posts\/38665\/revisions"}],"wp:attachment":[{"href":"https:\/\/www.hoymercedes.com.ar\/principal\/wp-json\/wp\/v2\/media?parent=38665"}],"wp:term":[{"taxonomy":"category","embeddable":true,"href":"https:\/\/www.hoymercedes.com.ar\/principal\/wp-json\/wp\/v2\/categories?post=38665"},{"taxonomy":"post_tag","embeddable":true,"href":"https:\/\/www.hoymercedes.com.ar\/principal\/wp-json\/wp\/v2\/tags?post=38665"}],"curies":[{"name":"wp","href":"https:\/\/api.w.org\/{rel}","templated":true}]}}