{"id":38687,"date":"2014-12-26T18:03:01","date_gmt":"2014-12-26T21:03:01","guid":{"rendered":"http:\/\/www.hoymercedes.com.ar\/principal\/?p=38687"},"modified":"2015-01-12T08:14:54","modified_gmt":"2015-01-12T11:14:54","slug":"finalizaron-los-talleres-de-colocacion-de-durlock-dictados-en-el-ministerio-de-desarrollo-social","status":"publish","type":"post","link":"https:\/\/www.hoymercedes.com.ar\/principal\/2014\/12\/26\/finalizaron-los-talleres-de-colocacion-de-durlock-dictados-en-el-ministerio-de-desarrollo-social\/","title":{"rendered":"Finalizaron los talleres de colocaci\u00f3n de durlock  dictados en el ministerio de Desarrollo Social"},"content":{"rendered":"<p><em><a href=\"https:\/\/www.hoymercedes.com.ar\/principal\/wp-content\/uploads\/2014\/12\/curso-durlock-desarrollosocial.jpg\"><img loading=\"lazy\" decoding=\"async\" data-attachment-id=\"38688\" data-permalink=\"https:\/\/www.hoymercedes.com.ar\/principal\/2014\/12\/26\/finalizaron-los-talleres-de-colocacion-de-durlock-dictados-en-el-ministerio-de-desarrollo-social\/curso-durlock-desarrollosocial\/#main\" data-orig-file=\"https:\/\/www.hoymercedes.com.ar\/principal\/wp-content\/uploads\/2014\/12\/curso-durlock-desarrollosocial.jpg\" data-orig-size=\"640,480\" data-comments-opened=\"1\" data-image-meta=\"{&quot;aperture&quot;:&quot;0&quot;,&quot;credit&quot;:&quot;&quot;,&quot;camera&quot;:&quot;&quot;,&quot;caption&quot;:&quot;&quot;,&quot;created_timestamp&quot;:&quot;0&quot;,&quot;copyright&quot;:&quot;&quot;,&quot;focal_length&quot;:&quot;0&quot;,&quot;iso&quot;:&quot;0&quot;,&quot;shutter_speed&quot;:&quot;0&quot;,&quot;title&quot;:&quot;&quot;,&quot;orientation&quot;:&quot;1&quot;}\" data-image-title=\"curso-durlock-desarrollosocial\" data-image-description=\"\" data-image-caption=\"\" data-large-file=\"https:\/\/www.hoymercedes.com.ar\/principal\/wp-content\/uploads\/2014\/12\/curso-durlock-desarrollosocial.jpg\" class=\"Img2014 aligncenter wp-image-38688 size-medium\" title=\"Centro de Referencia Desarrollo Social Mercedes \" src=\"https:\/\/www.hoymercedes.com.ar\/principal\/wp-content\/uploads\/2014\/12\/curso-durlock-desarrollosocial-630x473.jpg\" alt=\"Centro de Referencia Desarrollo Social Mercedes \" width=\"630\" height=\"473\" srcset=\"https:\/\/www.hoymercedes.com.ar\/principal\/wp-content\/uploads\/2014\/12\/curso-durlock-desarrollosocial-630x473.jpg 630w, https:\/\/www.hoymercedes.com.ar\/principal\/wp-content\/uploads\/2014\/12\/curso-durlock-desarrollosocial.jpg 640w\" sizes=\"auto, (max-width: 630px) 100vw, 630px\" \/><\/a><\/em><\/p>\n<p><strong><em>Se realizaron en el \u00e1rea de Juventud del Centro de Referencia local y forma parte de las capacitaciones en oficios que se realizaron durante el trascurso del a\u00f1o 2014.<\/em><\/strong><\/p>\n<p>La entrega de certificados a los nuevos egresados del curso de <strong>Auxiliar en colocaci\u00f3n y reparaci\u00f3n de durlock<\/strong>, fue realizada esta semana\u00a0 y forma parte de los talleres con salida laboral que se dictan en el \u00e1rea.<\/p>\n<p>La capacitaci\u00f3n tiene como objetivo brindar a los alumnos, mediante clases pr\u00e1cticas, los conocimientos necesarios para realizar tanto reparaciones como as\u00ed tambi\u00e9n colocaci\u00f3n de cielorrasos, revestimientos y construcciones de tabiques. Adquirir experiencia en el manejo de las herramientas y resoluci\u00f3n de distintas problem\u00e1ticas que surgen en la planificaci\u00f3n de una obra.<br \/>\n<em>\u201cAdem\u00e1s de ver una posibilidad de salida laboral, la idea es que las personas que asistan al taller adquieran conocimientos que les sean \u00fatiles para realizar mejoras en sus propios hogares\u201d <\/em>coment\u00f3 Mart\u00edn Brizuela, docente del taller.<br \/>\nLa\u00a0 capacitaci\u00f3n es gratuita, pr\u00e1ctica y din\u00e1mica. Consta de 2 meses de duraci\u00f3n con encuentros semanales de 2 horas y se dictan en la sede de Juventud,\u00a0 en la calle 6 N\u00b0223 esquina 11.<\/p>\n","protected":false},"excerpt":{"rendered":"<p>Se realizaron en el \u00e1rea de Juventud del Centro de Referencia local y forma parte de las capacitaciones en oficios &#8230; <a title=\"Finalizaron los talleres de colocaci\u00f3n de durlock  dictados en el ministerio de Desarrollo Social\" class=\"read-more\" href=\"https:\/\/www.hoymercedes.com.ar\/principal\/2014\/12\/26\/finalizaron-los-talleres-de-colocacion-de-durlock-dictados-en-el-ministerio-de-desarrollo-social\/\" aria-label=\"Leer m\u00e1s sobre Finalizaron los talleres de colocaci\u00f3n de durlock  dictados en el ministerio de Desarrollo Social\">Leer m\u00e1s<\/a><\/p>\n","protected":false},"author":1,"featured_media":0,"comment_status":"open","ping_status":"open","sticky":false,"template":"","format":"standard","meta":{"_monsterinsights_skip_tracking":false,"_monsterinsights_sitenote_active":false,"_monsterinsights_sitenote_note":"","_monsterinsights_sitenote_category":0,"jetpack_post_was_ever_published":false,"_jetpack_newsletter_access":"","_jetpack_dont_email_post_to_subs":false,"_jetpack_newsletter_tier_id":0,"_jetpack_memberships_contains_paywalled_content":false,"_jetpack_memberships_contains_paid_content":false,"footnotes":"","jetpack_publicize_message":"","jetpack_publicize_feature_enabled":true,"jetpack_social_post_already_shared":true,"jetpack_social_options":{"image_generator_settings":{"template":"highway","default_image_id":0,"font":"","enabled":false},"version":2},"_wpas_customize_per_network":false},"categories":[5],"tags":[6710],"class_list":["post-38687","post","type-post","status-publish","format-standard","hentry","category-politica","tag-centro-de-referencia-desarrollo-social-mercedes","generate-columns","tablet-grid-50","mobile-grid-100","grid-parent","grid-50"],"jetpack_publicize_connections":[],"jetpack_featured_media_url":"","wps_subtitle":"","jetpack_sharing_enabled":true,"jetpack-related-posts":[{"id":39900,"url":"https:\/\/www.hoymercedes.com.ar\/principal\/2015\/03\/04\/el-ministerio-de-desarrollo-social-de-la-nacion-abre-la-inscripcion-a-nuevos-cursos\/","url_meta":{"origin":38687,"position":0},"title":"El Ministerio de Desarrollo Social de la Naci\u00f3n abre la inscripci\u00f3n a nuevos cursos","author":"hoymercedes","date":"4 marzo, 2015","format":false,"excerpt":"Se realizan en el Centro de Referencia local a partir de marzo capacitaciones en manipulaci\u00f3n de alimentos, producci\u00f3n de licores, poda y arbolado urbano, huerta familiar y org\u00e1nica y durlock. Dictados conjuntamente con el Registro Nacional de Trabajadores y Empleadores Agrarios \u2013RENATEA-, el Centro de Educaci\u00f3n Agraria 9 y el\u2026","rel":"","context":"En \u00abSociedad\u00bb","block_context":{"text":"Sociedad","link":"https:\/\/www.hoymercedes.com.ar\/principal\/category\/sociedad\/"},"img":{"alt_text":"","src":"","width":0,"height":0},"classes":[]},{"id":44427,"url":"https:\/\/www.hoymercedes.com.ar\/principal\/2015\/09\/07\/cursos-talleres-y-capacitacion-en-las-ofertas-del-centro-de-referencia-local\/","url_meta":{"origin":38687,"position":1},"title":"Cursos, talleres y capacitaci\u00f3n en las ofertas del Centro de Referencia Local","author":"hoymercedes","date":"7 septiembre, 2015","format":false,"excerpt":"El Centro de Referencia Local del Ministerio de Desarrollo Social de nuestra ciudad da a conocer las actividades que restan para el actual 2015. Una importante oferta brindan \u00a0la ciudad que van desde carpinter\u00eda a huerta, talleres con porcelana fina o guitarra. Para m\u00e1s informaci\u00f3n hay distintas v\u00edas de comunicaci\u00f3n,\u2026","rel":"","context":"En \u00abSociedad\u00bb","block_context":{"text":"Sociedad","link":"https:\/\/www.hoymercedes.com.ar\/principal\/category\/sociedad\/"},"img":{"alt_text":"","src":"https:\/\/i0.wp.com\/www.hoymercedes.com.ar\/principal\/wp-content\/uploads\/2015\/09\/CDRActividades2015.jpg?resize=350%2C200&ssl=1","width":350,"height":200,"srcset":"https:\/\/i0.wp.com\/www.hoymercedes.com.ar\/principal\/wp-content\/uploads\/2015\/09\/CDRActividades2015.jpg?resize=350%2C200&ssl=1 1x, https:\/\/i0.wp.com\/www.hoymercedes.com.ar\/principal\/wp-content\/uploads\/2015\/09\/CDRActividades2015.jpg?resize=525%2C300&ssl=1 1.5x"},"classes":[]},{"id":81831,"url":"https:\/\/www.hoymercedes.com.ar\/principal\/2018\/09\/30\/internos-de-la-unidad-5-recibieron-certificados-de-capacitacion\/","url_meta":{"origin":38687,"position":2},"title":"Internos de la Unidad 5 recibieron certificados de capacitaci\u00f3n","author":"hoymercedes","date":"30 septiembre, 2018","format":false,"excerpt":"En una de las nuevas aulas del Sector Capacitaci\u00f3n Laboral, de la Unidad 5,\u00a0 realizadas para poder brindar espacios para dictar diversos cursos formales y no formales, d\u00edas pasados se entregaron los\u00a0certificados\u00a0a los internos que\u00a0 los realizaron en el primer periodo de \u00e9ste a\u00f1o. En esta ocasi\u00f3n se les entregaron\u2026","rel":"","context":"En \u00abSociedad\u00bb","block_context":{"text":"Sociedad","link":"https:\/\/www.hoymercedes.com.ar\/principal\/category\/sociedad\/"},"img":{"alt_text":"","src":"https:\/\/i0.wp.com\/www.hoymercedes.com.ar\/principal\/wp-content\/uploads\/2018\/09\/30-internos.jpg?resize=350%2C200&ssl=1","width":350,"height":200,"srcset":"https:\/\/i0.wp.com\/www.hoymercedes.com.ar\/principal\/wp-content\/uploads\/2018\/09\/30-internos.jpg?resize=350%2C200&ssl=1 1x, https:\/\/i0.wp.com\/www.hoymercedes.com.ar\/principal\/wp-content\/uploads\/2018\/09\/30-internos.jpg?resize=525%2C300&ssl=1 1.5x, https:\/\/i0.wp.com\/www.hoymercedes.com.ar\/principal\/wp-content\/uploads\/2018\/09\/30-internos.jpg?resize=700%2C400&ssl=1 2x"},"classes":[]},{"id":34595,"url":"https:\/\/www.hoymercedes.com.ar\/principal\/2014\/07\/13\/el-centro-de-referencia-realiza-talleres-reflexivos-en-las-escuelas\/","url_meta":{"origin":38687,"position":3},"title":"El Centro de Referencia realiza talleres reflexivos en las escuelas","author":"hoymercedes","date":"13 julio, 2014","format":false,"excerpt":"Alumnos de escuelas secundarias \u00a0p\u00fablicas y privadas participan de talleres sobre \u201cNo violencia\u201d y \u201cDiscriminaci\u00f3n\u201d con el objetivo de mejorar las relaciones vinculares entre los j\u00f3venes A partir de la iniciativa llevada adelante por la articuladora, Jorgelina Silva del Centro de Referencia local del Ministerio de Desarrollo Social de la\u2026","rel":"","context":"En \u00abEducaci\u00f3n\u00bb","block_context":{"text":"Educaci\u00f3n","link":"https:\/\/www.hoymercedes.com.ar\/principal\/category\/educacion\/"},"img":{"alt_text":"talleres-educaci\u00f3n","src":"https:\/\/i0.wp.com\/www.hoymercedes.com.ar.ar\/noticias\/wp-content\/uploads\/2014\/07\/talleres-educaci%C3%B3n.jpg?resize=350%2C200","width":350,"height":200,"srcset":"https:\/\/i0.wp.com\/www.hoymercedes.com.ar.ar\/noticias\/wp-content\/uploads\/2014\/07\/talleres-educaci%C3%B3n.jpg?resize=350%2C200 1x, https:\/\/i0.wp.com\/www.hoymercedes.com.ar.ar\/noticias\/wp-content\/uploads\/2014\/07\/talleres-educaci%C3%B3n.jpg?resize=525%2C300 1.5x"},"classes":[]},{"id":29915,"url":"https:\/\/www.hoymercedes.com.ar\/principal\/2014\/02\/14\/en-el-centro-de-referencia-se-dictan-talleres-sobre-sexualidad\/","url_meta":{"origin":38687,"position":4},"title":"En el Centro de Referencia se dictan talleres sobre sexualidad","author":"hoymercedes","date":"14 febrero, 2014","format":false,"excerpt":"El objetivo es informar, asesorar, compartir conocimientos y puntos de vista en relaci\u00f3n con la educaci\u00f3n sexual y reproductiva de los hijos. Participan mujeres\u00a0del programa Argentina Trabaja. En el Centro de Referencia del Ministerio de Desarrollo Social de la Naci\u00f3n, se llevan adelante durante febrero encuentros para mujeres sobre \u201cC\u00f3mo\u2026","rel":"","context":"En \u00abSociedad\u00bb","block_context":{"text":"Sociedad","link":"https:\/\/www.hoymercedes.com.ar\/principal\/category\/sociedad\/"},"img":{"alt_text":"","src":"","width":0,"height":0},"classes":[]},{"id":128168,"url":"https:\/\/www.hoymercedes.com.ar\/principal\/2021\/04\/14\/obras-en-agote-junto-al-programa-potenciar-trabajo\/","url_meta":{"origin":38687,"position":5},"title":"Obras en Agote junto al programa \u00abPotenciar Trabajo\u00bb","author":"hoymercedes","date":"14 abril, 2021","format":false,"excerpt":"En articulaci\u00f3n entre la Subsecretar\u00eda y Direcci\u00f3n de H\u00e1bitat, Servicios P\u00fablicos, Planeamiento, Econom\u00eda, y el Centro de Referencia Mercedes del Ministerio de Desarrollo Social de Naci\u00f3n con su programa \"Potenciar Trabajo\", se est\u00e1 llevando a cabo obras de zanjeos, iluminaci\u00f3n y veredas en un barrio de la localidad rural Agote.\u2026","rel":"","context":"En \u00abMunicipio\u00bb","block_context":{"text":"Municipio","link":"https:\/\/www.hoymercedes.com.ar\/principal\/category\/municipio\/"},"img":{"alt_text":"","src":"https:\/\/i0.wp.com\/www.hoymercedes.com.ar\/principal\/wp-content\/uploads\/2021\/04\/14-agote-1.jpeg?resize=350%2C200&ssl=1","width":350,"height":200,"srcset":"https:\/\/i0.wp.com\/www.hoymercedes.com.ar\/principal\/wp-content\/uploads\/2021\/04\/14-agote-1.jpeg?resize=350%2C200&ssl=1 1x, https:\/\/i0.wp.com\/www.hoymercedes.com.ar\/principal\/wp-content\/uploads\/2021\/04\/14-agote-1.jpeg?resize=525%2C300&ssl=1 1.5x, https:\/\/i0.wp.com\/www.hoymercedes.com.ar\/principal\/wp-content\/uploads\/2021\/04\/14-agote-1.jpeg?resize=700%2C400&ssl=1 2x"},"classes":[]}],"_links":{"self":[{"href":"https:\/\/www.hoymercedes.com.ar\/principal\/wp-json\/wp\/v2\/posts\/38687","targetHints":{"allow":["GET"]}}],"collection":[{"href":"https:\/\/www.hoymercedes.com.ar\/principal\/wp-json\/wp\/v2\/posts"}],"about":[{"href":"https:\/\/www.hoymercedes.com.ar\/principal\/wp-json\/wp\/v2\/types\/post"}],"author":[{"embeddable":true,"href":"https:\/\/www.hoymercedes.com.ar\/principal\/wp-json\/wp\/v2\/users\/1"}],"replies":[{"embeddable":true,"href":"https:\/\/www.hoymercedes.com.ar\/principal\/wp-json\/wp\/v2\/comments?post=38687"}],"version-history":[{"count":0,"href":"https:\/\/www.hoymercedes.com.ar\/principal\/wp-json\/wp\/v2\/posts\/38687\/revisions"}],"wp:attachment":[{"href":"https:\/\/www.hoymercedes.com.ar\/principal\/wp-json\/wp\/v2\/media?parent=38687"}],"wp:term":[{"taxonomy":"category","embeddable":true,"href":"https:\/\/www.hoymercedes.com.ar\/principal\/wp-json\/wp\/v2\/categories?post=38687"},{"taxonomy":"post_tag","embeddable":true,"href":"https:\/\/www.hoymercedes.com.ar\/principal\/wp-json\/wp\/v2\/tags?post=38687"}],"curies":[{"name":"wp","href":"https:\/\/api.w.org\/{rel}","templated":true}]}}