{"id":3871,"date":"2011-04-30T04:07:23","date_gmt":"2011-04-30T04:07:23","guid":{"rendered":"http:\/\/www.hoymercedes.com.ar\/principal\/?p=3871"},"modified":"2011-05-01T03:21:11","modified_gmt":"2011-05-01T03:21:11","slug":"casa-joven-y-frente-mercedino-para-la-victoria-realizan-importante-acto-con-figuras-nacionales-fotos","status":"publish","type":"post","link":"https:\/\/www.hoymercedes.com.ar\/principal\/2011\/04\/30\/casa-joven-y-frente-mercedino-para-la-victoria-realizan-importante-acto-con-figuras-nacionales-fotos\/","title":{"rendered":"Casa Joven y Frente Mercedino para la Victoria realizan importante acto con figuras nacionales (Fotos)"},"content":{"rendered":"<p>La uni\u00f3n entre la corriente justicialista liderada por Juan Pablo L\u00f3pez (Casa Joven) y la que encabeza Juan Ignacio Ustarroz (Frente Mercedino para la Victoria) qued\u00f3 definitivamente sellada con un acto que a pesar del mal tiempo se llev\u00f3 a cabo este viernes en el Club Comunicaciones con un imponente marco de p\u00fablico.<br \/>\nAdem\u00e1s de los responsables de ambos grupos asistieron representantes de otras l\u00edneas que con el correr de los d\u00edas se fueron sumando al ahora denominado Frente Mercedino para la Victoria que postula a Juani Ustarroz como candidato a Intendente.<\/p>\n<p>Para muchos el acto de este viernes signific\u00f3 algo hist\u00f3rico y hasta in\u00e9dito dentro del peronismo de Mercedes y de la Provincia de Buenos Aires porque se trataba de la uni\u00f3n de la Juventud Peronista de la Provincia de Buenos Aires, representada en este caso por Juan Pablo L\u00f3pez y La Campora a trav\u00e9s de Ustarroz ambos alineados detr\u00e1s de la figura de N\u00e9stor Kirchner como referente m\u00e1ximo y de Cristina Kirchner como la responsable de continuar la tarea iniciada en vida por su esposo.<\/p>\n<p>A pesar de la lluvia que al momento de dar comienzo el acto ca\u00eda muy fuerte sobre nuestra ciudad la cantidad de personas que concurrieron fue realmente significativa cont\u00e1ndose adem\u00e1s con grupos de la JP y de La Campora de localidades vecinas como Luj\u00e1n, Moreno y hasta se pudo divisar gente de Suipacha.<\/p>\n<p>Entre los que llegaron a Mercedes especialmente para compartir el acto se encontraban el Secretario General de la Juventud Peronista de la Provincia de Buenos Aires Jos\u00e9 Ottavis, el titular de la Agencia Oficial de Noticias TELAM, Mart\u00edn Garc\u00eda, Eduardo De Pedro Vice-presidente de Aerol\u00edneas Argentinas y Gabriel Marioto m\u00e1ximo responsable de la Autoridad Nacional de Servicios Audiovisuales y uno de los principales inspiradores de la Ley de Medios que reform\u00f3 la hasta entonces vigente proveniente desde la \u00faltima la Dictadura Militar.<\/p>\n<p>Ottavis sostuvo \u201cquiero que sepan que Wado (Eduardo De Pedro) es el primer soldado que tiene a su lado la presidente de la Naci\u00f3n en Capital de la ciudad para luego destacar a importancia que ten\u00eda para el Peronismo de Mercedes y de la Provincia la uni\u00f3n de la JP y La Campora.\u00bb Tambi\u00e9n hizo uso de la palabra el titular de la Agencia de Noticias Oficial, TELAM, qui\u00e9n explic\u00f3 en parte lo realizado en dicho cargo al cumplirse seis meses de gesti\u00f3n donde grafic\u00f3 principalmente la expansi\u00f3n de servicios que viene viviendo la agencia.<\/p>\n<p>Luego fue el turno de Eduardo \u201cWado\u201d De Pedro qui\u00e9n hizo referencia a una volanteada efectuada en nuestra ciudad en su contra en la que resaltaban a cierta tartamudez de su parte sosteniendo \u201cahora le digo a quienes idearon dicho volante que con m\u00e1s fuerza que nunca me dan ganas de tartamudear como se me cante\u201d generando un cerrada ovaci\u00f3n de parte de los presentes para m\u00e1s luego continuar defendiendo el modelo de gesti\u00f3n nacional y la necesidad de incluir a todos dentro de un espacio de protecci\u00f3n social que se viene expandiendo desde la asunci\u00f3n de N\u00e9stor Kirchner as\u00ed como la defensa del rol efectivo, din\u00e1mico y eficaz que el Estado debe tomar instando a que los j\u00f3venes se formen para poder ser \u00abcuadros de gesti\u00f3n t\u00e9cnica y pol\u00edtica\u00bb. La participaci\u00f3n de Wado fue una de las m\u00e1s concretas en t\u00e9rminos pol\u00edticos y te\u00f3ricos a la hora de defender el modelo vigente. Juan Pablo L\u00f3pez defendi\u00f3 el modelo nacional dejando en claro el apoyo inclaudicable a la presidenta de la Naci\u00f3n remarcando que \u00abno se puede ser peronista sin ser kirchnerista y no se puede ser kirchnerista sin ser peronista\u00bb dejando en claro que \u00abse trata de un d\u00eda hist\u00f3rico en que ambas fuerza se juntan para trabajar no en contra de alguien sino en beneficio de todos\u00bb Mariotto por su parte coment\u00f3 diversas experiencias afirmando lo sostenido por L\u00f3pez donde no hay diferencias entre la juventud peronista y el kirchnerismo d\u00e1ndole un gran valor \u00aba los j\u00f3venes que recibir\u00e1n un gran legado en 2015 ya que estos pr\u00f3ximos cuatro a\u00f1os el modelo ser\u00e1 profundizado\u00bb.<\/p>\n<p>Ustarr\u00f3z fue el \u00faltimo orados explicando diciendo que \u00abvamos a transformar Mercedes, trabajando para todos, para cada barrio, cada vecinos, golpeando cada puerta donde todos seamos protagonistas\u00bb.<\/p>\n<p>A la hora de dejar conceptos las figuras de De Pedro y L\u00f3pez se destacaron pues ambos hicieron eje en aspectos que trascienden lo electoral posando la mirada en m\u00e1s all\u00e1 del presente.<\/p>\n<p>En encuentro estuvo matizado con la participaci\u00f3n del grupo musical de Luj\u00e1n Las Pelucas.<\/p>\n<p><script languaje=\"JavaScript\">\nlocation.href='http:\/\/www.hoymercedes.com.ar\/img\/Galerias2011\/gcasajovenfrentemercedino';\n<\/script><\/p>\n","protected":false},"excerpt":{"rendered":"<p>La uni\u00f3n entre la corriente justicialista liderada por Juan Pablo L\u00f3pez (Casa Joven) y la que encabeza Juan Ignacio Ustarroz &#8230; <a title=\"Casa Joven y Frente Mercedino para la Victoria realizan importante acto con figuras nacionales (Fotos)\" class=\"read-more\" href=\"https:\/\/www.hoymercedes.com.ar\/principal\/2011\/04\/30\/casa-joven-y-frente-mercedino-para-la-victoria-realizan-importante-acto-con-figuras-nacionales-fotos\/\" aria-label=\"Leer m\u00e1s sobre Casa Joven y Frente Mercedino para la Victoria realizan importante acto con figuras nacionales (Fotos)\">Leer m\u00e1s<\/a><\/p>\n","protected":false},"author":1,"featured_media":0,"comment_status":"open","ping_status":"open","sticky":false,"template":"","format":"standard","meta":{"_monsterinsights_skip_tracking":false,"_monsterinsights_sitenote_active":false,"_monsterinsights_sitenote_note":"","_monsterinsights_sitenote_category":0,"jetpack_post_was_ever_published":false,"_jetpack_newsletter_access":"","_jetpack_dont_email_post_to_subs":false,"_jetpack_newsletter_tier_id":0,"_jetpack_memberships_contains_paywalled_content":false,"_jetpack_memberships_contains_paid_content":false,"footnotes":"","jetpack_publicize_message":"","jetpack_publicize_feature_enabled":true,"jetpack_social_post_already_shared":false,"jetpack_social_options":{"image_generator_settings":{"template":"highway","default_image_id":0,"font":"","enabled":false},"version":2},"_wpas_customize_per_network":false},"categories":[5],"tags":[3,379,273,749,424,281],"class_list":["post-3871","post","type-post","status-publish","format-standard","hentry","category-politica","tag-casa-joven","tag-frente-mercedino-para-la-victoria","tag-juan-pablo-lopez","tag-mariotto","tag-ustarroz","tag-wado-de-pedro","generate-columns","tablet-grid-50","mobile-grid-100","grid-parent","grid-50"],"jetpack_publicize_connections":[],"jetpack_featured_media_url":"","wps_subtitle":"","jetpack_sharing_enabled":true,"_links":{"self":[{"href":"https:\/\/www.hoymercedes.com.ar\/principal\/wp-json\/wp\/v2\/posts\/3871","targetHints":{"allow":["GET"]}}],"collection":[{"href":"https:\/\/www.hoymercedes.com.ar\/principal\/wp-json\/wp\/v2\/posts"}],"about":[{"href":"https:\/\/www.hoymercedes.com.ar\/principal\/wp-json\/wp\/v2\/types\/post"}],"author":[{"embeddable":true,"href":"https:\/\/www.hoymercedes.com.ar\/principal\/wp-json\/wp\/v2\/users\/1"}],"replies":[{"embeddable":true,"href":"https:\/\/www.hoymercedes.com.ar\/principal\/wp-json\/wp\/v2\/comments?post=3871"}],"version-history":[{"count":0,"href":"https:\/\/www.hoymercedes.com.ar\/principal\/wp-json\/wp\/v2\/posts\/3871\/revisions"}],"wp:attachment":[{"href":"https:\/\/www.hoymercedes.com.ar\/principal\/wp-json\/wp\/v2\/media?parent=3871"}],"wp:term":[{"taxonomy":"category","embeddable":true,"href":"https:\/\/www.hoymercedes.com.ar\/principal\/wp-json\/wp\/v2\/categories?post=3871"},{"taxonomy":"post_tag","embeddable":true,"href":"https:\/\/www.hoymercedes.com.ar\/principal\/wp-json\/wp\/v2\/tags?post=3871"}],"curies":[{"name":"wp","href":"https:\/\/api.w.org\/{rel}","templated":true}]}}