{"id":38717,"date":"2014-12-28T16:54:18","date_gmt":"2014-12-28T19:54:18","guid":{"rendered":"http:\/\/www.hoymercedes.com.ar\/principal\/?p=38717"},"modified":"2014-12-28T16:54:18","modified_gmt":"2014-12-28T19:54:18","slug":"dos-importantes-reuniones-de-integrantes-de-la-ong-nosotros-te-acompanamos","status":"publish","type":"post","link":"https:\/\/www.hoymercedes.com.ar\/principal\/2014\/12\/28\/dos-importantes-reuniones-de-integrantes-de-la-ong-nosotros-te-acompanamos\/","title":{"rendered":"Dos importantes reuniones de integrantes de la ONG \u201cNosotros te acompa\u00f1amos\u201d"},"content":{"rendered":"<p><a href=\"https:\/\/www.hoymercedes.com.ar\/principal\/wp-content\/uploads\/2014\/12\/bucarinolivera-depedro-hermanajpg.jpg\"><img loading=\"lazy\" decoding=\"async\" data-attachment-id=\"38720\" data-permalink=\"https:\/\/www.hoymercedes.com.ar\/principal\/2014\/12\/28\/dos-importantes-reuniones-de-integrantes-de-la-ong-nosotros-te-acompanamos\/bucarinolivera-depedro-hermanajpg\/#main\" data-orig-file=\"https:\/\/www.hoymercedes.com.ar\/principal\/wp-content\/uploads\/2014\/12\/bucarinolivera-depedro-hermanajpg.jpg\" data-orig-size=\"620,465\" data-comments-opened=\"1\" data-image-meta=\"{&quot;aperture&quot;:&quot;0&quot;,&quot;credit&quot;:&quot;&quot;,&quot;camera&quot;:&quot;&quot;,&quot;caption&quot;:&quot;&quot;,&quot;created_timestamp&quot;:&quot;0&quot;,&quot;copyright&quot;:&quot;&quot;,&quot;focal_length&quot;:&quot;0&quot;,&quot;iso&quot;:&quot;0&quot;,&quot;shutter_speed&quot;:&quot;0&quot;,&quot;title&quot;:&quot;&quot;,&quot;orientation&quot;:&quot;0&quot;}\" data-image-title=\"bucarinolivera-depedro-hermanajpg\" data-image-description=\"\" data-image-caption=\"\" data-large-file=\"https:\/\/www.hoymercedes.com.ar\/principal\/wp-content\/uploads\/2014\/12\/bucarinolivera-depedro-hermanajpg.jpg\" class=\"aligncenter size-full wp-image-38720\" src=\"https:\/\/www.hoymercedes.com.ar\/principal\/wp-content\/uploads\/2014\/12\/bucarinolivera-depedro-hermanajpg.jpg\" alt=\"bucarinolivera-depedro-hermanajpg\" width=\"620\" height=\"465\" \/><\/a><\/p>\n<p><strong><em>Estuvieron en el Consejo de la Magistratura convocados para un reconocimiento a la trayectoria del juez Ricardo Oliveira Buscarini. Y tambi\u00e9n en la Jefatura del Servicio Penitenciario Bonaerense, en La Plata.<\/em><\/strong><\/p>\n<p>Los integrantes de la asociaci\u00f3n civil \u201cNosotros te acompa\u00f1amos\u201d, de Mercedes, una ONG que se dedica al trabajo para la reinserci\u00f3n social de los liberados de procesos penales y por las v\u00edctimas de la violencia, tuvieron durante este mes de diciembre importantes reuniones en la Ciudad de Buenos Aires y en La Plata.<\/p>\n<p>Por un lado, el pasado jueves 16 de diciembre, convocados por Ger\u00f3nimo Ustarroz, estuvieron, en el Consejo de la Magistratura de la Naci\u00f3n, el juez de Ejecuci\u00f3n de Mercedes, Ricardo Oliveira Buscarini, Carlos Solivella y la hermana Estela Buet, \u00a0representantes de la ONG \u201cNosotros te acompa\u00f1amos\u201d.<img loading=\"lazy\" decoding=\"async\" data-attachment-id=\"38719\" data-permalink=\"https:\/\/www.hoymercedes.com.ar\/principal\/2014\/12\/28\/dos-importantes-reuniones-de-integrantes-de-la-ong-nosotros-te-acompanamos\/bucarinolivera-depedro-gerenimo\/#main\" data-orig-file=\"https:\/\/www.hoymercedes.com.ar\/principal\/wp-content\/uploads\/2014\/12\/bucarinolivera-depedro-gerenimo.jpg\" data-orig-size=\"620,434\" data-comments-opened=\"1\" data-image-meta=\"{&quot;aperture&quot;:&quot;0&quot;,&quot;credit&quot;:&quot;&quot;,&quot;camera&quot;:&quot;&quot;,&quot;caption&quot;:&quot;&quot;,&quot;created_timestamp&quot;:&quot;0&quot;,&quot;copyright&quot;:&quot;&quot;,&quot;focal_length&quot;:&quot;0&quot;,&quot;iso&quot;:&quot;0&quot;,&quot;shutter_speed&quot;:&quot;0&quot;,&quot;title&quot;:&quot;&quot;,&quot;orientation&quot;:&quot;0&quot;}\" data-image-title=\"bucarinolivera-depedro-gerenimo\" data-image-description=\"\" data-image-caption=\"\" data-large-file=\"https:\/\/www.hoymercedes.com.ar\/principal\/wp-content\/uploads\/2014\/12\/bucarinolivera-depedro-gerenimo.jpg\" class=\"Img2014 aligncenter wp-image-38719 size-full\" title=\"Nosotros te acompa\u00f1amos \" src=\"https:\/\/www.hoymercedes.com.ar\/principal\/wp-content\/uploads\/2014\/12\/bucarinolivera-depedro-gerenimo.jpg\" alt=\"bucarinolivera-depedro-gerenimo\" width=\"620\" height=\"434\" \/><\/p>\n<p>El motivo de la visita fue la invitaci\u00f3n que les llegara para hacer, de parte del Consejo de la Magistratura, un reconocimiento al Juez de Ejecuci\u00f3n II, Ricardo Oliveira Buscarini, dada su trayectoria en bien de las personas que est\u00e1n en un proceso penal y solicitan un beneficio.<\/p>\n<p>Adem\u00e1s, el juez colabora intensamente \u2013y es uno de los integrantes de la Pastoral Carcelaria\u2013 ocup\u00e1ndose personalmente de cada situaci\u00f3n y estando en permanente actitud de escucha y di\u00e1logo ante los problemas de las personas privadas de su libertad.<\/p>\n<p>La visita al Consejo de la Magistratura fue tambi\u00e9n una ocasi\u00f3n para saludar al diputado mercedino Eduardo \u201cWado\u201d de Pedro.<img loading=\"lazy\" decoding=\"async\" data-attachment-id=\"38721\" data-permalink=\"https:\/\/www.hoymercedes.com.ar\/principal\/2014\/12\/28\/dos-importantes-reuniones-de-integrantes-de-la-ong-nosotros-te-acompanamos\/nosotrosteacompanamos-laplata\/#main\" data-orig-file=\"https:\/\/www.hoymercedes.com.ar\/principal\/wp-content\/uploads\/2014\/12\/nosotrosteacompa\u00f1amos-laplata.jpg\" data-orig-size=\"620,429\" data-comments-opened=\"1\" data-image-meta=\"{&quot;aperture&quot;:&quot;0&quot;,&quot;credit&quot;:&quot;&quot;,&quot;camera&quot;:&quot;&quot;,&quot;caption&quot;:&quot;&quot;,&quot;created_timestamp&quot;:&quot;0&quot;,&quot;copyright&quot;:&quot;&quot;,&quot;focal_length&quot;:&quot;0&quot;,&quot;iso&quot;:&quot;0&quot;,&quot;shutter_speed&quot;:&quot;0&quot;,&quot;title&quot;:&quot;&quot;,&quot;orientation&quot;:&quot;0&quot;}\" data-image-title=\"nosotrosteacompa\u00f1amos-laplata\" data-image-description=\"\" data-image-caption=\"\" data-large-file=\"https:\/\/www.hoymercedes.com.ar\/principal\/wp-content\/uploads\/2014\/12\/nosotrosteacompa\u00f1amos-laplata.jpg\" class=\"Img2014 aligncenter wp-image-38721 size-full\" title=\"Nosotros te acompa\u00f1amos\" src=\"https:\/\/www.hoymercedes.com.ar\/principal\/wp-content\/uploads\/2014\/12\/nosotrosteacompa\u00f1amos-laplata.jpg\" alt=\"nosotrosteacompa\u00f1amos-laplata\" width=\"620\" height=\"429\" \/><\/p>\n<p><strong>Reuni\u00f3n en la ciudad de La Plata<\/strong><\/p>\n<p>Por otra parte, la ONG \u201cNosotros te acompa\u00f1amos\u201d fue convocada el lunes 22 a una reuni\u00f3n en la Jefatura del Servicio Penitenciario Bonaerense, en la ciudad de La Plata, con el objetivo de tener una reuni\u00f3n con representantes del Ministerio de Trabajo, Empleo y Seguridad Social.<\/p>\n<p>Asistieron a dicho encuentro el presidente de la ONG Walter Flores y la hermana Estela Buet. El tema que se plante\u00f3 corresponde a la \u201cL\u00ednea de Fortalecimiento Institucional y Certificaci\u00f3n de Calidad del plan de formaci\u00f3n continua\u201d destinada a las acciones de formaci\u00f3n de organizaciones de la sociedad civil.<\/p>\n<p>\u201cPara nuestra ONG se abre un camino de proyectos<\/p>\n","protected":false},"excerpt":{"rendered":"<p>Estuvieron en el Consejo de la Magistratura convocados para un reconocimiento a la trayectoria del juez Ricardo Oliveira Buscarini. Y &#8230; <a title=\"Dos importantes reuniones de integrantes de la ONG \u201cNosotros te acompa\u00f1amos\u201d\" class=\"read-more\" href=\"https:\/\/www.hoymercedes.com.ar\/principal\/2014\/12\/28\/dos-importantes-reuniones-de-integrantes-de-la-ong-nosotros-te-acompanamos\/\" aria-label=\"Leer m\u00e1s sobre Dos importantes reuniones de integrantes de la ONG \u201cNosotros te acompa\u00f1amos\u201d\">Leer m\u00e1s<\/a><\/p>\n","protected":false},"author":1,"featured_media":0,"comment_status":"open","ping_status":"open","sticky":false,"template":"","format":"standard","meta":{"_monsterinsights_skip_tracking":false,"_monsterinsights_sitenote_active":false,"_monsterinsights_sitenote_note":"","_monsterinsights_sitenote_category":0,"jetpack_post_was_ever_published":false,"_jetpack_newsletter_access":"","_jetpack_dont_email_post_to_subs":false,"_jetpack_newsletter_tier_id":0,"_jetpack_memberships_contains_paywalled_content":false,"_jetpack_memberships_contains_paid_content":false,"footnotes":"","jetpack_publicize_message":"","jetpack_publicize_feature_enabled":true,"jetpack_social_post_already_shared":true,"jetpack_social_options":{"image_generator_settings":{"template":"highway","default_image_id":0,"font":"","enabled":false},"version":2},"_wpas_customize_per_network":false},"categories":[8],"tags":[4437,6718,281],"class_list":["post-38717","post","type-post","status-publish","format-standard","hentry","category-sociedad","tag-consejo-de-la-magistratura","tag-organizacion-nosotros-te-acompanamos","tag-wado-de-pedro","generate-columns","tablet-grid-50","mobile-grid-100","grid-parent","grid-50"],"jetpack_publicize_connections":[],"jetpack_featured_media_url":"","wps_subtitle":"Tarea social","jetpack_sharing_enabled":true,"_links":{"self":[{"href":"https:\/\/www.hoymercedes.com.ar\/principal\/wp-json\/wp\/v2\/posts\/38717","targetHints":{"allow":["GET"]}}],"collection":[{"href":"https:\/\/www.hoymercedes.com.ar\/principal\/wp-json\/wp\/v2\/posts"}],"about":[{"href":"https:\/\/www.hoymercedes.com.ar\/principal\/wp-json\/wp\/v2\/types\/post"}],"author":[{"embeddable":true,"href":"https:\/\/www.hoymercedes.com.ar\/principal\/wp-json\/wp\/v2\/users\/1"}],"replies":[{"embeddable":true,"href":"https:\/\/www.hoymercedes.com.ar\/principal\/wp-json\/wp\/v2\/comments?post=38717"}],"version-history":[{"count":0,"href":"https:\/\/www.hoymercedes.com.ar\/principal\/wp-json\/wp\/v2\/posts\/38717\/revisions"}],"wp:attachment":[{"href":"https:\/\/www.hoymercedes.com.ar\/principal\/wp-json\/wp\/v2\/media?parent=38717"}],"wp:term":[{"taxonomy":"category","embeddable":true,"href":"https:\/\/www.hoymercedes.com.ar\/principal\/wp-json\/wp\/v2\/categories?post=38717"},{"taxonomy":"post_tag","embeddable":true,"href":"https:\/\/www.hoymercedes.com.ar\/principal\/wp-json\/wp\/v2\/tags?post=38717"}],"curies":[{"name":"wp","href":"https:\/\/api.w.org\/{rel}","templated":true}]}}