{"id":38723,"date":"2014-12-28T22:01:10","date_gmt":"2014-12-29T01:01:10","guid":{"rendered":"http:\/\/www.hoymercedes.com.ar\/principal\/?p=38723"},"modified":"2015-01-12T08:15:19","modified_gmt":"2015-01-12T11:15:19","slug":"matias-dematei-agradecio-por-un-ano-de-diversas-gestiones-talleres-y-acciones-desde-pami","status":"publish","type":"post","link":"https:\/\/www.hoymercedes.com.ar\/principal\/2014\/12\/28\/matias-dematei-agradecio-por-un-ano-de-diversas-gestiones-talleres-y-acciones-desde-pami\/","title":{"rendered":"Mat\u00edas Dematei agradeci\u00f3 por un a\u00f1o de diversas gestiones, talleres y acciones desde PAMI"},"content":{"rendered":"<p><a href=\"https:\/\/www.hoymercedes.com.ar\/principal\/wp-content\/uploads\/2014\/12\/MatiasDematei-Pami.jpg\"><img loading=\"lazy\" decoding=\"async\" data-attachment-id=\"38724\" data-permalink=\"https:\/\/www.hoymercedes.com.ar\/principal\/2014\/12\/28\/matias-dematei-agradecio-por-un-ano-de-diversas-gestiones-talleres-y-acciones-desde-pami\/matiasdematei-pami\/#main\" data-orig-file=\"https:\/\/www.hoymercedes.com.ar\/principal\/wp-content\/uploads\/2014\/12\/MatiasDematei-Pami.jpg\" data-orig-size=\"620,404\" data-comments-opened=\"1\" data-image-meta=\"{&quot;aperture&quot;:&quot;0&quot;,&quot;credit&quot;:&quot;&quot;,&quot;camera&quot;:&quot;&quot;,&quot;caption&quot;:&quot;&quot;,&quot;created_timestamp&quot;:&quot;0&quot;,&quot;copyright&quot;:&quot;&quot;,&quot;focal_length&quot;:&quot;0&quot;,&quot;iso&quot;:&quot;0&quot;,&quot;shutter_speed&quot;:&quot;0&quot;,&quot;title&quot;:&quot;&quot;,&quot;orientation&quot;:&quot;0&quot;}\" data-image-title=\"MatiasDematei-Pami\" data-image-description=\"\" data-image-caption=\"\" data-large-file=\"https:\/\/www.hoymercedes.com.ar\/principal\/wp-content\/uploads\/2014\/12\/MatiasDematei-Pami.jpg\" class=\"Img2014 aligncenter wp-image-38724 size-full\" title=\"Mat\u00edas Dematei, PAMI Mercedes\" src=\"https:\/\/www.hoymercedes.com.ar\/principal\/wp-content\/uploads\/2014\/12\/MatiasDematei-Pami.jpg\" alt=\"MatiasDematei-Pami\" width=\"620\" height=\"404\" \/><\/a><\/p>\n<p><strong>En el encuentro donde los abuelos mercedinos que participan de los talleres del PAMI y que cont\u00f3 con una gran participaci\u00f3n, despidiendo, a su vez, el a\u00f1o, su m\u00e1ximo responsable, Mat\u00edas Dematei agradeci\u00f3 la participaci\u00f3n y el acompa\u00f1amiento brindado. \u201c<em>quiero felicitar quienes hacen posible estas hermosas actividades, a todos mis compa\u00f1eros de PAMI que\u00a0 d\u00eda a d\u00eda est\u00e1n\u201d, afirm\u00f3.<\/em><\/strong><\/p>\n<p>D\u00edas pasados se realizo la despedida del a\u00f1o de los \u00a0talleres que PAMI mercedes\u00a0 pone a disposici\u00f3n de los jubilados \u00a0mercedinos en los centros de jubilados.<\/p>\n<p>Desde antes del mediod\u00eda el club estudiantes comenz\u00f3 a recibir a los primeros abuelos que se acercaron a despedir el a\u00f1o, invitados por PAMI y los centros de jubilados, que con el correr de los minutos se lleno de adultos mayores, que en un clima de alegr\u00eda y confraternidad disfrutaron de una jornada esplendida.<\/p>\n<p>Con la fin de exponer las actividades y los trabajos que realizan durante todo el a\u00f1o en los diferentes talleres , se llevo a cabo esta hermosa despedida , donde aparte almorzaron lo que cada uno llevo para compartir .<\/p>\n<p>Del evento fue parte el gerente y referente de PAMI en nuestra ciudad, Matias Dematei, quien sobre el final de la jornada se dirigi\u00f3 a los presentes:<\/p>\n<p><em>\u201cAntes que nada quiero felicitar quienes hacen posible estas hermosas actividades, a todos mis compa\u00f1eros de PAMI que\u00a0 d\u00eda a d\u00eda est\u00e1n, siempre con una sonrisa y gran predisposici\u00f3n\u00a0 para llevar tranquilidad y soluciones a todos ustedes, a los profesores que son quienes con una gran esfuerzo y dedicaci\u00f3n hacen posible todo lo que ustedes aprenden y son quienes le dan integraci\u00f3n a los grupos que forman, a Marcela Larribau, Natalia Minadevino y Natalia Barsotti que coordinan a los profes , a las comisiones de los centros de jubilados, que nos ense\u00f1an d\u00eda a d\u00eda\u00a0 por medio de la experiencia y que los a\u00f1os no son de ninguna manera un freno para mantenerse activos , sino todo lo contrario , verlos trabajar a mi me moviliza , al club estudiantes por las instalaciones que nos a cedido , y a todos ustedes que verlos tan activos y con tantas ganas de aprender , siempre alegres realmente es un ejemplo para muchos, realmente no me quiero olvidar de nadie , porque son muchos los que hacen posible estos talleres, y contarles que\u00a0\u00a0\u00a0 el d\u00eda que me convocaron para trabajar junto\u00a0 ustedes , mas all\u00e1 que lo ve\u00eda como una lindo desaf\u00edo , nunca imagine que me iba a traer tantas satisfacciones , que iba a aprender tanto de la vida con sus consejos y experiencias, con sus palabras justas y siempre con intensiones tan nobles , yo solamente les puedo decir gracias por dejarme compartir esta etapa de su vida que como siempre digo, est\u00e1n para disfrutar despu\u00e9s de haber trabajado , gracias por ser siempre tan solidarios , como en este caso que por iniciativa de ustedes decidieron traer un alimento no perecedero para donar, soy realmente un agradecido por el lugar que ocupo. Y desearles una feliz navidad y un prospero a\u00f1o nuevo que el 2015 nos encuentre a todos unidos y trabajando cada vez mas fuerte por una pa\u00eds cada d\u00eda m\u00e1s igualitario e integrador. Felicidades.\u201d<\/em><\/p>\n<p><em>\u00a0<\/em><\/p>\n<p>&nbsp;<\/p>\n<p>&nbsp;<\/p>\n","protected":false},"excerpt":{"rendered":"<p>En el encuentro donde los abuelos mercedinos que participan de los talleres del PAMI y que cont\u00f3 con una gran &#8230; <a title=\"Mat\u00edas Dematei agradeci\u00f3 por un a\u00f1o de diversas gestiones, talleres y acciones desde PAMI\" class=\"read-more\" href=\"https:\/\/www.hoymercedes.com.ar\/principal\/2014\/12\/28\/matias-dematei-agradecio-por-un-ano-de-diversas-gestiones-talleres-y-acciones-desde-pami\/\" aria-label=\"Leer m\u00e1s sobre Mat\u00edas Dematei agradeci\u00f3 por un a\u00f1o de diversas gestiones, talleres y acciones desde PAMI\">Leer m\u00e1s<\/a><\/p>\n","protected":false},"author":1,"featured_media":0,"comment_status":"open","ping_status":"open","sticky":false,"template":"","format":"standard","meta":{"_monsterinsights_skip_tracking":false,"_monsterinsights_sitenote_active":false,"_monsterinsights_sitenote_note":"","_monsterinsights_sitenote_category":0,"jetpack_post_was_ever_published":false,"_jetpack_newsletter_access":"","_jetpack_dont_email_post_to_subs":false,"_jetpack_newsletter_tier_id":0,"_jetpack_memberships_contains_paywalled_content":false,"_jetpack_memberships_contains_paid_content":false,"footnotes":"","jetpack_publicize_message":"","jetpack_publicize_feature_enabled":true,"jetpack_social_post_already_shared":true,"jetpack_social_options":{"image_generator_settings":{"template":"highway","default_image_id":0,"font":"","enabled":false},"version":2},"_wpas_customize_per_network":false},"categories":[8],"tags":[3810,500],"class_list":["post-38723","post","type-post","status-publish","format-standard","hentry","category-sociedad","tag-matias-dematei","tag-pami-mercedes","generate-columns","tablet-grid-50","mobile-grid-100","grid-parent","grid-50"],"jetpack_publicize_connections":[],"jetpack_featured_media_url":"","wps_subtitle":"Club Estudiantes a pleno","jetpack_sharing_enabled":true,"_links":{"self":[{"href":"https:\/\/www.hoymercedes.com.ar\/principal\/wp-json\/wp\/v2\/posts\/38723","targetHints":{"allow":["GET"]}}],"collection":[{"href":"https:\/\/www.hoymercedes.com.ar\/principal\/wp-json\/wp\/v2\/posts"}],"about":[{"href":"https:\/\/www.hoymercedes.com.ar\/principal\/wp-json\/wp\/v2\/types\/post"}],"author":[{"embeddable":true,"href":"https:\/\/www.hoymercedes.com.ar\/principal\/wp-json\/wp\/v2\/users\/1"}],"replies":[{"embeddable":true,"href":"https:\/\/www.hoymercedes.com.ar\/principal\/wp-json\/wp\/v2\/comments?post=38723"}],"version-history":[{"count":0,"href":"https:\/\/www.hoymercedes.com.ar\/principal\/wp-json\/wp\/v2\/posts\/38723\/revisions"}],"wp:attachment":[{"href":"https:\/\/www.hoymercedes.com.ar\/principal\/wp-json\/wp\/v2\/media?parent=38723"}],"wp:term":[{"taxonomy":"category","embeddable":true,"href":"https:\/\/www.hoymercedes.com.ar\/principal\/wp-json\/wp\/v2\/categories?post=38723"},{"taxonomy":"post_tag","embeddable":true,"href":"https:\/\/www.hoymercedes.com.ar\/principal\/wp-json\/wp\/v2\/tags?post=38723"}],"curies":[{"name":"wp","href":"https:\/\/api.w.org\/{rel}","templated":true}]}}