{"id":38729,"date":"2014-12-28T22:18:22","date_gmt":"2014-12-29T01:18:22","guid":{"rendered":"http:\/\/www.hoymercedes.com.ar\/principal\/?p=38729"},"modified":"2014-12-28T22:18:51","modified_gmt":"2014-12-29T01:18:51","slug":"con-actividades-recreativas-y-musica-lanzaron-oficialmente-el-cepla-mercedes","status":"publish","type":"post","link":"https:\/\/www.hoymercedes.com.ar\/principal\/2014\/12\/28\/con-actividades-recreativas-y-musica-lanzaron-oficialmente-el-cepla-mercedes\/","title":{"rendered":"Con actividades recreativas y m\u00fasica lanzaron oficialmente el CEPLA Mercedes"},"content":{"rendered":"<p><a href=\"https:\/\/www.hoymercedes.com.ar\/principal\/wp-content\/uploads\/2014\/12\/CEPLA-2014CEPLA-2014DSCN9999.jpg\"><img loading=\"lazy\" decoding=\"async\" data-attachment-id=\"38730\" data-permalink=\"https:\/\/www.hoymercedes.com.ar\/principal\/2014\/12\/28\/con-actividades-recreativas-y-musica-lanzaron-oficialmente-el-cepla-mercedes\/cepla-2014cepla-2014dscn9999\/#main\" data-orig-file=\"https:\/\/www.hoymercedes.com.ar\/principal\/wp-content\/uploads\/2014\/12\/CEPLA-2014CEPLA-2014DSCN9999.jpg\" data-orig-size=\"620,465\" data-comments-opened=\"1\" data-image-meta=\"{&quot;aperture&quot;:&quot;4.5&quot;,&quot;credit&quot;:&quot;&quot;,&quot;camera&quot;:&quot;COOLPIX L310&quot;,&quot;caption&quot;:&quot;&quot;,&quot;created_timestamp&quot;:&quot;1419884853&quot;,&quot;copyright&quot;:&quot;&quot;,&quot;focal_length&quot;:&quot;18.6&quot;,&quot;iso&quot;:&quot;400&quot;,&quot;shutter_speed&quot;:&quot;0.0333333333333&quot;,&quot;title&quot;:&quot;&quot;,&quot;orientation&quot;:&quot;0&quot;}\" data-image-title=\"CEPLA-2014CEPLA-2014DSCN9999\" data-image-description=\"\" data-image-caption=\"\" data-large-file=\"https:\/\/www.hoymercedes.com.ar\/principal\/wp-content\/uploads\/2014\/12\/CEPLA-2014CEPLA-2014DSCN9999.jpg\" class=\"Img2014 aligncenter wp-image-38730 size-full\" title=\"Lorena Capello, Julio Maldonado\" src=\"https:\/\/www.hoymercedes.com.ar\/principal\/wp-content\/uploads\/2014\/12\/CEPLA-2014CEPLA-2014DSCN9999.jpg\" alt=\"Lorena Capello, Julio Maldonado\" width=\"620\" height=\"465\" \/><\/a><\/p>\n<p><em>En el \u00e1mbito del Complejo Cultural La Trocha y con diversas actividades recreativas se concret\u00f3 la oficializaci\u00f3n de la puesta en funcionamiento del \u201cCentro de Prevenci\u00f3n Local de Adicciones\u201d en Mercedes. Estuvieron presentes Juan Ustarroz, Fernando Florella, Julio Maldonado, Lorena Capello, la concejal Nela Arenilla y diversos representantes institucionales junto a un importante marco de p\u00fablico.<\/em><\/p>\n<p>Bandas en vivo, sectores de juego, espacios deportivos, presentaciones circenses y familias con el equipo de mate en la actividad recreativa del lanzamiento en Mercedes del \u201cCentro de Prevenci\u00f3n Local de Adicciones\u201d que anuncian esperan realizar un despliegue importante de acciones durante el 2015.<\/p>\n<p><a href=\"https:\/\/www.hoymercedes.com.ar\/principal\/wp-content\/uploads\/2014\/12\/CEPLA-2014CEPLA-2014DSCN9997.jpg\"><img loading=\"lazy\" decoding=\"async\" data-attachment-id=\"38731\" data-permalink=\"https:\/\/www.hoymercedes.com.ar\/principal\/2014\/12\/28\/con-actividades-recreativas-y-musica-lanzaron-oficialmente-el-cepla-mercedes\/cepla-2014cepla-2014dscn9997\/#main\" data-orig-file=\"https:\/\/www.hoymercedes.com.ar\/principal\/wp-content\/uploads\/2014\/12\/CEPLA-2014CEPLA-2014DSCN9997.jpg\" data-orig-size=\"620,465\" data-comments-opened=\"1\" data-image-meta=\"{&quot;aperture&quot;:&quot;4.5&quot;,&quot;credit&quot;:&quot;&quot;,&quot;camera&quot;:&quot;COOLPIX L310&quot;,&quot;caption&quot;:&quot;&quot;,&quot;created_timestamp&quot;:&quot;1419884731&quot;,&quot;copyright&quot;:&quot;&quot;,&quot;focal_length&quot;:&quot;18.6&quot;,&quot;iso&quot;:&quot;400&quot;,&quot;shutter_speed&quot;:&quot;0.0333333333333&quot;,&quot;title&quot;:&quot;&quot;,&quot;orientation&quot;:&quot;0&quot;}\" data-image-title=\"CEPLA-2014CEPLA-2014DSCN9997\" data-image-description=\"&lt;p&gt;Florella&lt;\/p&gt;\n\" data-image-caption=\"\" data-large-file=\"https:\/\/www.hoymercedes.com.ar\/principal\/wp-content\/uploads\/2014\/12\/CEPLA-2014CEPLA-2014DSCN9997.jpg\" class=\"Img2014 alignleft wp-image-38731 size-thumbnail\" title=\"Fernando Florella, defensor del pueblo mercedes\" src=\"https:\/\/www.hoymercedes.com.ar\/principal\/wp-content\/uploads\/2014\/12\/CEPLA-2014CEPLA-2014DSCN9997-150x150.jpg\" alt=\"Fernando Florella, defensor del pueblo mercedes\" width=\"150\" height=\"150\" srcset=\"https:\/\/www.hoymercedes.com.ar\/principal\/wp-content\/uploads\/2014\/12\/CEPLA-2014CEPLA-2014DSCN9997-150x150.jpg 150w, https:\/\/www.hoymercedes.com.ar\/principal\/wp-content\/uploads\/2014\/12\/CEPLA-2014CEPLA-2014DSCN9997-50x50.jpg 50w\" sizes=\"auto, (max-width: 150px) 100vw, 150px\" \/><\/a>Fernando Florella, Defensor del Pueblo de nuestra ciudad, expres\u00f3:<em> \u201cdesde la defensor\u00eda del pueblo queremos ser una garant\u00eda de derecho para todos los ciudadanos de la provincia de Buenos Aires y entre ello esto, acercarnos a la juventud y buscar su contenci\u00f3n (\u2026) muchas veces se estigmatiza\u00a0 a la juventud, desde un lugar sin propuestas, por la diversi\u00f3n, la droga (\u2026) tiempo atr\u00e1s vimos como chicos de la Escuela Industrial preparaban donaciones, para el hospital, juegos para una plaza pensado en chicos con discapacidad, esto muestra que la juventud no solamente quiere droga y diversi\u00f3n, sino que piensan en la salud, en la educaci\u00f3n y que son el futuro de nuestra sociedad, de Mercedes y la Naci\u00f3n. Desde la Defensor\u00eda queremos articular todas las pol\u00edticas necesarias para \u00e9stas actividades\u201d<\/em><\/p>\n<p><a href=\"https:\/\/www.hoymercedes.com.ar\/principal\/wp-content\/uploads\/2014\/12\/CEPLA-2014CEPLA-2014DSCN0003.jpg\"><img loading=\"lazy\" decoding=\"async\" data-attachment-id=\"38732\" data-permalink=\"https:\/\/www.hoymercedes.com.ar\/principal\/2014\/12\/28\/con-actividades-recreativas-y-musica-lanzaron-oficialmente-el-cepla-mercedes\/cepla-2014cepla-2014dscn0003\/#main\" data-orig-file=\"https:\/\/www.hoymercedes.com.ar\/principal\/wp-content\/uploads\/2014\/12\/CEPLA-2014CEPLA-2014DSCN0003.jpg\" data-orig-size=\"620,465\" data-comments-opened=\"1\" data-image-meta=\"{&quot;aperture&quot;:&quot;5.1&quot;,&quot;credit&quot;:&quot;&quot;,&quot;camera&quot;:&quot;COOLPIX L310&quot;,&quot;caption&quot;:&quot;&quot;,&quot;created_timestamp&quot;:&quot;1419884908&quot;,&quot;copyright&quot;:&quot;&quot;,&quot;focal_length&quot;:&quot;31.8&quot;,&quot;iso&quot;:&quot;400&quot;,&quot;shutter_speed&quot;:&quot;0.025&quot;,&quot;title&quot;:&quot;&quot;,&quot;orientation&quot;:&quot;0&quot;}\" data-image-title=\"CEPLA-2014CEPLA-2014DSCN0003\" data-image-description=\"\" data-image-caption=\"\" data-large-file=\"https:\/\/www.hoymercedes.com.ar\/principal\/wp-content\/uploads\/2014\/12\/CEPLA-2014CEPLA-2014DSCN0003.jpg\" class=\"Img2014 alignleft wp-image-38732 size-thumbnail\" src=\"https:\/\/www.hoymercedes.com.ar\/principal\/wp-content\/uploads\/2014\/12\/CEPLA-2014CEPLA-2014DSCN0003-150x150.jpg\" alt=\"Juan Ustarroz\" width=\"150\" height=\"150\" srcset=\"https:\/\/www.hoymercedes.com.ar\/principal\/wp-content\/uploads\/2014\/12\/CEPLA-2014CEPLA-2014DSCN0003-150x150.jpg 150w, https:\/\/www.hoymercedes.com.ar\/principal\/wp-content\/uploads\/2014\/12\/CEPLA-2014CEPLA-2014DSCN0003-50x50.jpg 50w\" sizes=\"auto, (max-width: 150px) 100vw, 150px\" \/><\/a><\/p>\n<p>Por su parte, Juan Ustarroz, presidente del bloque de concejales del Frente Mercedino coment\u00f3 ante los presentes: <em>\u201cquiero felicitar a Julio y todo el equipo que va a hacer posible que en Mercedes vaya a haber un Centro de Prevenciones y fundamentalmente trabajar para darle un abordaje a las adicciones, contando con un dispositivo m\u00e1s en Mercedes. Felicitaciones a todos, a los voluntarios, por las tareas en un tema tan serio, tan complejo, donde se requiere el aporte de todas las instituciones y las personas. Gracias a Julio Maldonado que voluntariamente se puso todo el equipo al hombro para que hoy estemos ac\u00e1 en esta jornada y en un momento en que se acerca fin de a\u00f1o y deseando en el 2015 el CEPLA pueda crecer, llegar a todas las familias y j\u00f3venes que necesitan de la intervenci\u00f3n, donde buscamos una sociedad mejor y poder desarrollarnos en igualdad, con justicia y oportunidades para todos. Ser\u00e1 un organismo cerca de la gente as\u00ed que \u00e9xitos y sepan que los acompa\u00f1aremos desde el lugar que nos toque\u201d.<\/em><\/p>\n<p>Una de las integrantes del CEPLA, Lorena Capelo, coment\u00f3<em>: \u201cDesde el CEPLA queremos agradecer a todos los presentes, en una jornada que invitamos a disfrutar, con m\u00fasica, actividades deportivas y comentarles el inter\u00e9s que nos genera a todo el equipo del CEPLA donde reci\u00e9n estamos lanzando y deseando se acerquen las instituciones as\u00ed como nos acercaremos nosotros para trabajar y conocernos.\u201d<\/em><\/p>\n<p><strong>CEPLA Mercedes<\/strong><\/p>\n<p>En Mercedes el \u201cCentro de Prevenci\u00f3n Local de Adicciones\u201d podr\u00e1 ser contactado en el 02324 \/ 425190 en calle 6 y 11 N\u00b0223 de lunes a viernes de 9.00hs a 13.00hs y de 17.00hs a 22.00hs. En Facebook est\u00e1n en: \u201cCepla Eluney Mercedes\u201d y el correo electr\u00f3nico es: <a href=\"mailto:ceplamercedes@gmail.com\">ceplamercedes@gmail.com<\/a><\/p>\n<p><strong>Jornada<\/strong><\/p>\n<p>En La Trocha hubo canchas de v\u00f3ley, de f\u00fatbol, espect\u00e1culo circense, bandas en vivo, servicio de cantina, canchas de f\u00fatbol tenis y familias mercedinas que se acercaban a disfrutar del predio en una jornada calurosa que no bien empezaba a descender el Sol ve\u00eda como se acercaban a ser parte de la propuesta.<\/p>\n<p><a href=\"https:\/\/www.hoymercedes.com.ar\/principal\/wp-content\/uploads\/2014\/12\/CEPLA-2014CEPLA-2014DSCN9989.jpg\"><img loading=\"lazy\" decoding=\"async\" data-attachment-id=\"38733\" data-permalink=\"https:\/\/www.hoymercedes.com.ar\/principal\/2014\/12\/28\/con-actividades-recreativas-y-musica-lanzaron-oficialmente-el-cepla-mercedes\/cepla-2014cepla-2014dscn9989\/#main\" data-orig-file=\"https:\/\/www.hoymercedes.com.ar\/principal\/wp-content\/uploads\/2014\/12\/CEPLA-2014CEPLA-2014DSCN9989.jpg\" data-orig-size=\"620,465\" data-comments-opened=\"1\" data-image-meta=\"{&quot;aperture&quot;:&quot;3.1&quot;,&quot;credit&quot;:&quot;&quot;,&quot;camera&quot;:&quot;COOLPIX L310&quot;,&quot;caption&quot;:&quot;&quot;,&quot;created_timestamp&quot;:&quot;1419884424&quot;,&quot;copyright&quot;:&quot;&quot;,&quot;focal_length&quot;:&quot;4.5&quot;,&quot;iso&quot;:&quot;400&quot;,&quot;shutter_speed&quot;:&quot;0.0333333333333&quot;,&quot;title&quot;:&quot;&quot;,&quot;orientation&quot;:&quot;0&quot;}\" data-image-title=\"CEPLA-2014CEPLA-2014DSCN9989\" data-image-description=\"\" data-image-caption=\"\" data-large-file=\"https:\/\/www.hoymercedes.com.ar\/principal\/wp-content\/uploads\/2014\/12\/CEPLA-2014CEPLA-2014DSCN9989.jpg\" class=\"Img2014 aligncenter wp-image-38733 size-full\" src=\"https:\/\/www.hoymercedes.com.ar\/principal\/wp-content\/uploads\/2014\/12\/CEPLA-2014CEPLA-2014DSCN9989.jpg\" alt=\"CEPLA-2014CEPLA-2014DSCN9989\" width=\"620\" height=\"465\" \/><\/a><\/p>\n<p>&nbsp;<\/p>\n","protected":false},"excerpt":{"rendered":"<p>En el \u00e1mbito del Complejo Cultural La Trocha y con diversas actividades recreativas se concret\u00f3 la oficializaci\u00f3n de la puesta &#8230; <a title=\"Con actividades recreativas y m\u00fasica lanzaron oficialmente el CEPLA Mercedes\" class=\"read-more\" href=\"https:\/\/www.hoymercedes.com.ar\/principal\/2014\/12\/28\/con-actividades-recreativas-y-musica-lanzaron-oficialmente-el-cepla-mercedes\/\" aria-label=\"Leer m\u00e1s sobre Con actividades recreativas y m\u00fasica lanzaron oficialmente el CEPLA Mercedes\">Leer m\u00e1s<\/a><\/p>\n","protected":false},"author":1,"featured_media":0,"comment_status":"open","ping_status":"open","sticky":false,"template":"","format":"standard","meta":{"_monsterinsights_skip_tracking":false,"_monsterinsights_sitenote_active":false,"_monsterinsights_sitenote_note":"","_monsterinsights_sitenote_category":0,"jetpack_post_was_ever_published":false,"_jetpack_newsletter_access":"","_jetpack_dont_email_post_to_subs":false,"_jetpack_newsletter_tier_id":0,"_jetpack_memberships_contains_paywalled_content":false,"_jetpack_memberships_contains_paid_content":false,"footnotes":"","jetpack_publicize_message":"","jetpack_publicize_feature_enabled":true,"jetpack_social_post_already_shared":true,"jetpack_social_options":{"image_generator_settings":{"template":"highway","default_image_id":0,"font":"","enabled":false},"version":2},"_wpas_customize_per_network":false},"categories":[8],"tags":[6723,6724,6722,6721,585,3848,6720],"class_list":["post-38729","post","type-post","status-publish","format-standard","hentry","category-sociedad","tag-centro-prevencion-local-adicciones-mercedes","tag-cepla-mercedes","tag-defensor-del-pueblo-mercedes","tag-fernando-florella","tag-juan-ustarroz","tag-julio-maldonado","tag-lorena-capello","generate-columns","tablet-grid-50","mobile-grid-100","grid-parent","grid-50"],"jetpack_publicize_connections":[],"jetpack_featured_media_url":"","wps_subtitle":"Desde Complejo Cultural La Trocha","jetpack_sharing_enabled":true,"_links":{"self":[{"href":"https:\/\/www.hoymercedes.com.ar\/principal\/wp-json\/wp\/v2\/posts\/38729","targetHints":{"allow":["GET"]}}],"collection":[{"href":"https:\/\/www.hoymercedes.com.ar\/principal\/wp-json\/wp\/v2\/posts"}],"about":[{"href":"https:\/\/www.hoymercedes.com.ar\/principal\/wp-json\/wp\/v2\/types\/post"}],"author":[{"embeddable":true,"href":"https:\/\/www.hoymercedes.com.ar\/principal\/wp-json\/wp\/v2\/users\/1"}],"replies":[{"embeddable":true,"href":"https:\/\/www.hoymercedes.com.ar\/principal\/wp-json\/wp\/v2\/comments?post=38729"}],"version-history":[{"count":0,"href":"https:\/\/www.hoymercedes.com.ar\/principal\/wp-json\/wp\/v2\/posts\/38729\/revisions"}],"wp:attachment":[{"href":"https:\/\/www.hoymercedes.com.ar\/principal\/wp-json\/wp\/v2\/media?parent=38729"}],"wp:term":[{"taxonomy":"category","embeddable":true,"href":"https:\/\/www.hoymercedes.com.ar\/principal\/wp-json\/wp\/v2\/categories?post=38729"},{"taxonomy":"post_tag","embeddable":true,"href":"https:\/\/www.hoymercedes.com.ar\/principal\/wp-json\/wp\/v2\/tags?post=38729"}],"curies":[{"name":"wp","href":"https:\/\/api.w.org\/{rel}","templated":true}]}}