{"id":3874,"date":"2011-04-30T17:55:05","date_gmt":"2011-04-30T17:55:05","guid":{"rendered":"http:\/\/www.hoymercedes.com.ar\/principal\/?p=3874"},"modified":"2011-04-30T17:55:05","modified_gmt":"2011-04-30T17:55:05","slug":"facebook-apocrifo-del-intendente","status":"publish","type":"post","link":"https:\/\/www.hoymercedes.com.ar\/principal\/2011\/04\/30\/facebook-apocrifo-del-intendente\/","title":{"rendered":"Facebook ap\u00f3crifo del intendente"},"content":{"rendered":"<p>Se ha dado a conocer la situaci\u00f3n que vive el intendente local respecto a Facebook donde le apareci\u00f3 una cuenta con su nombre en la cual estar\u00edan haci\u00e9ndose pasar por su persona cuando en realidad Carlos Selva no posee perfil en dicha red social. <\/p>\n<p>La red social no discrimina en nombres o perfiles por eso cualquiera puede crear una cuenta bajo el nombre que se le ocurre. Muchas personalidades del mundo verifican su autenticidad, es decir, se utiliza un mecanismo tal que las redes sociales garantiza es la real persona poseedora de la cuenta. Puede verse en el caso de los famosos en Twitter donde al lado de su nombre se encuentra un logo que dice: \u00abcuenta verificada\u00bb.<\/p>\n<p>En facebook es m\u00e1s dificil, pero posible. En este caso el intendente local se encuentra con la necesidad de aclarar dado que han estado utilizando su nombre y apellido para cuestiones que no se vinculan a su persona.<\/p>\n<p>De esta manera ya se puede afirmar que Carlos Selva intendente de Mercedes en Facebook no es real. <\/p>\n","protected":false},"excerpt":{"rendered":"<p>Se ha dado a conocer la situaci\u00f3n que vive el intendente local respecto a Facebook donde le apareci\u00f3 una cuenta &#8230; <a title=\"Facebook ap\u00f3crifo del intendente\" class=\"read-more\" href=\"https:\/\/www.hoymercedes.com.ar\/principal\/2011\/04\/30\/facebook-apocrifo-del-intendente\/\" aria-label=\"Leer m\u00e1s sobre Facebook ap\u00f3crifo del intendente\">Leer m\u00e1s<\/a><\/p>\n","protected":false},"author":1,"featured_media":0,"comment_status":"open","ping_status":"open","sticky":false,"template":"","format":"standard","meta":{"_monsterinsights_skip_tracking":false,"_monsterinsights_sitenote_active":false,"_monsterinsights_sitenote_note":"","_monsterinsights_sitenote_category":0,"jetpack_post_was_ever_published":false,"_jetpack_newsletter_access":"","_jetpack_dont_email_post_to_subs":false,"_jetpack_newsletter_tier_id":0,"_jetpack_memberships_contains_paywalled_content":false,"_jetpack_memberships_contains_paid_content":false,"footnotes":"","jetpack_publicize_message":"","jetpack_publicize_feature_enabled":true,"jetpack_social_post_already_shared":false,"jetpack_social_options":{"image_generator_settings":{"template":"highway","default_image_id":0,"font":"","enabled":false},"version":2},"_wpas_customize_per_network":false},"categories":[5],"tags":[39],"class_list":["post-3874","post","type-post","status-publish","format-standard","hentry","category-politica","tag-carlos-selva","generate-columns","tablet-grid-50","mobile-grid-100","grid-parent","grid-50"],"jetpack_publicize_connections":[],"jetpack_featured_media_url":"","wps_subtitle":"","jetpack_sharing_enabled":true,"_links":{"self":[{"href":"https:\/\/www.hoymercedes.com.ar\/principal\/wp-json\/wp\/v2\/posts\/3874","targetHints":{"allow":["GET"]}}],"collection":[{"href":"https:\/\/www.hoymercedes.com.ar\/principal\/wp-json\/wp\/v2\/posts"}],"about":[{"href":"https:\/\/www.hoymercedes.com.ar\/principal\/wp-json\/wp\/v2\/types\/post"}],"author":[{"embeddable":true,"href":"https:\/\/www.hoymercedes.com.ar\/principal\/wp-json\/wp\/v2\/users\/1"}],"replies":[{"embeddable":true,"href":"https:\/\/www.hoymercedes.com.ar\/principal\/wp-json\/wp\/v2\/comments?post=3874"}],"version-history":[{"count":0,"href":"https:\/\/www.hoymercedes.com.ar\/principal\/wp-json\/wp\/v2\/posts\/3874\/revisions"}],"wp:attachment":[{"href":"https:\/\/www.hoymercedes.com.ar\/principal\/wp-json\/wp\/v2\/media?parent=3874"}],"wp:term":[{"taxonomy":"category","embeddable":true,"href":"https:\/\/www.hoymercedes.com.ar\/principal\/wp-json\/wp\/v2\/categories?post=3874"},{"taxonomy":"post_tag","embeddable":true,"href":"https:\/\/www.hoymercedes.com.ar\/principal\/wp-json\/wp\/v2\/tags?post=3874"}],"curies":[{"name":"wp","href":"https:\/\/api.w.org\/{rel}","templated":true}]}}