{"id":38751,"date":"2014-12-29T22:08:07","date_gmt":"2014-12-30T01:08:07","guid":{"rendered":"http:\/\/www.hoymercedes.com.ar\/principal\/?p=38751"},"modified":"2014-12-29T22:09:37","modified_gmt":"2014-12-30T01:09:37","slug":"presupuesto-2015-una-partida-para-servicios-barriales-participativos-2","status":"publish","type":"post","link":"https:\/\/www.hoymercedes.com.ar\/principal\/2014\/12\/29\/presupuesto-2015-una-partida-para-servicios-barriales-participativos-2\/","title":{"rendered":"Presupuesto 2015: Una partida para Servicios Barriales Participativos"},"content":{"rendered":"<p><a href=\"https:\/\/www.hoymercedes.com.ar\/principal\/wp-content\/uploads\/2014\/12\/cestari-badano-2.jpg\"><img loading=\"lazy\" decoding=\"async\" data-attachment-id=\"38752\" data-permalink=\"https:\/\/www.hoymercedes.com.ar\/principal\/2014\/12\/29\/presupuesto-2015-una-partida-para-servicios-barriales-participativos-2\/cestari-badano-2-2\/#main\" data-orig-file=\"https:\/\/www.hoymercedes.com.ar\/principal\/wp-content\/uploads\/2014\/12\/cestari-badano-2.jpg\" data-orig-size=\"620,411\" data-comments-opened=\"1\" data-image-meta=\"{&quot;aperture&quot;:&quot;0&quot;,&quot;credit&quot;:&quot;&quot;,&quot;camera&quot;:&quot;&quot;,&quot;caption&quot;:&quot;&quot;,&quot;created_timestamp&quot;:&quot;0&quot;,&quot;copyright&quot;:&quot;&quot;,&quot;focal_length&quot;:&quot;0&quot;,&quot;iso&quot;:&quot;0&quot;,&quot;shutter_speed&quot;:&quot;0&quot;,&quot;title&quot;:&quot;&quot;,&quot;orientation&quot;:&quot;0&quot;}\" data-image-title=\"cestari-badano (2)\" data-image-description=\"\" data-image-caption=\"\" data-large-file=\"https:\/\/www.hoymercedes.com.ar\/principal\/wp-content\/uploads\/2014\/12\/cestari-badano-2.jpg\" class=\"Img2014 aligncenter wp-image-38752 size-full\" title=\"Jos\u00e9 Cestari, Juan Carlos Badano, MIC; PRO Mercedes\" src=\"https:\/\/www.hoymercedes.com.ar\/principal\/wp-content\/uploads\/2014\/12\/cestari-badano-2.jpg\" alt=\"Jos\u00e9 Cestari, Juan Carlos Badano, MIC; PRO Mercedes\" width=\"620\" height=\"411\" \/><\/a><\/p>\n<p><em><strong><span style=\"color: #000000;\">El MIC considera que la pol\u00edtica es una herramienta para mejorar la calidad de vida de la gente, hay que escuchar y respetar las opiniones de todos los Bloques que tienen representaci\u00f3n parlamentaria, pero hay que construir a partir de los consensos y hoy m\u00e1s que nunca no caer en antagonismos inconducentes.<\/span><\/strong><\/em><\/p>\n<p><span style=\"color: #000000;\">Los concejales Jos\u00e9 Cestari y Juan Carlos Badano presentaron el Proyecto de Ordenanza (Expediente 676\/14) ante la necesidad y conveniencia de incluir a la ciudadan\u00eda en los procesos de decisi\u00f3n sobre asignaci\u00f3n de recursos y ejecuci\u00f3n de obras p\u00fablicas y considerando que dicha inclusi\u00f3n se realiza a trav\u00e9s del modelo de presupuesto participativo, aplicado en numerosos municipios del pa\u00eds y del exterior, que en el pa\u00eds es aplicado por la Ciudad de Rosario, como as\u00ed tambi\u00e9n por los siguientes municipios del Conurbano Norte: Vicente L\u00f3pez, San Mart\u00edn, San Miguel, San Fernando y Mor\u00f3n, entre otros, que en el exterior se est\u00e1 aplicando exitosamente en las ciudades brasile\u00f1as de Porto Alegre y Curitiba desde la d\u00e9cada de 1980, siendo las experiencias recogidas en el \u00e1mbito local igualmente positivas, que conforme a ello los vecinos de cada una de las localidades que integran el Municipio de Mercedes deber\u00edan tener el derecho de elegir en qu\u00e9 se van a aplicar las partidas asignadas a sus barrios, que se deben generar m\u00e1s y mejores espacios en los que la participaci\u00f3n de todos aumente y permita que cada vez m\u00e1s vecinos sean parte de la gesti\u00f3n Municipal, que se debe intentar que el compromiso de todos los actores involucrados se traduzca en las tareas de todos los d\u00edas, que la transparencia es un valor que se verifica si se lo practica, que se aspira a mejorar los procesos de gesti\u00f3n involucrados en la descentralizaci\u00f3n y aprovechar la misma para mejorar el conjunto mediante el fortalecimiento de la participaci\u00f3n, que la participaci\u00f3n ciudadana y comunitaria es un conjunto de acciones tendientes a aumentar el acceso a decisiones, recursos o beneficios por parte de los ciudadanos y va unida al concepto de empoderamiento y control, que el objetivo del Presupuesto Participativo es lograr que el vecino deje de ser un mero peticionante para convertirse en un ciudadano que diagnostica, decide las prioridades y organiza la resoluci\u00f3n del problema con el concurso de las autoridades electas y que atento a las consideraciones que anteceden y con el fin de permitir al vecino emitir opini\u00f3n y participar en la asignaci\u00f3n de recursos y ejecuci\u00f3n de inversiones y obras p\u00fablicas en el barrio que corresponde a su domicilio.<\/span><\/p>\n<p><span style=\"color: #000000;\">Art\u00edculo 1\u00ba.-<\/span><span style=\"color: #000000;\">\u00a0 <\/span><span style=\"color: #000000;\">Establ\u00e9zcase que a partir del Presupuesto Municipal correspondiente al a\u00f1o 2015, una parte del mismo se confeccionar\u00e1 de acuerdo a la modalidad conocida como \u00abPresupuesto Participativo\u201d, cuyo proceso se establece en la presente Ordenanza.<\/span><\/p>\n<p><span style=\"color: #000000;\">Mientras la Ordenanza se siga trabajando en Comisi\u00f3n, para hacer las modificaciones en consenso y luego ser aprobada en el pr\u00f3ximo per\u00edodo legislativo, el MIC propuso crear la partida presupuestaria SERVICIOS BARRIALES PARTICIPATIVO en la estructura de la Secretar\u00eda de Obras y Servicios P\u00fablicos de $ 500.000, que fue aprobado por unanimidad, para que se comience a establecer un cronograma de reuniones barriales entre abril y agosto, se debata en que servicios gastar el dinero de acuerdo a las prioridades.<\/span><\/p>\n<p><span style=\"color: #000000;\">Esto es el punta pie inicial para acercar a la ciudadan\u00eda, la pol\u00edtica y la toma de decisiones barriales. Agradecemos a todos los concejales por acompa\u00f1arnos en la propuesta.<\/span><\/p>\n<p><span style=\"text-decoration: underline;\"><span style=\"color: #000000;\">Transporte Goldney \u2013 Mercedes.<\/span><\/span><\/p>\n<p><span style=\"color: #000000;\">El MIC present\u00f3 el expediente 413\/14, en la Sesi\u00f3n Ordinaria llevada a cabo en el mes de julio en la localidad de Goldney, ante la falta de un servicio p\u00fablico de transporte automotor directo entre las localidades de Goldney y Mercedes, se aprob\u00f3 por unanimidad el Proyecto de Resoluci\u00f3n, solicitando al Presidente de la Empresa Transportes Atl\u00e1ntida S.A para que informe si pueden incorporarse los siguientes recorridos<\/span><span style=\"color: #000000;\">\u00a0 <\/span><span style=\"color: #000000;\">de servicios de transporte automotor para que ingresen al centro de Goldney,<\/span><span style=\"color: #000000;\">\u00a0 <\/span><span style=\"color: #000000;\">a trav\u00e9s de alguna l\u00ednea (57 o La Flor de Luj\u00e1n).<\/span><\/p>\n<p><span style=\"color: #000000;\">La respuesta no lleg\u00f3 a la fecha y se incorpor\u00f3 la partida presupuestaria TRANSPORTE GOLDNEY \u2013 MERCEDES en la estructura de la Secretar\u00eda de Gobierno $ 180.000 que fue aprobado por unanimidad.<\/span><\/p>\n","protected":false},"excerpt":{"rendered":"<p>El MIC considera que la pol\u00edtica es una herramienta para mejorar la calidad de vida de la gente, hay que &#8230; <a title=\"Presupuesto 2015: Una partida para Servicios Barriales Participativos\" class=\"read-more\" href=\"https:\/\/www.hoymercedes.com.ar\/principal\/2014\/12\/29\/presupuesto-2015-una-partida-para-servicios-barriales-participativos-2\/\" aria-label=\"Leer m\u00e1s sobre Presupuesto 2015: Una partida para Servicios Barriales Participativos\">Leer m\u00e1s<\/a><\/p>\n","protected":false},"author":1,"featured_media":0,"comment_status":"open","ping_status":"open","sticky":false,"template":"","format":"standard","meta":{"_monsterinsights_skip_tracking":false,"_monsterinsights_sitenote_active":false,"_monsterinsights_sitenote_note":"","_monsterinsights_sitenote_category":0,"jetpack_post_was_ever_published":false,"_jetpack_newsletter_access":"","_jetpack_dont_email_post_to_subs":false,"_jetpack_newsletter_tier_id":0,"_jetpack_memberships_contains_paywalled_content":false,"_jetpack_memberships_contains_paid_content":false,"footnotes":"","jetpack_publicize_message":"","jetpack_publicize_feature_enabled":true,"jetpack_social_post_already_shared":true,"jetpack_social_options":{"image_generator_settings":{"template":"highway","default_image_id":0,"font":"","enabled":false},"version":2},"_wpas_customize_per_network":false},"categories":[5],"tags":[321,4098,6734],"class_list":["post-38751","post","type-post","status-publish","format-standard","hentry","category-politica","tag-jose-cestari","tag-juan-carlos-badano","tag-mic-pro-mercedes","generate-columns","tablet-grid-50","mobile-grid-100","grid-parent","grid-50"],"jetpack_publicize_connections":[],"jetpack_featured_media_url":"","wps_subtitle":"En la \u00faltima sesi\u00f3n del a\u00f1o","jetpack_sharing_enabled":true,"jetpack-related-posts":[{"id":45783,"url":"https:\/\/www.hoymercedes.com.ar\/principal\/2015\/11\/09\/mic-solicita-badano-y-cestari-devuelvan-las-bancas-del-h-c-d\/","url_meta":{"origin":38751,"position":0},"title":"MIC solicita Badano y Cestari devuelvan las bancas del H.C.D","author":"hoymercedes","date":"9 noviembre, 2015","format":false,"excerpt":"Piden que Jos\u00e9 Cestari y Carlos Badano devuelvan las bancas de concejal al MIC.\u00a0El debate tras las elecciones sigue abierto. En esta caso el presidente y vice del MIC, Nicol\u00e1s Quiroga y Cristian Torne encabezan la nota en que le piden a Jos\u00e9 Cestari y Carlos Badano devuelvan las bancas\u2026","rel":"","context":"En \u00abPol\u00edtica\u00bb","block_context":{"text":"Pol\u00edtica","link":"https:\/\/www.hoymercedes.com.ar\/principal\/category\/politica\/"},"img":{"alt_text":"","src":"https:\/\/i0.wp.com\/www.hoymercedes.com.ar\/principal\/wp-content\/uploads\/2014\/07\/Cestari-Badano.jpg?resize=350%2C200&ssl=1","width":350,"height":200,"srcset":"https:\/\/i0.wp.com\/www.hoymercedes.com.ar\/principal\/wp-content\/uploads\/2014\/07\/Cestari-Badano.jpg?resize=350%2C200&ssl=1 1x, https:\/\/i0.wp.com\/www.hoymercedes.com.ar\/principal\/wp-content\/uploads\/2014\/07\/Cestari-Badano.jpg?resize=525%2C300&ssl=1 1.5x"},"classes":[]},{"id":36406,"url":"https:\/\/www.hoymercedes.com.ar\/principal\/2014\/09\/25\/abren-calle-a-pedido-del-mic-en-29-entre-110-y-112\/","url_meta":{"origin":38751,"position":1},"title":"Abren calle a pedido del MIC en 29 entre 110 y 112","author":"hoymercedes","date":"25 septiembre, 2014","format":false,"excerpt":"Los vecinos de Villa Industrial Este han empezado a ver c\u00f3mo se est\u00e1 ejecutando un proyecto presentado en el Concejo Deliberante por Jos\u00e9 Cestari y Juan Carlos Badano, del Mercedes Independiente Comunal.\u00a0El proyecto prev\u00e9 que se abra la calle 29 entre 110 y 112 con las respectivas mejoras. Desde MIC\u2026","rel":"","context":"En \u00abPol\u00edtica\u00bb","block_context":{"text":"Pol\u00edtica","link":"https:\/\/www.hoymercedes.com.ar\/principal\/category\/politica\/"},"img":{"alt_text":"calleabiertamic","src":"https:\/\/i0.wp.com\/www.hoymercedes.com.ar\/principal\/wp-content\/uploads\/2014\/09\/calleabiertamic.jpg?resize=350%2C200","width":350,"height":200,"srcset":"https:\/\/i0.wp.com\/www.hoymercedes.com.ar\/principal\/wp-content\/uploads\/2014\/09\/calleabiertamic.jpg?resize=350%2C200 1x, https:\/\/i0.wp.com\/www.hoymercedes.com.ar\/principal\/wp-content\/uploads\/2014\/09\/calleabiertamic.jpg?resize=525%2C300 1.5x"},"classes":[]},{"id":36177,"url":"https:\/\/www.hoymercedes.com.ar\/principal\/2014\/09\/18\/mic-sigue-trabajando-fuerte-con-el-g25-del-pro-de-mauricio-macri\/","url_meta":{"origin":38751,"position":2},"title":"MIC sigue trabajando fuerte con el G25 del PRO de Mauricio Macri","author":"hoymercedes","date":"18 septiembre, 2014","format":false,"excerpt":"Una importante delegaci\u00f3n del MIC, encabezada por los concejales Jos\u00e9 Cestari y Juan Carlos Badano, asisti\u00f3 al mi\u00e9rcoles a la charla \u2013 debate \u201cLa Argentina que queremos es posible. Hag\u00e1mosla realidad juntos\u201d en la que se pudo conversar sobre pol\u00edticas de seguridad, justicia, educaci\u00f3n, econom\u00eda con Mar\u00eda Eugenia Vidal y\u2026","rel":"","context":"En \u00abPol\u00edtica\u00bb","block_context":{"text":"Pol\u00edtica","link":"https:\/\/www.hoymercedes.com.ar\/principal\/category\/politica\/"},"img":{"alt_text":"Cestari-Badano-VIdal","src":"https:\/\/i0.wp.com\/www.hoymercedes.com.ar\/principal\/wp-content\/uploads\/2014\/09\/Cestari-Badano-VIdal.jpg?resize=350%2C200","width":350,"height":200,"srcset":"https:\/\/i0.wp.com\/www.hoymercedes.com.ar\/principal\/wp-content\/uploads\/2014\/09\/Cestari-Badano-VIdal.jpg?resize=350%2C200 1x, https:\/\/i0.wp.com\/www.hoymercedes.com.ar\/principal\/wp-content\/uploads\/2014\/09\/Cestari-Badano-VIdal.jpg?resize=525%2C300 1.5x"},"classes":[]},{"id":36998,"url":"https:\/\/www.hoymercedes.com.ar\/principal\/2014\/10\/20\/mic-continua-dialogando-con-los-vecinos-e-invitando-a-participar\/","url_meta":{"origin":38751,"position":3},"title":"MIC contin\u00faa dialogando con los vecinos e invitando a participar","author":"hoymercedes","date":"20 octubre, 2014","format":false,"excerpt":"Despu\u00e9s de un extensa Sesi\u00f3n Ordinaria en el Honorable Concejo Deliberante, que termin\u00f3 el viernes 17 de octubre a las 23.30 hs, en la que se aprobaron varios proyectos presentados por el Bloque del MIC y otros pasaron a Comisiones para su tratamiento, el Concejal Jos\u00e9 Cestari, junto a varios\u2026","rel":"","context":"En \u00abPol\u00edtica\u00bb","block_context":{"text":"Pol\u00edtica","link":"https:\/\/www.hoymercedes.com.ar\/principal\/category\/politica\/"},"img":{"alt_text":"josecestario-mic-pro-vecinos","src":"https:\/\/i0.wp.com\/www.hoymercedes.com.ar\/principal\/wp-content\/uploads\/2014\/10\/josecestario-mic-pro-vecinos.jpg?resize=350%2C200","width":350,"height":200,"srcset":"https:\/\/i0.wp.com\/www.hoymercedes.com.ar\/principal\/wp-content\/uploads\/2014\/10\/josecestario-mic-pro-vecinos.jpg?resize=350%2C200 1x, https:\/\/i0.wp.com\/www.hoymercedes.com.ar\/principal\/wp-content\/uploads\/2014\/10\/josecestario-mic-pro-vecinos.jpg?resize=525%2C300 1.5x"},"classes":[]},{"id":32749,"url":"https:\/\/www.hoymercedes.com.ar\/principal\/2014\/05\/11\/mic-mercedes-lanzado-con-el-pro-y-macri\/","url_meta":{"origin":38751,"position":4},"title":"MIC y Jos\u00e9 Cestari relanzados con el PRO y Macri","author":"hoymercedes","date":"11 mayo, 2014","format":false,"excerpt":"El espacio pol\u00edtico de Jos\u00e9 Cestari ha dado un giro importante. Se ha incorporado plenamente a una fuerza nacional y a una figura central: Mauricio Macri y el PRO, que buscan construir en la provincia y el pa\u00eds con miras al 2015.\u00a0 Desde el Mercedes Independiente Comunal, que tiene a\u2026","rel":"","context":"En \u00abPol\u00edtica\u00bb","block_context":{"text":"Pol\u00edtica","link":"https:\/\/www.hoymercedes.com.ar\/principal\/category\/politica\/"},"img":{"alt_text":"MIC-PRO-II","src":"https:\/\/i0.wp.com\/www.hoymercedes.com.ar\/principal\/wp-content\/uploads\/2014\/05\/MIC-PRO-II.jpg?resize=350%2C200","width":350,"height":200,"srcset":"https:\/\/i0.wp.com\/www.hoymercedes.com.ar\/principal\/wp-content\/uploads\/2014\/05\/MIC-PRO-II.jpg?resize=350%2C200 1x, https:\/\/i0.wp.com\/www.hoymercedes.com.ar\/principal\/wp-content\/uploads\/2014\/05\/MIC-PRO-II.jpg?resize=525%2C300 1.5x"},"classes":[]},{"id":39658,"url":"https:\/\/www.hoymercedes.com.ar\/principal\/2015\/02\/19\/cestari-y-badano-continuan-recorriendo-los-barrios\/","url_meta":{"origin":38751,"position":5},"title":"Cestari y Badano contin\u00faan recorriendo los barrios","author":"hoymercedes","date":"19 febrero, 2015","format":false,"excerpt":"Desde el espacio que conduce Jos\u00e9 Cestari manifiestan una vez m\u00e1s la necesidad de estar cerca de la poblaci\u00f3n local que habita los barrios. Es por ello que contin\u00faan recorri\u00e9ndolos y efectuando un punteo de las principales necesidades de cada lugar. Al respecto manifestaron: Los concejales del MIC, Jos\u00e9 Cestari\u2026","rel":"","context":"En \u00abPol\u00edtica\u00bb","block_context":{"text":"Pol\u00edtica","link":"https:\/\/www.hoymercedes.com.ar\/principal\/category\/politica\/"},"img":{"alt_text":"cestari.barrios.necesidadobras","src":"https:\/\/i0.wp.com\/www.hoymercedes.com.ar\/principal\/wp-content\/uploads\/2015\/02\/cestari.barrios.necesidadobras.jpg?resize=350%2C200","width":350,"height":200,"srcset":"https:\/\/i0.wp.com\/www.hoymercedes.com.ar\/principal\/wp-content\/uploads\/2015\/02\/cestari.barrios.necesidadobras.jpg?resize=350%2C200 1x, https:\/\/i0.wp.com\/www.hoymercedes.com.ar\/principal\/wp-content\/uploads\/2015\/02\/cestari.barrios.necesidadobras.jpg?resize=525%2C300 1.5x"},"classes":[]}],"_links":{"self":[{"href":"https:\/\/www.hoymercedes.com.ar\/principal\/wp-json\/wp\/v2\/posts\/38751","targetHints":{"allow":["GET"]}}],"collection":[{"href":"https:\/\/www.hoymercedes.com.ar\/principal\/wp-json\/wp\/v2\/posts"}],"about":[{"href":"https:\/\/www.hoymercedes.com.ar\/principal\/wp-json\/wp\/v2\/types\/post"}],"author":[{"embeddable":true,"href":"https:\/\/www.hoymercedes.com.ar\/principal\/wp-json\/wp\/v2\/users\/1"}],"replies":[{"embeddable":true,"href":"https:\/\/www.hoymercedes.com.ar\/principal\/wp-json\/wp\/v2\/comments?post=38751"}],"version-history":[{"count":0,"href":"https:\/\/www.hoymercedes.com.ar\/principal\/wp-json\/wp\/v2\/posts\/38751\/revisions"}],"wp:attachment":[{"href":"https:\/\/www.hoymercedes.com.ar\/principal\/wp-json\/wp\/v2\/media?parent=38751"}],"wp:term":[{"taxonomy":"category","embeddable":true,"href":"https:\/\/www.hoymercedes.com.ar\/principal\/wp-json\/wp\/v2\/categories?post=38751"},{"taxonomy":"post_tag","embeddable":true,"href":"https:\/\/www.hoymercedes.com.ar\/principal\/wp-json\/wp\/v2\/tags?post=38751"}],"curies":[{"name":"wp","href":"https:\/\/api.w.org\/{rel}","templated":true}]}}