{"id":38762,"date":"2014-12-30T00:47:15","date_gmt":"2014-12-30T03:47:15","guid":{"rendered":"http:\/\/www.hoymercedes.com.ar\/principal\/?p=38762"},"modified":"2015-01-06T00:34:41","modified_gmt":"2015-01-06T03:34:41","slug":"cinematografico-robo-en-lujan-heridos-balacera-vuelco-y-detenciones","status":"publish","type":"post","link":"https:\/\/www.hoymercedes.com.ar\/principal\/2014\/12\/30\/cinematografico-robo-en-lujan-heridos-balacera-vuelco-y-detenciones\/","title":{"rendered":"Cinematogr\u00e1fico robo en Luj\u00e1n: heridos, balacera, vuelco y detenciones"},"content":{"rendered":"<p><a href=\"https:\/\/www.hoymercedes.com.ar\/principal\/wp-content\/uploads\/2014\/12\/robo-lujan-29.12.2014.jpg\"><img loading=\"lazy\" decoding=\"async\" data-attachment-id=\"38763\" data-permalink=\"https:\/\/www.hoymercedes.com.ar\/principal\/2014\/12\/30\/cinematografico-robo-en-lujan-heridos-balacera-vuelco-y-detenciones\/robo-lujan-29-12-2014\/#main\" data-orig-file=\"https:\/\/www.hoymercedes.com.ar\/principal\/wp-content\/uploads\/2014\/12\/robo-lujan-29.12.2014.jpg\" data-orig-size=\"620,438\" data-comments-opened=\"1\" data-image-meta=\"{&quot;aperture&quot;:&quot;2.4&quot;,&quot;credit&quot;:&quot;&quot;,&quot;camera&quot;:&quot;Nokia Lumia 710&quot;,&quot;caption&quot;:&quot;&quot;,&quot;created_timestamp&quot;:&quot;1419873470&quot;,&quot;copyright&quot;:&quot;&quot;,&quot;focal_length&quot;:&quot;0&quot;,&quot;iso&quot;:&quot;0&quot;,&quot;shutter_speed&quot;:&quot;0.0017667844523&quot;,&quot;title&quot;:&quot;&quot;,&quot;orientation&quot;:&quot;0&quot;}\" data-image-title=\"robo-lujan-29.12.2014\" data-image-description=\"\" data-image-caption=\"\" data-large-file=\"https:\/\/www.hoymercedes.com.ar\/principal\/wp-content\/uploads\/2014\/12\/robo-lujan-29.12.2014.jpg\" class=\"Img2014 aligncenter wp-image-38763 size-full\" title=\"Robos en Luj\u00e1n\" src=\"https:\/\/www.hoymercedes.com.ar\/principal\/wp-content\/uploads\/2014\/12\/robo-lujan-29.12.2014.jpg\" alt=\"robo-lujan-29.12.2014\" width=\"620\" height=\"438\" \/><\/a><\/p>\n<p><strong><em>Un cinematogr\u00e1fico robo se vivi\u00f3 en la vecina ciudad de Luj\u00e1n con la intervenci\u00f3n de cinco delincuentes, la polic\u00eda, vuelvo de un veh\u00edculo, disparos y persecuci\u00f3n. Los asaltantes quedaron todos detenidos tras la acci\u00f3n de las fuerzas de seguridad. Una oficial herida. <\/em><\/strong><\/p>\n<p>Los ahora detenidos intercambiaron una importante cantidad de disparos con la polic\u00eda tras generarse la persecuci\u00f3n luego de que robaran en Las Heras y Constituci\u00f3n una camioneta.<\/p>\n<p>Quedaron cinco personas tras las rejas. El vuelco del veh\u00edculo se produjo en avenida Beschtedt y fue el mismo que hab\u00edan robado. En la persecuci\u00f3n hubo una verdadera balacera que termin\u00f3 con el desenlace de tres heridos. Dos detenidos y una mujer polic\u00eda recientemente egresada de 25 a\u00f1os de edad.<img loading=\"lazy\" decoding=\"async\" data-attachment-id=\"38764\" data-permalink=\"https:\/\/www.hoymercedes.com.ar\/principal\/2014\/12\/30\/cinematografico-robo-en-lujan-heridos-balacera-vuelco-y-detenciones\/robo-lujan-29-12-2014-1\/#main\" data-orig-file=\"https:\/\/www.hoymercedes.com.ar\/principal\/wp-content\/uploads\/2014\/12\/robo-lujan-29.12.2014-1.jpg\" data-orig-size=\"620,413\" data-comments-opened=\"1\" data-image-meta=\"{&quot;aperture&quot;:&quot;2.8&quot;,&quot;credit&quot;:&quot;&quot;,&quot;camera&quot;:&quot;XT610 437e0002ffd80000015f0da81401602a&quot;,&quot;caption&quot;:&quot;&quot;,&quot;created_timestamp&quot;:&quot;1419877364&quot;,&quot;copyright&quot;:&quot;&quot;,&quot;focal_length&quot;:&quot;4&quot;,&quot;iso&quot;:&quot;105&quot;,&quot;shutter_speed&quot;:&quot;0.000528&quot;,&quot;title&quot;:&quot;&quot;,&quot;orientation&quot;:&quot;0&quot;}\" data-image-title=\"robo-lujan-29.12.2014-1\" data-image-description=\"\" data-image-caption=\"\" data-large-file=\"https:\/\/www.hoymercedes.com.ar\/principal\/wp-content\/uploads\/2014\/12\/robo-lujan-29.12.2014-1.jpg\" class=\"Img2014 aligncenter wp-image-38764 size-full\" src=\"https:\/\/www.hoymercedes.com.ar\/principal\/wp-content\/uploads\/2014\/12\/robo-lujan-29.12.2014-1.jpg\" alt=\"robo-lujan-29.12.2014-1\" width=\"620\" height=\"413\" \/><\/p>\n<p>Los hechos sucedieron cerca de las 14.00hs donde varios delincuentes robaron una camioneta Volkswagen Amarok en el cruce de Las Heras y Constituci\u00f3n. El conductor, oriundo de Pueblo Nuevo, que se trasladaba con un amigo, fueron abordados por cuatro personas fuertemente armadas levantando a pocas cuadras a un quinto que era c\u00f3mplice. Apenas instantes de sucedido el robo la polic\u00eda que pasaba por la zona mientras patrullaba es alertada y comienza la persecuci\u00f3n.<\/p>\n<p>M\u00e1s m\u00f3viles se sumaron y mientras los ladrones buscaban Acceso Oeste tomaron un desv\u00edo por un callej\u00f3n donde se termina produciendo un enfrentamiento fuert\u00edsimo con la polic\u00eda generando la herida en uno de los delincuentes. La huida contin\u00faa y nuevamente minutos despu\u00e9s se genera un segundo enfrentamiento con otro delincuente herido.<\/p>\n<p>Con dos heridos por parte de los asaltantes, uno en el t\u00f3rax y otro en la pierna la situaci\u00f3n era extremadamente tensa.<\/p>\n<p>La polic\u00eda, de apellido Ferreyra, recibi\u00f3 tambi\u00e9n un balazo que ingres\u00f3 en su cabeza y se desliz\u00f3 por el cuero cabelludo dej\u00e1ndola fuera de peligro y bajo las l\u00f3gicas atenciones m\u00e9dicas. Seg\u00fan explicaron fuentes policiales a Luj\u00e1nHoy, <em>\u00abla bala ingres\u00f3 por el parietal izquierdo, a la altura de la sien, pero milagrosamente recorri\u00f3 todo la zona del cuero cabelludo y sali\u00f3 sin dejar secuelas. Y seg\u00fan los datos brindados por el m\u00e9dico que la atendi\u00f3, tiene un esquirla aunque no representa consecuencias para su favorable evoluci\u00f3n\u00bb.<\/em><\/p>\n<p>De San Mart\u00edn, Pablo Nogu\u00e9s y La Matanza ser\u00edan los detenidos. En la causa entiende el fiscal Pablo Vieiro, titular de la UFI N\u00b09. La car\u00e1tula quedar\u00eda enmarcada como \u201chomicidio calificado criminis causa en grado de tentativa, en concurso real con robo calificado por el uso de arma apta para disparo y por su comisi\u00f3n en poblado y en banda\u00bb, \u00abutilizaci\u00f3n de arma de guerra\u00bb y \u00ababuso de arma agravado\u00bb<\/p>\n","protected":false},"excerpt":{"rendered":"<p>Un cinematogr\u00e1fico robo se vivi\u00f3 en la vecina ciudad de Luj\u00e1n con la intervenci\u00f3n de cinco delincuentes, la polic\u00eda, vuelvo &#8230; <a title=\"Cinematogr\u00e1fico robo en Luj\u00e1n: heridos, balacera, vuelco y detenciones\" class=\"read-more\" href=\"https:\/\/www.hoymercedes.com.ar\/principal\/2014\/12\/30\/cinematografico-robo-en-lujan-heridos-balacera-vuelco-y-detenciones\/\" aria-label=\"Leer m\u00e1s sobre Cinematogr\u00e1fico robo en Luj\u00e1n: heridos, balacera, vuelco y detenciones\">Leer m\u00e1s<\/a><\/p>\n","protected":false},"author":1,"featured_media":0,"comment_status":"open","ping_status":"open","sticky":false,"template":"","format":"standard","meta":{"_monsterinsights_skip_tracking":false,"_monsterinsights_sitenote_active":false,"_monsterinsights_sitenote_note":"","_monsterinsights_sitenote_category":0,"jetpack_post_was_ever_published":false,"_jetpack_newsletter_access":"","_jetpack_dont_email_post_to_subs":false,"_jetpack_newsletter_tier_id":0,"_jetpack_memberships_contains_paywalled_content":false,"_jetpack_memberships_contains_paid_content":false,"footnotes":"","jetpack_publicize_message":"","jetpack_publicize_feature_enabled":true,"jetpack_social_post_already_shared":true,"jetpack_social_options":{"image_generator_settings":{"template":"highway","default_image_id":0,"font":"","enabled":false},"version":2},"_wpas_customize_per_network":false},"categories":[85],"tags":[6738],"class_list":["post-38762","post","type-post","status-publish","format-standard","hentry","category-policial","tag-robos-en-lujan","generate-columns","tablet-grid-50","mobile-grid-100","grid-parent","grid-50"],"jetpack_publicize_connections":[],"jetpack_featured_media_url":"","wps_subtitle":"Robaron una camioneta","jetpack_sharing_enabled":true,"_links":{"self":[{"href":"https:\/\/www.hoymercedes.com.ar\/principal\/wp-json\/wp\/v2\/posts\/38762","targetHints":{"allow":["GET"]}}],"collection":[{"href":"https:\/\/www.hoymercedes.com.ar\/principal\/wp-json\/wp\/v2\/posts"}],"about":[{"href":"https:\/\/www.hoymercedes.com.ar\/principal\/wp-json\/wp\/v2\/types\/post"}],"author":[{"embeddable":true,"href":"https:\/\/www.hoymercedes.com.ar\/principal\/wp-json\/wp\/v2\/users\/1"}],"replies":[{"embeddable":true,"href":"https:\/\/www.hoymercedes.com.ar\/principal\/wp-json\/wp\/v2\/comments?post=38762"}],"version-history":[{"count":0,"href":"https:\/\/www.hoymercedes.com.ar\/principal\/wp-json\/wp\/v2\/posts\/38762\/revisions"}],"wp:attachment":[{"href":"https:\/\/www.hoymercedes.com.ar\/principal\/wp-json\/wp\/v2\/media?parent=38762"}],"wp:term":[{"taxonomy":"category","embeddable":true,"href":"https:\/\/www.hoymercedes.com.ar\/principal\/wp-json\/wp\/v2\/categories?post=38762"},{"taxonomy":"post_tag","embeddable":true,"href":"https:\/\/www.hoymercedes.com.ar\/principal\/wp-json\/wp\/v2\/tags?post=38762"}],"curies":[{"name":"wp","href":"https:\/\/api.w.org\/{rel}","templated":true}]}}