{"id":38839,"date":"2015-01-05T07:53:40","date_gmt":"2015-01-05T10:53:40","guid":{"rendered":"http:\/\/www.hoymercedes.com.ar\/principal\/?p=38839"},"modified":"2015-01-12T08:17:42","modified_gmt":"2015-01-12T11:17:42","slug":"12-imagenes-que-nos-dejo-el-2014","status":"publish","type":"post","link":"https:\/\/www.hoymercedes.com.ar\/principal\/2015\/01\/05\/12-imagenes-que-nos-dejo-el-2014\/","title":{"rendered":"12 im\u00e1genes que nos dej\u00f3 el 2014"},"content":{"rendered":"<p>Como cada a\u00f1o que pasa nos quedan im\u00e1genes en la retina que nos permitir\u00e1n refrescar el a\u00f1o que pas\u00f3. Desde importantes hechos pol\u00edticos a acontecimientos sociales y deportivos que marcaron la agenda ciudadana, d\u00e1ndonos alegr\u00edas, preocupaciones y visiones de futuro.<\/p>\n<p><a href=\"https:\/\/www.hoymercedes.com.ar\/principal\/wp-content\/uploads\/2015\/01\/tarifazo-57.jpg\"><img loading=\"lazy\" decoding=\"async\" data-attachment-id=\"38840\" data-permalink=\"https:\/\/www.hoymercedes.com.ar\/principal\/2015\/01\/05\/12-imagenes-que-nos-dejo-el-2014\/tarifazo-57\/#main\" data-orig-file=\"https:\/\/www.hoymercedes.com.ar\/principal\/wp-content\/uploads\/2015\/01\/tarifazo-57.jpg\" data-orig-size=\"620,465\" data-comments-opened=\"1\" data-image-meta=\"{&quot;aperture&quot;:&quot;0&quot;,&quot;credit&quot;:&quot;&quot;,&quot;camera&quot;:&quot;&quot;,&quot;caption&quot;:&quot;&quot;,&quot;created_timestamp&quot;:&quot;0&quot;,&quot;copyright&quot;:&quot;&quot;,&quot;focal_length&quot;:&quot;0&quot;,&quot;iso&quot;:&quot;0&quot;,&quot;shutter_speed&quot;:&quot;0&quot;,&quot;title&quot;:&quot;&quot;,&quot;orientation&quot;:&quot;0&quot;}\" data-image-title=\"tarifazo-57\" data-image-description=\"\" data-image-caption=\"\" data-large-file=\"https:\/\/www.hoymercedes.com.ar\/principal\/wp-content\/uploads\/2015\/01\/tarifazo-57.jpg\" class=\"Img2014 aligncenter wp-image-38840 size-full\" src=\"https:\/\/www.hoymercedes.com.ar\/principal\/wp-content\/uploads\/2015\/01\/tarifazo-57.jpg\" alt=\"tarifazo-57\" width=\"620\" height=\"465\" \/><\/a><\/p>\n<p><strong>Tarifazo<\/strong><\/p>\n<p>En enero se vivi\u00f3 un gran aumento del valor de colectivos en todo el pa\u00eds. En Mercedes a nivel local tambi\u00e9n y en particular con la l\u00ednea 57 que miles de mercedinos utilizan cotidianamente. Hubo movilizaciones, reclamos, pedidos a los cuerpos deliberativos, v\u00ednculos con lujanenes y de otras localidades. El tarifazo, igual, se concret\u00f3.<\/p>\n<p><a href=\"https:\/\/www.hoymercedes.com.ar\/principal\/wp-content\/uploads\/2015\/01\/Elimpark.jpg\"><img loading=\"lazy\" decoding=\"async\" data-attachment-id=\"38843\" data-permalink=\"https:\/\/www.hoymercedes.com.ar\/principal\/2015\/01\/05\/12-imagenes-que-nos-dejo-el-2014\/elimpark\/#main\" data-orig-file=\"https:\/\/www.hoymercedes.com.ar\/principal\/wp-content\/uploads\/2015\/01\/Elimpark.jpg\" data-orig-size=\"620,465\" data-comments-opened=\"1\" data-image-meta=\"{&quot;aperture&quot;:&quot;0&quot;,&quot;credit&quot;:&quot;&quot;,&quot;camera&quot;:&quot;&quot;,&quot;caption&quot;:&quot;&quot;,&quot;created_timestamp&quot;:&quot;0&quot;,&quot;copyright&quot;:&quot;&quot;,&quot;focal_length&quot;:&quot;0&quot;,&quot;iso&quot;:&quot;0&quot;,&quot;shutter_speed&quot;:&quot;0&quot;,&quot;title&quot;:&quot;&quot;,&quot;orientation&quot;:&quot;0&quot;}\" data-image-title=\"Elimpark\" data-image-description=\"\" data-image-caption=\"\" data-large-file=\"https:\/\/www.hoymercedes.com.ar\/principal\/wp-content\/uploads\/2015\/01\/Elimpark.jpg\" class=\"Img2014 aligncenter wp-image-38843 size-full\" src=\"https:\/\/www.hoymercedes.com.ar\/principal\/wp-content\/uploads\/2015\/01\/Elimpark.jpg\" alt=\"Elimpark\" width=\"620\" height=\"465\" \/><\/a><\/p>\n<p><strong>Elimpark<\/strong><\/p>\n<p>La empresa Elimpark se instala en Mercedes y se inicia una pol\u00e9mica que sigue hasta estos d\u00edas: estacionamiento medido. Comerciantes empiezan a quejarse. Los medios de comunicaci\u00f3n realizan informes. Los pol\u00edticos opinan. La realidad se impone y hoy nuestra ciudad cuenta con un cobro por estacionar en el radio c\u00e9ntrico. Con el tiempo se ampli\u00f3. Hubo movilizaciones, asambleas y reclamos.<\/p>\n<p><a href=\"https:\/\/www.hoymercedes.com.ar\/principal\/wp-content\/uploads\/2015\/01\/24marzo.jpg\"><img loading=\"lazy\" decoding=\"async\" data-attachment-id=\"38841\" data-permalink=\"https:\/\/www.hoymercedes.com.ar\/principal\/2015\/01\/05\/12-imagenes-que-nos-dejo-el-2014\/24marzo\/#main\" data-orig-file=\"https:\/\/www.hoymercedes.com.ar\/principal\/wp-content\/uploads\/2015\/01\/24marzo.jpg\" data-orig-size=\"620,411\" data-comments-opened=\"1\" data-image-meta=\"{&quot;aperture&quot;:&quot;0&quot;,&quot;credit&quot;:&quot;&quot;,&quot;camera&quot;:&quot;&quot;,&quot;caption&quot;:&quot;&quot;,&quot;created_timestamp&quot;:&quot;0&quot;,&quot;copyright&quot;:&quot;&quot;,&quot;focal_length&quot;:&quot;0&quot;,&quot;iso&quot;:&quot;0&quot;,&quot;shutter_speed&quot;:&quot;0&quot;,&quot;title&quot;:&quot;&quot;,&quot;orientation&quot;:&quot;0&quot;}\" data-image-title=\"24marzo\" data-image-description=\"\" data-image-caption=\"\" data-large-file=\"https:\/\/www.hoymercedes.com.ar\/principal\/wp-content\/uploads\/2015\/01\/24marzo.jpg\" class=\"Img2014 aligncenter wp-image-38841 size-full\" src=\"https:\/\/www.hoymercedes.com.ar\/principal\/wp-content\/uploads\/2015\/01\/24marzo.jpg\" alt=\"24marzo\" width=\"620\" height=\"411\" \/><\/a><\/p>\n<p><strong>Por siempre presentes<\/strong><\/p>\n<p>El 24 de marzo se llev\u00f3 a cabo un nuevo acto por los detenidos, desaparecidos y asesinados de nuestra ciudad y de todo el pa\u00eds. Se concret\u00f3 en plaza San Mart\u00edn y recordando a cada mercedino que hoy ya no est\u00e1 o fue perseguido por la dictadura c\u00edvico militar, que cont\u00f3 con la complicidad de empresas, la iglesia y medios de comunicaci\u00f3n. Nunca m\u00e1s.<\/p>\n<p><a href=\"https:\/\/www.hoymercedes.com.ar\/principal\/wp-content\/uploads\/2015\/01\/scioli-bapro.jpg\"><img loading=\"lazy\" decoding=\"async\" data-attachment-id=\"38848\" data-permalink=\"https:\/\/www.hoymercedes.com.ar\/principal\/2015\/01\/05\/12-imagenes-que-nos-dejo-el-2014\/scioli-bapro\/#main\" data-orig-file=\"https:\/\/www.hoymercedes.com.ar\/principal\/wp-content\/uploads\/2015\/01\/scioli-bapro.jpg\" data-orig-size=\"620,304\" data-comments-opened=\"1\" data-image-meta=\"{&quot;aperture&quot;:&quot;0&quot;,&quot;credit&quot;:&quot;&quot;,&quot;camera&quot;:&quot;&quot;,&quot;caption&quot;:&quot;&quot;,&quot;created_timestamp&quot;:&quot;0&quot;,&quot;copyright&quot;:&quot;&quot;,&quot;focal_length&quot;:&quot;0&quot;,&quot;iso&quot;:&quot;0&quot;,&quot;shutter_speed&quot;:&quot;0&quot;,&quot;title&quot;:&quot;&quot;,&quot;orientation&quot;:&quot;0&quot;}\" data-image-title=\"scioli-bapro\" data-image-description=\"\" data-image-caption=\"\" data-large-file=\"https:\/\/www.hoymercedes.com.ar\/principal\/wp-content\/uploads\/2015\/01\/scioli-bapro.jpg\" class=\"Img2014 aligncenter wp-image-38848 size-full\" src=\"https:\/\/www.hoymercedes.com.ar\/principal\/wp-content\/uploads\/2015\/01\/scioli-bapro.jpg\" alt=\"scioli-bapro\" width=\"620\" height=\"304\" \/><\/a><\/p>\n<p><strong>150 del BAPRO<\/strong><\/p>\n<p>El Banco Provincia de nuestra ciudad se convierte en una de las instituciones m\u00e1s viejas de la ciudad. Cumpli\u00f3 150 a\u00f1os con reformas en su interior, m\u00e1s cajeros y otra organizaci\u00f3n espacial. Eso s\u00ed, de las atenciones al p\u00fablico nada cambi\u00f3, sigue siendo muy complejo cada tr\u00e1mite. Estuvo Daniel Scioli, los directivos de la entidad, Carlos Selva, De Pedo y diversas personalidades locales.<\/p>\n<p><a href=\"https:\/\/www.hoymercedes.com.ar\/principal\/wp-content\/uploads\/2015\/01\/espuma-riolujan.jpg\"><img loading=\"lazy\" decoding=\"async\" data-attachment-id=\"38844\" data-permalink=\"https:\/\/www.hoymercedes.com.ar\/principal\/2015\/01\/05\/12-imagenes-que-nos-dejo-el-2014\/espuma-riolujan\/#main\" data-orig-file=\"https:\/\/www.hoymercedes.com.ar\/principal\/wp-content\/uploads\/2015\/01\/espuma-riolujan.jpg\" data-orig-size=\"620,827\" data-comments-opened=\"1\" data-image-meta=\"{&quot;aperture&quot;:&quot;0&quot;,&quot;credit&quot;:&quot;&quot;,&quot;camera&quot;:&quot;&quot;,&quot;caption&quot;:&quot;&quot;,&quot;created_timestamp&quot;:&quot;0&quot;,&quot;copyright&quot;:&quot;&quot;,&quot;focal_length&quot;:&quot;0&quot;,&quot;iso&quot;:&quot;0&quot;,&quot;shutter_speed&quot;:&quot;0&quot;,&quot;title&quot;:&quot;&quot;,&quot;orientation&quot;:&quot;0&quot;}\" data-image-title=\"espuma-riolujan\" data-image-description=\"\" data-image-caption=\"\" data-large-file=\"https:\/\/www.hoymercedes.com.ar\/principal\/wp-content\/uploads\/2015\/01\/espuma-riolujan.jpg\" class=\"Img2014 aligncenter wp-image-38844 size-full\" src=\"https:\/\/www.hoymercedes.com.ar\/principal\/wp-content\/uploads\/2015\/01\/espuma-riolujan.jpg\" alt=\"espuma-riolujan\" width=\"620\" height=\"827\" srcset=\"https:\/\/www.hoymercedes.com.ar\/principal\/wp-content\/uploads\/2015\/01\/espuma-riolujan.jpg 620w, https:\/\/www.hoymercedes.com.ar\/principal\/wp-content\/uploads\/2015\/01\/espuma-riolujan-465x620.jpg 465w\" sizes=\"auto, (max-width: 620px) 100vw, 620px\" \/><\/a><\/p>\n<p><strong>Espuma<\/strong><\/p>\n<p>El R\u00edo Luj\u00e1n mostr\u00f3 durante diversos momentos del a\u00f1o una espuma blanca, con olores fuertes y explicaci\u00f3n nula respecto a su origen. Durante varios meses nos acompa\u00f1\u00f3. Desde la provincia efectuaron mediciones, as\u00ed como desde la Comuna, que siempre arrojaron resultados negativos respecto a la contaminaci\u00f3n. Los vecinos y ambientalistas manifestaban su preocupaci\u00f3n.<\/p>\n<p><a href=\"https:\/\/www.hoymercedes.com.ar\/principal\/wp-content\/uploads\/2015\/01\/bossio-procrear.jpg\"><img loading=\"lazy\" decoding=\"async\" data-attachment-id=\"38842\" data-permalink=\"https:\/\/www.hoymercedes.com.ar\/principal\/2015\/01\/05\/12-imagenes-que-nos-dejo-el-2014\/bossio-procrear-2\/#main\" data-orig-file=\"https:\/\/www.hoymercedes.com.ar\/principal\/wp-content\/uploads\/2015\/01\/bossio-procrear.jpg\" data-orig-size=\"620,368\" data-comments-opened=\"1\" data-image-meta=\"{&quot;aperture&quot;:&quot;0&quot;,&quot;credit&quot;:&quot;SEBASTIAN_AMBROSSIO&quot;,&quot;camera&quot;:&quot;&quot;,&quot;caption&quot;:&quot;&quot;,&quot;created_timestamp&quot;:&quot;0&quot;,&quot;copyright&quot;:&quot;Sebastian Ambrossio_&quot;,&quot;focal_length&quot;:&quot;0&quot;,&quot;iso&quot;:&quot;0&quot;,&quot;shutter_speed&quot;:&quot;0&quot;,&quot;title&quot;:&quot;&quot;,&quot;orientation&quot;:&quot;0&quot;}\" data-image-title=\"bossio-procrear\" data-image-description=\"\" data-image-caption=\"\" data-large-file=\"https:\/\/www.hoymercedes.com.ar\/principal\/wp-content\/uploads\/2015\/01\/bossio-procrear.jpg\" class=\"Img2014 aligncenter wp-image-38842 size-full\" src=\"https:\/\/www.hoymercedes.com.ar\/principal\/wp-content\/uploads\/2015\/01\/bossio-procrear.jpg\" alt=\"bossio-procrear\" width=\"620\" height=\"368\" \/><\/a><\/p>\n<p><strong>Bossio en Mercedes<\/strong><\/p>\n<p>El m\u00e1ximo referente del Anses estuvo dos veces en nuestra ciudad. Primero en la Escuela Normal entregando Netbook y luego en el Club Estudiantes otorgando jubilaciones a los primeros 113 de los que ingresaron a la moratoria. Anunci\u00f3 licitaci\u00f3n del ProCreAr y mostr\u00f3 su conformidad por las gestiones locales y regionales respecto a ProGreSar y el subsidio a inundados. Apoy\u00f3 a Ustarr\u00f3z y se comprometi\u00f3 a continuar procesos vinculados a Mercedes.<\/p>\n<p><a href=\"https:\/\/www.hoymercedes.com.ar\/principal\/wp-content\/uploads\/2015\/01\/LucasBiglia-Brasil2014.jpg\"><img loading=\"lazy\" decoding=\"async\" data-attachment-id=\"38847\" data-permalink=\"https:\/\/www.hoymercedes.com.ar\/principal\/2015\/01\/05\/12-imagenes-que-nos-dejo-el-2014\/lucasbiglia-brasil2014-2\/#main\" data-orig-file=\"https:\/\/www.hoymercedes.com.ar\/principal\/wp-content\/uploads\/2015\/01\/LucasBiglia-Brasil2014.jpg\" data-orig-size=\"606,620\" data-comments-opened=\"1\" data-image-meta=\"{&quot;aperture&quot;:&quot;0&quot;,&quot;credit&quot;:&quot;&quot;,&quot;camera&quot;:&quot;&quot;,&quot;caption&quot;:&quot;&quot;,&quot;created_timestamp&quot;:&quot;0&quot;,&quot;copyright&quot;:&quot;&quot;,&quot;focal_length&quot;:&quot;0&quot;,&quot;iso&quot;:&quot;0&quot;,&quot;shutter_speed&quot;:&quot;0&quot;,&quot;title&quot;:&quot;&quot;,&quot;orientation&quot;:&quot;0&quot;}\" data-image-title=\"LucasBiglia-Brasil2014\" data-image-description=\"\" data-image-caption=\"\" data-large-file=\"https:\/\/www.hoymercedes.com.ar\/principal\/wp-content\/uploads\/2015\/01\/LucasBiglia-Brasil2014.jpg\" class=\"Img2014 aligncenter wp-image-38847\" src=\"https:\/\/www.hoymercedes.com.ar\/principal\/wp-content\/uploads\/2015\/01\/LucasBiglia-Brasil2014.jpg\" alt=\"LucasBiglia-Brasil2014\" width=\"620\" height=\"634\" srcset=\"https:\/\/www.hoymercedes.com.ar\/principal\/wp-content\/uploads\/2015\/01\/LucasBiglia-Brasil2014.jpg 606w, https:\/\/www.hoymercedes.com.ar\/principal\/wp-content\/uploads\/2015\/01\/LucasBiglia-Brasil2014-50x50.jpg 50w\" sizes=\"auto, (max-width: 620px) 100vw, 620px\" \/><\/a><\/p>\n<p><strong>Biglia es mundialista<\/strong><\/p>\n<p>El mercedino se convirti\u00f3 en el primer vecino en jugar no s\u00f3lo en la m\u00e1xima categor\u00eda de selecci\u00f3n, sino, se parte del Mundial Brasil 2014. Empez\u00f3 como suplente, pero, su gran nivel de juego, seguridad y acoplamiento con las grandes figuras, como Messi, Mascherano o Di Mar\u00eda lo llevaron a que el 6 en la espalda no se lo quite nadie llegando incluso a la final donde termin\u00f3 sub campe\u00f3n del mudo cerrando un gran a\u00f1o personal, el mejor de su carrera, como sostuvo. Al regresar una multitud le dio la bienvenida a la ciudad y con el tiempo continu\u00f3 siendo convocado.<\/p>\n<p><a href=\"https:\/\/www.hoymercedes.com.ar\/principal\/wp-content\/uploads\/2015\/01\/UNEN-Mercedes.jpg\"><img loading=\"lazy\" decoding=\"async\" data-attachment-id=\"38849\" data-permalink=\"https:\/\/www.hoymercedes.com.ar\/principal\/2015\/01\/05\/12-imagenes-que-nos-dejo-el-2014\/unen-mercedes\/#main\" data-orig-file=\"https:\/\/www.hoymercedes.com.ar\/principal\/wp-content\/uploads\/2015\/01\/UNEN-Mercedes.jpg\" data-orig-size=\"630,472\" data-comments-opened=\"1\" data-image-meta=\"{&quot;aperture&quot;:&quot;0&quot;,&quot;credit&quot;:&quot;&quot;,&quot;camera&quot;:&quot;&quot;,&quot;caption&quot;:&quot;&quot;,&quot;created_timestamp&quot;:&quot;0&quot;,&quot;copyright&quot;:&quot;&quot;,&quot;focal_length&quot;:&quot;0&quot;,&quot;iso&quot;:&quot;0&quot;,&quot;shutter_speed&quot;:&quot;0&quot;,&quot;title&quot;:&quot;&quot;,&quot;orientation&quot;:&quot;0&quot;}\" data-image-title=\"UNEN-Mercedes\" data-image-description=\"\" data-image-caption=\"\" data-large-file=\"https:\/\/www.hoymercedes.com.ar\/principal\/wp-content\/uploads\/2015\/01\/UNEN-Mercedes.jpg\" class=\"Img2014 aligncenter wp-image-38849 size-full\" src=\"https:\/\/www.hoymercedes.com.ar\/principal\/wp-content\/uploads\/2015\/01\/UNEN-Mercedes.jpg\" alt=\"UNEN-Mercedes\" width=\"630\" height=\"472\" \/><\/a><\/p>\n<p><strong>UNEN<\/strong><\/p>\n<p>Lanzan en Mercedes UNEN, con varias personalidades de la pol\u00edtica local. Se realiz\u00f3 con la firma de un acta constitutiva en el marco que les brind\u00f3 el escenario del Club Comunicaciones. El documento fue rubricado por Pablo Sana, Julio Veltrami, Jorge Retegui, Nicol\u00e1s Far\u00edas, Jos\u00e9 Ramos, Luis Colao, Lucas Fal y Oscar Albini. El hecho marc\u00f3 una nueva alienza, tambi\u00e9n a nivel local, de partidos pol\u00edticos con miras al 2015. Lucas Fal emerge como principal figura para disputar la intendencia 2015.<\/p>\n<p><a href=\"https:\/\/www.hoymercedes.com.ar\/principal\/wp-content\/uploads\/2015\/01\/JardinMaternal-Mercedes.jpg\"><img loading=\"lazy\" decoding=\"async\" data-attachment-id=\"38846\" data-permalink=\"https:\/\/www.hoymercedes.com.ar\/principal\/2015\/01\/05\/12-imagenes-que-nos-dejo-el-2014\/jardinmaternal-mercedes\/#main\" data-orig-file=\"https:\/\/www.hoymercedes.com.ar\/principal\/wp-content\/uploads\/2015\/01\/JardinMaternal-Mercedes.jpg\" data-orig-size=\"620,455\" data-comments-opened=\"1\" data-image-meta=\"{&quot;aperture&quot;:&quot;0&quot;,&quot;credit&quot;:&quot;&quot;,&quot;camera&quot;:&quot;&quot;,&quot;caption&quot;:&quot;&quot;,&quot;created_timestamp&quot;:&quot;0&quot;,&quot;copyright&quot;:&quot;&quot;,&quot;focal_length&quot;:&quot;0&quot;,&quot;iso&quot;:&quot;0&quot;,&quot;shutter_speed&quot;:&quot;0&quot;,&quot;title&quot;:&quot;&quot;,&quot;orientation&quot;:&quot;0&quot;}\" data-image-title=\"JardinMaternal-Mercedes\" data-image-description=\"\" data-image-caption=\"\" data-large-file=\"https:\/\/www.hoymercedes.com.ar\/principal\/wp-content\/uploads\/2015\/01\/JardinMaternal-Mercedes.jpg\" class=\"Img2014 aligncenter wp-image-38846 size-full\" src=\"https:\/\/www.hoymercedes.com.ar\/principal\/wp-content\/uploads\/2015\/01\/JardinMaternal-Mercedes.jpg\" alt=\"JardinMaternal-Mercedes\" width=\"620\" height=\"455\" \/><\/a><\/p>\n<p><strong>Jard\u00edn Maternal<\/strong><\/p>\n<p>Con total inversi\u00f3n local el intendente Carlos Selva inaugur\u00f3 el tercer jard\u00edn maternal municipal en el barrio San Antonio, pero, en beneficio de los vecinos de toda la zona. De esta manera se continu\u00f3 con una pol\u00edtica educativa expansiva por parte de la actual gesti\u00f3n. El nuevo edificio posee tres aulas, dos ba\u00f1os, una cocina y una oficina administrativa. Se invirtieron 400 mil pesos.<\/p>\n<p><a href=\"https:\/\/www.hoymercedes.com.ar\/principal\/wp-content\/uploads\/2015\/01\/Wado-Selva-Ustarroz-Devido.jpg\"><img loading=\"lazy\" decoding=\"async\" data-attachment-id=\"38850\" data-permalink=\"https:\/\/www.hoymercedes.com.ar\/principal\/2015\/01\/05\/12-imagenes-que-nos-dejo-el-2014\/wado-selva-ustarroz-devido\/#main\" data-orig-file=\"https:\/\/www.hoymercedes.com.ar\/principal\/wp-content\/uploads\/2015\/01\/Wado-Selva-Ustarroz-Devido.jpg\" data-orig-size=\"620,413\" data-comments-opened=\"1\" data-image-meta=\"{&quot;aperture&quot;:&quot;0&quot;,&quot;credit&quot;:&quot;&quot;,&quot;camera&quot;:&quot;&quot;,&quot;caption&quot;:&quot;&quot;,&quot;created_timestamp&quot;:&quot;0&quot;,&quot;copyright&quot;:&quot;&quot;,&quot;focal_length&quot;:&quot;0&quot;,&quot;iso&quot;:&quot;0&quot;,&quot;shutter_speed&quot;:&quot;0&quot;,&quot;title&quot;:&quot;&quot;,&quot;orientation&quot;:&quot;0&quot;}\" data-image-title=\"Wado-Selva-Ustarroz-Devido\" data-image-description=\"\" data-image-caption=\"\" data-large-file=\"https:\/\/www.hoymercedes.com.ar\/principal\/wp-content\/uploads\/2015\/01\/Wado-Selva-Ustarroz-Devido.jpg\" class=\"Img2014 aligncenter wp-image-38850 size-full\" src=\"https:\/\/www.hoymercedes.com.ar\/principal\/wp-content\/uploads\/2015\/01\/Wado-Selva-Ustarroz-Devido.jpg\" alt=\"Wado-Selva-Ustarroz-Devido\" width=\"620\" height=\"413\" \/><\/a><\/p>\n<p><strong>Las fotos pol\u00edticas<\/strong><\/p>\n<p>La pol\u00edtica est\u00e1 inserta en cada resquicio de la vida ciudadana. Qui\u00e9n no se involucra en ella igual debe vivir con sus consecuencias, positivas o no. Este a\u00f1o los pol\u00edticos locales mostraron muchas fotos: Selva con Massa, Guistozzi o recorriendo diversos puntos de la provincia en el armado massista 2015. Ustarroz con m\u00faltiples funcionarios a nivel provincial y nacional. El MIC, Ben\u00edtez o Flores desde el PRO con Vidal, Macri o alg\u00fan otro funcionario buscando su construcci\u00f3n. De Pedro con el Papa y Alberto Espa\u00f1a en la C\u00e1mara de Diputados recolectando donaciones para inundados. La Uni\u00f3n C\u00edvica Radical exponiendo su armado juvenil y Lucas Fal como candidato. Fotos, fotos y cientos de fotos en el 2014 de los pol\u00edticos locales al lado de un\u00a0 cesto de basura rebalsado, en la inundaci\u00f3n o en los baches de la ruta, con vecinos o en encuentros deportivos. Todo suma, como dicen.<\/p>\n<p><a href=\"https:\/\/www.hoymercedes.com.ar\/principal\/wp-content\/uploads\/2015\/01\/InundacionMercedes-2014.jpg\"><img loading=\"lazy\" decoding=\"async\" data-attachment-id=\"38845\" data-permalink=\"https:\/\/www.hoymercedes.com.ar\/principal\/2015\/01\/05\/12-imagenes-que-nos-dejo-el-2014\/inundacionmercedes-2014\/#main\" data-orig-file=\"https:\/\/www.hoymercedes.com.ar\/principal\/wp-content\/uploads\/2015\/01\/InundacionMercedes-2014.jpg\" data-orig-size=\"620,376\" data-comments-opened=\"1\" data-image-meta=\"{&quot;aperture&quot;:&quot;0&quot;,&quot;credit&quot;:&quot;&quot;,&quot;camera&quot;:&quot;&quot;,&quot;caption&quot;:&quot;&quot;,&quot;created_timestamp&quot;:&quot;0&quot;,&quot;copyright&quot;:&quot;&quot;,&quot;focal_length&quot;:&quot;0&quot;,&quot;iso&quot;:&quot;0&quot;,&quot;shutter_speed&quot;:&quot;0&quot;,&quot;title&quot;:&quot;&quot;,&quot;orientation&quot;:&quot;0&quot;}\" data-image-title=\"InundacionMercedes-2014\" data-image-description=\"\" data-image-caption=\"\" data-large-file=\"https:\/\/www.hoymercedes.com.ar\/principal\/wp-content\/uploads\/2015\/01\/InundacionMercedes-2014.jpg\" class=\"Img2014 aligncenter wp-image-38845 size-full\" src=\"https:\/\/www.hoymercedes.com.ar\/principal\/wp-content\/uploads\/2015\/01\/InundacionMercedes-2014.jpg\" alt=\"InundacionMercedes-2014\" width=\"620\" height=\"376\" \/><\/a><\/p>\n<p><strong>Inundaciones<\/strong><\/p>\n<p>Durante todo el a\u00f1o fueron parte de la realidad local. Diversos barrios padecieron el avance del R\u00edo Luj\u00e1n no bien se inici\u00f3 el a\u00f1o, pero, la situaci\u00f3n se complic\u00f3 con los meses en un 2014 con mucha cantidad de lluvia ca\u00edda y \u00a0varias las crecidas. La \u00faltima fue la m\u00e1s importante dejando a miles de afectados y no s\u00f3lo al costado del r\u00edo, sino tambi\u00e9n en otros barrios por la incapacidad de desagotarse tanta cantidad de agua. La Ruta N\u00b05 tambi\u00e9n se aneg\u00f3. Hubo conferencias de prensa, vuelos para constatar el avance sobre campos y caminos. Desarrollo Social ofici\u00f3 nuevamente de centro de evacuados y todas las fuerzas pol\u00edticas buscaban actos solidarios. Todas las necesidades quedaron en evidencia. Falta de obras y planificaci\u00f3n en primer plano.<\/p>\n<p><a href=\"https:\/\/www.hoymercedes.com.ar\/principal\/wp-content\/uploads\/2014\/12\/delasota-mercedes1.jpg\"><img loading=\"lazy\" decoding=\"async\" data-attachment-id=\"38387\" data-permalink=\"https:\/\/www.hoymercedes.com.ar\/principal\/2014\/12\/12\/de-la-sota-estuvo-en-mercedes-junto-al-partido-fe-venegas-y-pirotta\/delasota-mercedes-2\/#main\" data-orig-file=\"https:\/\/www.hoymercedes.com.ar\/principal\/wp-content\/uploads\/2014\/12\/delasota-mercedes1.jpg\" data-orig-size=\"620,465\" data-comments-opened=\"1\" data-image-meta=\"{&quot;aperture&quot;:&quot;0&quot;,&quot;credit&quot;:&quot;&quot;,&quot;camera&quot;:&quot;&quot;,&quot;caption&quot;:&quot;&quot;,&quot;created_timestamp&quot;:&quot;0&quot;,&quot;copyright&quot;:&quot;&quot;,&quot;focal_length&quot;:&quot;0&quot;,&quot;iso&quot;:&quot;0&quot;,&quot;shutter_speed&quot;:&quot;0&quot;,&quot;title&quot;:&quot;&quot;,&quot;orientation&quot;:&quot;0&quot;}\" data-image-title=\"delasota-mercedes\" data-image-description=\"\" data-image-caption=\"\" data-large-file=\"https:\/\/www.hoymercedes.com.ar\/principal\/wp-content\/uploads\/2014\/12\/delasota-mercedes1.jpg\" class=\"Img2014 aligncenter wp-image-38387 size-full\" src=\"https:\/\/www.hoymercedes.com.ar\/principal\/wp-content\/uploads\/2014\/12\/delasota-mercedes1.jpg\" alt=\"delasota-mercedes\" width=\"620\" height=\"465\" \/><\/a><\/p>\n<p><strong>De la Sota, FE y el armado<\/strong><\/p>\n<p>Juan Manuel De la Sota, gobernados de C\u00f3rdoba visit\u00f3 Mercedes y estuvo en la Sociedad Rural en una jornada pol\u00edtica que incluy\u00f3 al Momo Venegas, a Jorge Pirotta que act\u00faa en FE como referente local y a Carlos Selva que se acerc\u00f3 al predio a saludar a De la Sota. El partido FE de Venegas es el segundo gran acto que hace en la localidad con su presencia. En su armado se busca, claramente, hacer un juego que lo permita mantenerse en la escena nacional. De la Sota a\u00fan coquetea con el massismo, aunque, no se rompen lazos con el sciolismo. El tiempo dir\u00e1.<\/p>\n<p>&nbsp;<\/p>\n<p>&nbsp;<\/p>\n<p>&nbsp;<\/p>\n","protected":false},"excerpt":{"rendered":"<p>Como cada a\u00f1o que pasa nos quedan im\u00e1genes en la retina que nos permitir\u00e1n refrescar el a\u00f1o que pas\u00f3. Desde &#8230; <a title=\"12 im\u00e1genes que nos dej\u00f3 el 2014\" class=\"read-more\" href=\"https:\/\/www.hoymercedes.com.ar\/principal\/2015\/01\/05\/12-imagenes-que-nos-dejo-el-2014\/\" aria-label=\"Leer m\u00e1s sobre 12 im\u00e1genes que nos dej\u00f3 el 2014\">Leer m\u00e1s<\/a><\/p>\n","protected":false},"author":1,"featured_media":0,"comment_status":"open","ping_status":"open","sticky":false,"template":"","format":"standard","meta":{"_monsterinsights_skip_tracking":false,"_monsterinsights_sitenote_active":false,"_monsterinsights_sitenote_note":"","_monsterinsights_sitenote_category":0,"jetpack_post_was_ever_published":false,"_jetpack_newsletter_access":"","_jetpack_dont_email_post_to_subs":false,"_jetpack_newsletter_tier_id":0,"_jetpack_memberships_contains_paywalled_content":false,"_jetpack_memberships_contains_paid_content":false,"footnotes":"","jetpack_publicize_message":"","jetpack_publicize_feature_enabled":true,"jetpack_social_post_already_shared":true,"jetpack_social_options":{"image_generator_settings":{"template":"highway","default_image_id":0,"font":"","enabled":false},"version":2},"_wpas_customize_per_network":false},"categories":[8],"tags":[6770,6769,5084,6768,585,1707,281],"class_list":["post-38839","post","type-post","status-publish","format-standard","hentry","category-sociedad","tag-6770","tag-de-la-sota-mercedes","tag-diego-bossio-mercedes","tag-imagenes-mercedes","tag-juan-ustarroz","tag-selva-mercedes","tag-wado-de-pedro","generate-columns","tablet-grid-50","mobile-grid-100","grid-parent","grid-50"],"jetpack_publicize_connections":[],"jetpack_featured_media_url":"","wps_subtitle":"Repasando el a\u00f1o que terminamos...","jetpack_sharing_enabled":true,"_links":{"self":[{"href":"https:\/\/www.hoymercedes.com.ar\/principal\/wp-json\/wp\/v2\/posts\/38839","targetHints":{"allow":["GET"]}}],"collection":[{"href":"https:\/\/www.hoymercedes.com.ar\/principal\/wp-json\/wp\/v2\/posts"}],"about":[{"href":"https:\/\/www.hoymercedes.com.ar\/principal\/wp-json\/wp\/v2\/types\/post"}],"author":[{"embeddable":true,"href":"https:\/\/www.hoymercedes.com.ar\/principal\/wp-json\/wp\/v2\/users\/1"}],"replies":[{"embeddable":true,"href":"https:\/\/www.hoymercedes.com.ar\/principal\/wp-json\/wp\/v2\/comments?post=38839"}],"version-history":[{"count":0,"href":"https:\/\/www.hoymercedes.com.ar\/principal\/wp-json\/wp\/v2\/posts\/38839\/revisions"}],"wp:attachment":[{"href":"https:\/\/www.hoymercedes.com.ar\/principal\/wp-json\/wp\/v2\/media?parent=38839"}],"wp:term":[{"taxonomy":"category","embeddable":true,"href":"https:\/\/www.hoymercedes.com.ar\/principal\/wp-json\/wp\/v2\/categories?post=38839"},{"taxonomy":"post_tag","embeddable":true,"href":"https:\/\/www.hoymercedes.com.ar\/principal\/wp-json\/wp\/v2\/tags?post=38839"}],"curies":[{"name":"wp","href":"https:\/\/api.w.org\/{rel}","templated":true}]}}