{"id":3884,"date":"2011-04-30T18:06:37","date_gmt":"2011-04-30T18:06:37","guid":{"rendered":"http:\/\/www.hoymercedes.com.ar\/principal\/?p=3884"},"modified":"2011-04-30T18:06:37","modified_gmt":"2011-04-30T18:06:37","slug":"la-juventud-peronista-de-la-agrupacion-17-de-octubre-en-programa-radial-en-la-localidad-de-jauregui","status":"publish","type":"post","link":"https:\/\/www.hoymercedes.com.ar\/principal\/2011\/04\/30\/la-juventud-peronista-de-la-agrupacion-17-de-octubre-en-programa-radial-en-la-localidad-de-jauregui\/","title":{"rendered":"La Juventud Peronista de la Agrupaci\u00f3n 17 de Octubre, en programa radial en la localidad de J\u00e1uregui"},"content":{"rendered":"<figure id=\"attachment_3887\" aria-describedby=\"caption-attachment-3887\" style=\"width: 290px\" class=\"wp-caption alignleft\"><a href=\"https:\/\/www.hoymercedes.com.ar\/principal\/wp-content\/uploads\/2011\/04\/juv17oct.jpg\"><img loading=\"lazy\" decoding=\"async\" data-attachment-id=\"3887\" data-permalink=\"https:\/\/www.hoymercedes.com.ar\/principal\/2011\/04\/30\/la-juventud-peronista-de-la-agrupacion-17-de-octubre-en-programa-radial-en-la-localidad-de-jauregui\/juv17oct-2\/#main\" data-orig-file=\"https:\/\/www.hoymercedes.com.ar\/principal\/wp-content\/uploads\/2011\/04\/juv17oct.jpg\" data-orig-size=\"300,225\" data-comments-opened=\"1\" data-image-meta=\"{&quot;aperture&quot;:&quot;0&quot;,&quot;credit&quot;:&quot;&quot;,&quot;camera&quot;:&quot;&quot;,&quot;caption&quot;:&quot;&quot;,&quot;created_timestamp&quot;:&quot;0&quot;,&quot;copyright&quot;:&quot;&quot;,&quot;focal_length&quot;:&quot;0&quot;,&quot;iso&quot;:&quot;0&quot;,&quot;shutter_speed&quot;:&quot;0&quot;,&quot;title&quot;:&quot;&quot;}\" data-image-title=\"Juventud 17 de octubre\" data-image-description=\"&lt;p&gt;Juventud 17 de octubre&lt;\/p&gt;\n\" data-image-caption=\"&lt;p&gt;Juventud 17 de octubre&lt;\/p&gt;\n\" data-large-file=\"https:\/\/www.hoymercedes.com.ar\/principal\/wp-content\/uploads\/2011\/04\/juv17oct.jpg\" class=\"size-full wp-image-3887\" title=\"Juventud 17 de octubre\" src=\"https:\/\/www.hoymercedes.com.ar\/principal\/wp-content\/uploads\/2011\/04\/juv17oct.jpg\" alt=\"Juventud 17 de octubre\" width=\"300\" height=\"225\" \/><\/a><figcaption id=\"caption-attachment-3887\" class=\"wp-caption-text\">Juventud 17 de octubre<\/figcaption><\/figure>\n<p>La Juventud Peronista de la Agrupaci\u00f3n 17 de octubre fue invitada al Programa de radio \u201cGeneraciones\u201d que sale por la 93.3 FM Asteroides de la Localidad de J\u00e1uregui y conduce el referente joven Zonal  de la Organizaci\u00f3n Peronismo Militante, Mat\u00edas Fern\u00e1ndez..<\/p>\n<p>Varios integrantes se hicieron presentes y hablaron de las diferentes actividades que se vienen  realizando en los distintos barrios de la ciudad que permiten fortalecer el espacio de juventud de la Agrupaci\u00f3n antes mencionada  que lidera Carlos Selva.<\/p>\n<p>En la entrevista los j\u00f3venes expresaron el acompa\u00f1amiento a la Gesti\u00f3n del Intendente Municipal y con referencia al Proyecto Nacional y Popular mencionaron que sin lugar a duda el Intendente siempre respaldo desde el primer momento al Gobierno Primero de N\u00e9stor Kirchner y en la actualidad el de la Presidenta Cristina Fern\u00e1ndez aun en los momentos mas dif\u00edciles desde el a\u00f1o 2003 a la fecha.<\/p>\n<p>La juventud peronista recalca el crecimiento que ha tenido la ciudad en materia de Salud, Educaci\u00f3n y trabajo, hoy contamos con mas 700 j\u00f3venes que  tienen acceso al estudio universitario en la ciudad como as\u00ed tambi\u00e9n cientos de j\u00f3venes que han recuperado su dignidad de trabajo a trav\u00e9s de la incorporaci\u00f3n a  las distintas empresas que se instalaron en Mercedes gracias a la gesti\u00f3n de nuestro intendente.<\/p>\n<p>Por ultimo en este a\u00f1o electoral  trabajando por distintas zonas de la ciudad recibimos el apoyo y la fuerza para seguir por este camino sin dar ning\u00fan paso atr\u00e1s, nuestro intendente demostr\u00f3 que sabe gobernar bien para la gente teniendo un proyecto de ciudad que ha crecido a gran escala y eso estamos acompa\u00f1ando e invitando a defender sabiendo que nuestro \u00fanico candidato  para este 2011 es Carlos Selva.<\/p>\n<p>&nbsp;<\/p>\n","protected":false},"excerpt":{"rendered":"<p>La Juventud Peronista de la Agrupaci\u00f3n 17 de octubre fue invitada al Programa de radio \u201cGeneraciones\u201d que sale por la &#8230; <a title=\"La Juventud Peronista de la Agrupaci\u00f3n 17 de Octubre, en programa radial en la localidad de J\u00e1uregui\" class=\"read-more\" href=\"https:\/\/www.hoymercedes.com.ar\/principal\/2011\/04\/30\/la-juventud-peronista-de-la-agrupacion-17-de-octubre-en-programa-radial-en-la-localidad-de-jauregui\/\" aria-label=\"Leer m\u00e1s sobre La Juventud Peronista de la Agrupaci\u00f3n 17 de Octubre, en programa radial en la localidad de J\u00e1uregui\">Leer m\u00e1s<\/a><\/p>\n","protected":false},"author":1,"featured_media":0,"comment_status":"open","ping_status":"open","sticky":false,"template":"","format":"standard","meta":{"_monsterinsights_skip_tracking":false,"_monsterinsights_sitenote_active":false,"_monsterinsights_sitenote_note":"","_monsterinsights_sitenote_category":0,"jetpack_post_was_ever_published":false,"_jetpack_newsletter_access":"","_jetpack_dont_email_post_to_subs":false,"_jetpack_newsletter_tier_id":0,"_jetpack_memberships_contains_paywalled_content":false,"_jetpack_memberships_contains_paid_content":false,"footnotes":"","jetpack_publicize_message":"","jetpack_publicize_feature_enabled":true,"jetpack_social_post_already_shared":false,"jetpack_social_options":{"image_generator_settings":{"template":"highway","default_image_id":0,"font":"","enabled":false},"version":2},"_wpas_customize_per_network":false},"categories":[5],"tags":[751,18],"class_list":["post-3884","post","type-post","status-publish","format-standard","hentry","category-politica","tag-juventud-17-de-octubre","tag-selva","generate-columns","tablet-grid-50","mobile-grid-100","grid-parent","grid-50"],"jetpack_publicize_connections":[],"jetpack_featured_media_url":"","wps_subtitle":"","jetpack_sharing_enabled":true,"_links":{"self":[{"href":"https:\/\/www.hoymercedes.com.ar\/principal\/wp-json\/wp\/v2\/posts\/3884","targetHints":{"allow":["GET"]}}],"collection":[{"href":"https:\/\/www.hoymercedes.com.ar\/principal\/wp-json\/wp\/v2\/posts"}],"about":[{"href":"https:\/\/www.hoymercedes.com.ar\/principal\/wp-json\/wp\/v2\/types\/post"}],"author":[{"embeddable":true,"href":"https:\/\/www.hoymercedes.com.ar\/principal\/wp-json\/wp\/v2\/users\/1"}],"replies":[{"embeddable":true,"href":"https:\/\/www.hoymercedes.com.ar\/principal\/wp-json\/wp\/v2\/comments?post=3884"}],"version-history":[{"count":0,"href":"https:\/\/www.hoymercedes.com.ar\/principal\/wp-json\/wp\/v2\/posts\/3884\/revisions"}],"wp:attachment":[{"href":"https:\/\/www.hoymercedes.com.ar\/principal\/wp-json\/wp\/v2\/media?parent=3884"}],"wp:term":[{"taxonomy":"category","embeddable":true,"href":"https:\/\/www.hoymercedes.com.ar\/principal\/wp-json\/wp\/v2\/categories?post=3884"},{"taxonomy":"post_tag","embeddable":true,"href":"https:\/\/www.hoymercedes.com.ar\/principal\/wp-json\/wp\/v2\/tags?post=3884"}],"curies":[{"name":"wp","href":"https:\/\/api.w.org\/{rel}","templated":true}]}}