{"id":38890,"date":"2015-01-07T23:38:59","date_gmt":"2015-01-08T02:38:59","guid":{"rendered":"http:\/\/www.hoymercedes.com.ar\/principal\/?p=38890"},"modified":"2015-01-08T00:02:17","modified_gmt":"2015-01-08T03:02:17","slug":"salomone-dio-detalles-de-la-gran-obra-de-reparacion-en-avenida-29","status":"publish","type":"post","link":"https:\/\/www.hoymercedes.com.ar\/principal\/2015\/01\/07\/salomone-dio-detalles-de-la-gran-obra-de-reparacion-en-avenida-29\/","title":{"rendered":"Salomone dio detalles de la gran obra de reparaci\u00f3n en avenida 29"},"content":{"rendered":"<p><a href=\"https:\/\/www.hoymercedes.com.ar\/principal\/wp-content\/uploads\/2015\/01\/Obras-29y42-2015-1.jpg\"><img loading=\"lazy\" decoding=\"async\" data-attachment-id=\"38891\" data-permalink=\"https:\/\/www.hoymercedes.com.ar\/principal\/2015\/01\/07\/salomone-dio-detalles-de-la-gran-obra-de-reparacion-en-avenida-29\/obras-29y42-2015-1\/#main\" data-orig-file=\"https:\/\/www.hoymercedes.com.ar\/principal\/wp-content\/uploads\/2015\/01\/Obras-29y42-2015-1.jpg\" data-orig-size=\"620,465\" data-comments-opened=\"1\" data-image-meta=\"{&quot;aperture&quot;:&quot;2.8&quot;,&quot;credit&quot;:&quot;&quot;,&quot;camera&quot;:&quot;LG-E451g&quot;,&quot;caption&quot;:&quot;&quot;,&quot;created_timestamp&quot;:&quot;1420539555&quot;,&quot;copyright&quot;:&quot;&quot;,&quot;focal_length&quot;:&quot;3.5&quot;,&quot;iso&quot;:&quot;112&quot;,&quot;shutter_speed&quot;:&quot;0.004462&quot;,&quot;title&quot;:&quot;&quot;,&quot;orientation&quot;:&quot;0&quot;}\" data-image-title=\"Obras-29y42-2015 (1)\" data-image-description=\"\" data-image-caption=\"\" data-large-file=\"https:\/\/www.hoymercedes.com.ar\/principal\/wp-content\/uploads\/2015\/01\/Obras-29y42-2015-1.jpg\" class=\"Img2014 aligncenter wp-image-38891 size-full\" title=\"Obras Municipalidad de Mercedes, Gustavo Salomone\" src=\"https:\/\/www.hoymercedes.com.ar\/principal\/wp-content\/uploads\/2015\/01\/Obras-29y42-2015-1.jpg\" alt=\"Obras-29y42-2015 (1)\" width=\"620\" height=\"465\" \/><\/a><\/p>\n<p><em><strong>Antes de a\u00f1o nuevo se rompi\u00f3 parte del pavimento de avenida 29 casi esquina 42. La primera medida fue se\u00f1alizarlo, pero, el hueco generado devel\u00f3 necesidad de obras mayores en las ca\u00f1er\u00edas que pasan por debajo que tienen larga data de existencia. R\u00e1pidamente la Secretar\u00eda de Obras comenz\u00f3 las reparaciones.<\/strong><\/em><\/p>\n<p>El ingeniero Gustavo Salomone expres\u00f3 que se iniciaron las obras de reparaci\u00f3n: \u201cDespu\u00e9s del evento producido el d\u00eda 29 de diciembre, en la cual se produzco un desplome de un sector de losa de pavimento en 29 y 42, motivado por un taponamiento de un tramo de la ca\u00f1er\u00eda troncal principal cloacal, produciendo excesivas presiones del l\u00edquido cloacal en la zona taponada hizo que se empezara a filtrar el fluido por fuera de las ca\u00f1er\u00edas existentes, socavando los suelos por debajo del pavimento y produciendo la quebradura de losas de hormig\u00f3n del pavimento del lugar\u201d una situaci\u00f3n grave que la Comuna ya empez\u00f3 a reparar y est\u00e1 pronto a finalizar.<img loading=\"lazy\" decoding=\"async\" data-attachment-id=\"38892\" data-permalink=\"https:\/\/www.hoymercedes.com.ar\/principal\/2015\/01\/07\/salomone-dio-detalles-de-la-gran-obra-de-reparacion-en-avenida-29\/obras-29y42-2015-2\/#main\" data-orig-file=\"https:\/\/www.hoymercedes.com.ar\/principal\/wp-content\/uploads\/2015\/01\/Obras-29y42-2015-2.jpg\" data-orig-size=\"620,465\" data-comments-opened=\"1\" data-image-meta=\"{&quot;aperture&quot;:&quot;2.8&quot;,&quot;credit&quot;:&quot;&quot;,&quot;camera&quot;:&quot;LG-E451g&quot;,&quot;caption&quot;:&quot;&quot;,&quot;created_timestamp&quot;:&quot;1420539570&quot;,&quot;copyright&quot;:&quot;&quot;,&quot;focal_length&quot;:&quot;3.5&quot;,&quot;iso&quot;:&quot;122&quot;,&quot;shutter_speed&quot;:&quot;0.010005&quot;,&quot;title&quot;:&quot;&quot;,&quot;orientation&quot;:&quot;0&quot;}\" data-image-title=\"Obras-29y42-2015 (2)\" data-image-description=\"\" data-image-caption=\"\" data-large-file=\"https:\/\/www.hoymercedes.com.ar\/principal\/wp-content\/uploads\/2015\/01\/Obras-29y42-2015-2.jpg\" class=\"Img2014 aligncenter wp-image-38892 size-full\" title=\"Obras Municipalidad de Mercedes, Gustavo Salomone\" src=\"https:\/\/www.hoymercedes.com.ar\/principal\/wp-content\/uploads\/2015\/01\/Obras-29y42-2015-2.jpg\" alt=\"Obras-29y42-2015 (2)\" width=\"620\" height=\"465\" \/><\/p>\n<p>A su vez, el Secretario de Obras coment\u00f3: \u201cPor precauci\u00f3n en estos d\u00edas de fin de a\u00f1o, se decidi\u00f3 vallar la zona afectada. El primer d\u00eda h\u00e1bil del a\u00f1o (lunes 5 de enero) se comenzaron los trabajos de recomposici\u00f3n del lugar, en primer instancia se trabajara en la reparaci\u00f3n y renovaci\u00f3n del troncal de cloaca en 29 entre 42 y 44, para luego efectuar las reparaciones del pavimento. Lo importante es que se dispuso la planificaci\u00f3n de los trabajos sin cortar la libre circulaci\u00f3n de la avenida.\u201d Cometn\u00f3.<\/p>\n<p>Gustavo Salomon\u00e9 tambi\u00e9n sostuvo que: \u201cEn estos momentos se est\u00e1 trabajando en las actuaciones administrativas que corresponden a fin de contratar los servicios de una contratista que estar\u00e1 a cargo de la obra, estando a punto de arribar las nuevas ca\u00f1er\u00edas de PVC que servir\u00e1 para renovar este tramo cloacal. La obra demandara un tiempo estimado de 30 d\u00edas.\u00a0 Al martes 6 de enero la obra ya ha dado inicio.\u201d<\/p>\n<p>Como se observa la complejidad del asunto es mucho mayor a lo que originalmente se pensaba o podr\u00eda predecir, explicando los motivos del hueco que se gener\u00f3 en la esquina 29 y 42.<\/p>\n","protected":false},"excerpt":{"rendered":"<p>Antes de a\u00f1o nuevo se rompi\u00f3 parte del pavimento de avenida 29 casi esquina 42. La primera medida fue se\u00f1alizarlo, &#8230; <a title=\"Salomone dio detalles de la gran obra de reparaci\u00f3n en avenida 29\" class=\"read-more\" href=\"https:\/\/www.hoymercedes.com.ar\/principal\/2015\/01\/07\/salomone-dio-detalles-de-la-gran-obra-de-reparacion-en-avenida-29\/\" aria-label=\"Leer m\u00e1s sobre Salomone dio detalles de la gran obra de reparaci\u00f3n en avenida 29\">Leer m\u00e1s<\/a><\/p>\n","protected":false},"author":1,"featured_media":0,"comment_status":"open","ping_status":"open","sticky":false,"template":"","format":"standard","meta":{"_monsterinsights_skip_tracking":false,"_monsterinsights_sitenote_active":false,"_monsterinsights_sitenote_note":"","_monsterinsights_sitenote_category":0,"jetpack_post_was_ever_published":false,"_jetpack_newsletter_access":"","_jetpack_dont_email_post_to_subs":false,"_jetpack_newsletter_tier_id":0,"_jetpack_memberships_contains_paywalled_content":false,"_jetpack_memberships_contains_paid_content":false,"footnotes":"","jetpack_publicize_message":"","jetpack_publicize_feature_enabled":true,"jetpack_social_post_already_shared":true,"jetpack_social_options":{"image_generator_settings":{"template":"highway","default_image_id":0,"font":"","enabled":false},"version":2},"_wpas_customize_per_network":false},"categories":[30],"tags":[229,6785],"class_list":["post-38890","post","type-post","status-publish","format-standard","hentry","category-municipio","tag-gustavo-salomone","tag-obras-municipalidad-de-mercedes","generate-columns","tablet-grid-50","mobile-grid-100","grid-parent","grid-50"],"jetpack_publicize_connections":[],"jetpack_featured_media_url":"","wps_subtitle":"","jetpack_sharing_enabled":true,"_links":{"self":[{"href":"https:\/\/www.hoymercedes.com.ar\/principal\/wp-json\/wp\/v2\/posts\/38890","targetHints":{"allow":["GET"]}}],"collection":[{"href":"https:\/\/www.hoymercedes.com.ar\/principal\/wp-json\/wp\/v2\/posts"}],"about":[{"href":"https:\/\/www.hoymercedes.com.ar\/principal\/wp-json\/wp\/v2\/types\/post"}],"author":[{"embeddable":true,"href":"https:\/\/www.hoymercedes.com.ar\/principal\/wp-json\/wp\/v2\/users\/1"}],"replies":[{"embeddable":true,"href":"https:\/\/www.hoymercedes.com.ar\/principal\/wp-json\/wp\/v2\/comments?post=38890"}],"version-history":[{"count":0,"href":"https:\/\/www.hoymercedes.com.ar\/principal\/wp-json\/wp\/v2\/posts\/38890\/revisions"}],"wp:attachment":[{"href":"https:\/\/www.hoymercedes.com.ar\/principal\/wp-json\/wp\/v2\/media?parent=38890"}],"wp:term":[{"taxonomy":"category","embeddable":true,"href":"https:\/\/www.hoymercedes.com.ar\/principal\/wp-json\/wp\/v2\/categories?post=38890"},{"taxonomy":"post_tag","embeddable":true,"href":"https:\/\/www.hoymercedes.com.ar\/principal\/wp-json\/wp\/v2\/tags?post=38890"}],"curies":[{"name":"wp","href":"https:\/\/api.w.org\/{rel}","templated":true}]}}