{"id":38942,"date":"2015-01-10T19:30:36","date_gmt":"2015-01-10T22:30:36","guid":{"rendered":"http:\/\/www.hoymercedes.com.ar\/principal\/?p=38942"},"modified":"2015-01-10T19:33:06","modified_gmt":"2015-01-10T22:33:06","slug":"proyectan-importante-campana-de-salud-en-los-barrios-de-la-ciudad","status":"publish","type":"post","link":"https:\/\/www.hoymercedes.com.ar\/principal\/2015\/01\/10\/proyectan-importante-campana-de-salud-en-los-barrios-de-la-ciudad\/","title":{"rendered":"Proyectan importante campa\u00f1a de salud en los barrios de la ciudad"},"content":{"rendered":"<p><a href=\"https:\/\/www.hoymercedes.com.ar\/principal\/wp-content\/uploads\/2015\/01\/campa\u00f1a-salud-mercedes.jpg\"><img loading=\"lazy\" decoding=\"async\" data-attachment-id=\"38943\" data-permalink=\"https:\/\/www.hoymercedes.com.ar\/principal\/2015\/01\/10\/proyectan-importante-campana-de-salud-en-los-barrios-de-la-ciudad\/campana-salud-mercedes\/#main\" data-orig-file=\"https:\/\/www.hoymercedes.com.ar\/principal\/wp-content\/uploads\/2015\/01\/campa\u00f1a-salud-mercedes.jpg\" data-orig-size=\"620,349\" data-comments-opened=\"1\" data-image-meta=\"{&quot;aperture&quot;:&quot;0&quot;,&quot;credit&quot;:&quot;&quot;,&quot;camera&quot;:&quot;&quot;,&quot;caption&quot;:&quot;&quot;,&quot;created_timestamp&quot;:&quot;0&quot;,&quot;copyright&quot;:&quot;&quot;,&quot;focal_length&quot;:&quot;0&quot;,&quot;iso&quot;:&quot;0&quot;,&quot;shutter_speed&quot;:&quot;0&quot;,&quot;title&quot;:&quot;&quot;,&quot;orientation&quot;:&quot;0&quot;}\" data-image-title=\"campa\u00f1a-salud-mercedes\" data-image-description=\"\" data-image-caption=\"\" data-large-file=\"https:\/\/www.hoymercedes.com.ar\/principal\/wp-content\/uploads\/2015\/01\/campa\u00f1a-salud-mercedes.jpg\" class=\"Img2014 aligncenter wp-image-38943 size-full\" title=\"Campa\u00f1a de salud - Mercedes - Frente Mercedino - Ministerio de Salud\" src=\"https:\/\/www.hoymercedes.com.ar\/principal\/wp-content\/uploads\/2015\/01\/campa\u00f1a-salud-mercedes.jpg\" alt=\"campa\u00f1a-salud-mercedes\" width=\"620\" height=\"349\" \/><\/a><\/p>\n<p><em><strong>El Ministerio de Salud de la Naci\u00f3n desarrollar\u00e1, desde el lunes y durante dos semanas, un importante operativo en diferentes barrios de nuestra ciudad, con atenci\u00f3n de m\u00e9dicos cl\u00ednicos generalistas, obstetras, pediatras, oftalm\u00f3logos, enfermeros y vacunaci\u00f3n, \u00a0luego de gestiones realizadas por el bloque de concejales del Frente Mercedino para la Victoria.<\/strong><\/em><\/p>\n<p>\u201cUno de los ejes esenciales de nuestro trabajo es la salud p\u00fablica, como viene sucediendo en el hospital Blas Dubarry, y este operativo del Ministerio va por ese camino, el de llegar a cada uno de los vecinos de Mercedes con distintas especialidades y la posibilidad de completar el calendario de vacunaci\u00f3n de los chicos\u201d, asegur\u00f3 Juan Ignacio Ustarroz, presidente del bloque de edles del Frente Mercedino.<\/p>\n<p>La llegada de los camiones se da en el marco del Programa de Organizaci\u00f3n Comunitaria en Salud del Ministerio de Salud de la Naci\u00f3n, y en Mercedes contar\u00e1 con la participaci\u00f3n del Centro de Articulaci\u00f3n del Ministerio de Desarrollo Social de la Naci\u00f3n.<\/p>\n<p>Las especialidades que contemplar\u00e1 el operativo ser\u00e1n cl\u00ednica general, pediatr\u00eda, obstetricia, oftalmolog\u00eda, enfermer\u00eda y vacunaci\u00f3n; y tambi\u00e9n habr\u00e1 talleres de salud sexual integral, primeros auxilios, diabetes e hipertensi\u00f3n arterial y proyectos de vida. Para los m\u00e1s chicos, el Ministerio enviar\u00e1 una amplia juegoteca.<\/p>\n<p>El cronograma del operativo (siempre en el horario de 10.30 a 15) es el siguiente:<\/p>\n<p>Desde el lunes 12 al jueves 15: Centro Comunitario Los Pampitas, barrio Marchetti, calle 28 entre 63 y 65. El operativo incluir\u00e1, el lunes 12, un programa de vacunaci\u00f3n para perros contra la rabia y la leptospirosis.<\/p>\n<p>Viernes 16, lunes 19 y martes 20: esquina de 67 y 104, barrio San Mart\u00edn.<\/p>\n<p>Del mi\u00e9rcoles 21 al viernes 23: Centro de Acceso a la Justicia (CAJ), esquina de 16 y 103, Barrio Obrero.<\/p>\n<p>\u201cVamos a estar haciendo una fuerte campa\u00f1a de difusi\u00f3n del operativo en cada uno de los barrios de Mercedes a los que afectar\u00e1, y tambi\u00e9n a sus zonas aleda\u00f1as, para que cada vecino pueda hacer su consulta, para que cada chico complete sus vacunas \u2013cerr\u00f3 Juani Ustarroz-. El acceso a la salud es un derecho de cada uno de los ciudadanos y tenemos la obligaci\u00f3n que facilitarles el camino a trav\u00e9s de estos operativos y otras acciones\u201d.<\/p>\n<p>Un trabajo similar se realiz\u00f3 meses atr\u00e1s, con la presencia de un cami\u00f3n sanitario del Ministerio de Salud de la Naci\u00f3n para asistir a los vecinos afectados por las inundaciones.<\/p>\n<p>&nbsp;<\/p>\n<p>&nbsp;<\/p>\n<p>&nbsp;<\/p>\n","protected":false},"excerpt":{"rendered":"<p>El Ministerio de Salud de la Naci\u00f3n desarrollar\u00e1, desde el lunes y durante dos semanas, un importante operativo en diferentes &#8230; <a title=\"Proyectan importante campa\u00f1a de salud en los barrios de la ciudad\" class=\"read-more\" href=\"https:\/\/www.hoymercedes.com.ar\/principal\/2015\/01\/10\/proyectan-importante-campana-de-salud-en-los-barrios-de-la-ciudad\/\" aria-label=\"Leer m\u00e1s sobre Proyectan importante campa\u00f1a de salud en los barrios de la ciudad\">Leer m\u00e1s<\/a><\/p>\n","protected":false},"author":1,"featured_media":0,"comment_status":"open","ping_status":"open","sticky":false,"template":"","format":"standard","meta":{"_monsterinsights_skip_tracking":false,"_monsterinsights_sitenote_active":false,"_monsterinsights_sitenote_note":"","_monsterinsights_sitenote_category":0,"jetpack_post_was_ever_published":false,"_jetpack_newsletter_access":"","_jetpack_dont_email_post_to_subs":false,"_jetpack_newsletter_tier_id":0,"_jetpack_memberships_contains_paywalled_content":false,"_jetpack_memberships_contains_paid_content":false,"footnotes":"","jetpack_publicize_message":"","jetpack_publicize_feature_enabled":true,"jetpack_social_post_already_shared":true,"jetpack_social_options":{"image_generator_settings":{"template":"highway","default_image_id":0,"font":"","enabled":false},"version":2},"_wpas_customize_per_network":false},"categories":[8],"tags":[6806,1007,6807],"class_list":["post-38942","post","type-post","status-publish","format-standard","hentry","category-sociedad","tag-campana-de-salud","tag-frente-mercedino","tag-ministerio-de-salud","generate-columns","tablet-grid-50","mobile-grid-100","grid-parent","grid-50"],"jetpack_publicize_connections":[],"jetpack_featured_media_url":"","wps_subtitle":"Para todos los meredinos","jetpack_sharing_enabled":true,"_links":{"self":[{"href":"https:\/\/www.hoymercedes.com.ar\/principal\/wp-json\/wp\/v2\/posts\/38942","targetHints":{"allow":["GET"]}}],"collection":[{"href":"https:\/\/www.hoymercedes.com.ar\/principal\/wp-json\/wp\/v2\/posts"}],"about":[{"href":"https:\/\/www.hoymercedes.com.ar\/principal\/wp-json\/wp\/v2\/types\/post"}],"author":[{"embeddable":true,"href":"https:\/\/www.hoymercedes.com.ar\/principal\/wp-json\/wp\/v2\/users\/1"}],"replies":[{"embeddable":true,"href":"https:\/\/www.hoymercedes.com.ar\/principal\/wp-json\/wp\/v2\/comments?post=38942"}],"version-history":[{"count":0,"href":"https:\/\/www.hoymercedes.com.ar\/principal\/wp-json\/wp\/v2\/posts\/38942\/revisions"}],"wp:attachment":[{"href":"https:\/\/www.hoymercedes.com.ar\/principal\/wp-json\/wp\/v2\/media?parent=38942"}],"wp:term":[{"taxonomy":"category","embeddable":true,"href":"https:\/\/www.hoymercedes.com.ar\/principal\/wp-json\/wp\/v2\/categories?post=38942"},{"taxonomy":"post_tag","embeddable":true,"href":"https:\/\/www.hoymercedes.com.ar\/principal\/wp-json\/wp\/v2\/tags?post=38942"}],"curies":[{"name":"wp","href":"https:\/\/api.w.org\/{rel}","templated":true}]}}