{"id":38991,"date":"2015-01-12T23:15:15","date_gmt":"2015-01-13T02:15:15","guid":{"rendered":"http:\/\/www.hoymercedes.com.ar\/principal\/?p=38991"},"modified":"2015-01-12T23:19:42","modified_gmt":"2015-01-13T02:19:42","slug":"el-ing-salomone-confirmo-que-municipio-recibio-carta-documento-por-el-procrear","status":"publish","type":"post","link":"https:\/\/www.hoymercedes.com.ar\/principal\/2015\/01\/12\/el-ing-salomone-confirmo-que-municipio-recibio-carta-documento-por-el-procrear\/","title":{"rendered":"El Ing. Salomone confirm\u00f3 que Municipio recibi\u00f3 carta documento de empresa constructura del  ProCreAr"},"content":{"rendered":"<p><a href=\"https:\/\/www.hoymercedes.com.ar\/principal\/wp-content\/uploads\/2015\/01\/Salomone-Gustavo.jpg\"><img loading=\"lazy\" decoding=\"async\" data-attachment-id=\"38992\" data-permalink=\"https:\/\/www.hoymercedes.com.ar\/principal\/2015\/01\/12\/el-ing-salomone-confirmo-que-municipio-recibio-carta-documento-por-el-procrear\/sanyo-digital-camera-28\/#main\" data-orig-file=\"https:\/\/www.hoymercedes.com.ar\/principal\/wp-content\/uploads\/2015\/01\/Salomone-Gustavo.jpg\" data-orig-size=\"620,216\" data-comments-opened=\"1\" data-image-meta=\"{&quot;aperture&quot;:&quot;2.8&quot;,&quot;credit&quot;:&quot;&quot;,&quot;camera&quot;:&quot;S770&quot;,&quot;caption&quot;:&quot;&quot;,&quot;created_timestamp&quot;:&quot;1202949894&quot;,&quot;copyright&quot;:&quot;&quot;,&quot;focal_length&quot;:&quot;5.8&quot;,&quot;iso&quot;:&quot;200&quot;,&quot;shutter_speed&quot;:&quot;0.025&quot;,&quot;title&quot;:&quot;SANYO DIGITAL CAMERA&quot;,&quot;orientation&quot;:&quot;0&quot;}\" data-image-title=\"SANYO DIGITAL CAMERA\" data-image-description=\"\" data-image-caption=\"\" data-large-file=\"https:\/\/www.hoymercedes.com.ar\/principal\/wp-content\/uploads\/2015\/01\/Salomone-Gustavo.jpg\" class=\"Img2014 aligncenter wp-image-38992 size-full\" title=\"Gustavo Salomone, ProCreAr Mercedes \" src=\"https:\/\/www.hoymercedes.com.ar\/principal\/wp-content\/uploads\/2015\/01\/Salomone-Gustavo.jpg\" alt=\"Gustavo Salomone\" width=\"620\" height=\"216\" \/><\/a><\/p>\n<p><em><strong>La empresa que construye las viviendas del ProCreAr en 21 y 6 envi\u00f3 una carta documento a la Municipalidad de Mercedes para que levante la clausura, confirm\u00f3 en di\u00e1logo con <span style=\"color: #333399;\">HoyMercedes<\/span> el Ing. Gustavo Salomone, Secretario de Obras de la Comuna. \u201cla intimaci\u00f3n recibida este lunes 12 de enero para levantar la clausura es improcedente y no se ajusta a derecho\u201d <\/strong><\/em><strong>coment\u00f3 el Ingeniero a cargo de la cartera de Obras.<\/strong><\/p>\n<p>La pol\u00e9mica que viene desde que antes de finalizar el 2014 cuando la Municipalidad clausur\u00f3 las obras en el predio del ferrocarril Sarmiento sum\u00f3 un nuevo cap\u00edtulo y sobre ello dio detalles el <strong>Ingeniero Gustavo Salomone.<\/strong><\/p>\n<p>Al respecto el Secretario de Obras nos adelant\u00f3 que: <em>\u201cEl municipio de mercedes hoy (lunes 12) recibi\u00f3 una carta documento de la empresa encargada de construir el complejo ProCreAr en calle 6 entre 29 y 21, pretendiendo que en 10 d\u00edas se levante la clausura de la obra efectuada el d\u00eda 30 de diciembre del 2014, a fin de no causar perjuicios econ\u00f3micos a la comuna\u201d remarc\u00f3 con asombro el funcionario a la vez que sostuvo: \u201cLa Secretaria de Obras P\u00fablicas procedi\u00f3 a la clausura de la obra por falta de planos aprobados, por falta de aprobaci\u00f3n del impacto ambiental presentado por la empresa a mediados de diciembre del 2014 y por estar realizando trabajos sin autorizaci\u00f3n con un obrador de mamposter\u00eda de grandes dimensiones, y un excesivo acopio de tierra y tosca, lo cual deslumbra un inminente terraplenado y relleno del predio, lo cual no se ha presentado el estudio pertinente para no perjudicar el escurrimiento de la calle 6, que desde ya hoy es complejo\u201d,<\/em> sostuvo.<\/p>\n<p>En relaci\u00f3n a la obra en s\u00ed coment\u00f3 que: <em>\u201cLas tareas de acopio de materiales y construcci\u00f3n de obrador forman parte del \u00edtems: trabajos preliminares que toda obra tiene. Adem\u00e1s, y a fin de evaluar el impacto que tendr\u00e1 el emplazado del complejo en esta zona urbanizada, la contratista o Procrear deber\u00e1 ingresar los planos y c\u00e1lculos de la infraestructura (agua potable, cloacas, gas, electrificaci\u00f3n, ensanche de pavimento, desag\u00fces pluviales, etc.) a fin de obtener las aprobaciones pertinentes y no perjudicar al vecindario, situaci\u00f3n que a la fecha no se ha cumplimentado\u201d,<\/em> remarc\u00f3 Salomone.<\/p>\n<p>El Secretario tambi\u00e9n expuso en relaci\u00f3n al tipo de obra que se requiere que: \u201cAdem\u00e1s, el municipio ha paralizado el intento de efectuar en forma clandestina conexiones de agua y cloacas a la red existente vecinal. Las mismas deber\u00e1n realizarse y empalmarse en las redes independientes que el Procrear debe ejecutar para el complejo habitacional. Todo tiene que ver con los elementos necesarios que el municipio debe contar a la hora de evaluar el impacto ambiental, a fin de dar seguridad a los vecinos frentistas y de la zona del barrio 3 avenidas, que no les afecte la normal convivencia y tranquilidad que hoy tienen. Adem\u00e1s, el Departamento Ejecutivo ha solicitado a la Universidad de Buenos Aires la propuesta de contratar sus servicios para obtener una opini\u00f3n respecto a la evaluaci\u00f3n de dicho impacto\u201d<\/p>\n<p>Consultado sobre que perjuicios econ\u00f3micos pudiera sufrir el Municipio, tema que se desprende de la carta documento y es foco de inter\u00e9s, en relaci\u00f3n a la clausura de la obra, el Secretario de Obras P\u00fablicas aclar\u00f3 en di\u00e1logo con HoyMerceedes que: <em>\u201cel municipio est\u00e1 procediendo conforme a derecho, pues toda obra de menor o mayor escala que inicia sus actividades constructivas sin autorizaci\u00f3n municipal debe clausurarse hasta tanto se ordenen las actuaciones administrativas correspondientes a las aprobaciones exigidas por el estado\u201d<\/em><\/p>\n<p>Se aclara que el juzgado de faltas ha confirmado la clausura de la obra (como medida preventiva, hasta q cese la falta) <em>\u201cpues la intimaci\u00f3n recibida hoy lunes 12 de enero de levantar la clausura es improcedente y no se ajusta a derecho. La misma ser\u00e1 contestada en los t\u00e9rminos y plazos legales correspondientes, dejando en claro que el municipio no permitir\u00e1 el atropello que se pretende imponer, siendo que hace varios meses que la contratista tiene el contrato firmado para dar inicio a la obra, y la documentaci\u00f3n empez\u00f3 a ingresar al municipio en el mes de diciembre del 2014\u201d remarc\u00f3 Gustavo Salomome, resaltando que: \u201clas ordenanzas que el Honorable Concejo Deliberante sanciono al respecto datan de mitad del a\u00f1o 2013, y en el H.C.D qued\u00f3 el compromiso de los concejales que votaron la sanci\u00f3n de las mismas, de tener intervenci\u00f3n y vista de los proyectos y del impacto ambiental\u201d<\/em>, d\u00e1ndole un cierre pol\u00edtico al tema.<\/p>\n<p>De esta manera el Secretario de Obras P\u00fablicas de la Municipalidad de mercedes dio una nueva e importante p\u00e1gina a la historia, los cruces y las versiones circulantes sobre la construcci\u00f3n de viviendas del <strong>ProCreAr en Mercedes.<\/strong><\/p>\n<p>&nbsp;<\/p>\n<p>&nbsp;<\/p>\n<p>&nbsp;<\/p>\n","protected":false},"excerpt":{"rendered":"<p>La empresa que construye las viviendas del ProCreAr en 21 y 6 envi\u00f3 una carta documento a la Municipalidad de &#8230; <a title=\"El Ing. Salomone confirm\u00f3 que Municipio recibi\u00f3 carta documento de empresa constructura del  ProCreAr\" class=\"read-more\" href=\"https:\/\/www.hoymercedes.com.ar\/principal\/2015\/01\/12\/el-ing-salomone-confirmo-que-municipio-recibio-carta-documento-por-el-procrear\/\" aria-label=\"Leer m\u00e1s sobre El Ing. Salomone confirm\u00f3 que Municipio recibi\u00f3 carta documento de empresa constructura del  ProCreAr\">Leer m\u00e1s<\/a><\/p>\n","protected":false},"author":1,"featured_media":0,"comment_status":"open","ping_status":"open","sticky":false,"template":"","format":"standard","meta":{"_monsterinsights_skip_tracking":false,"_monsterinsights_sitenote_active":false,"_monsterinsights_sitenote_note":"","_monsterinsights_sitenote_category":0,"jetpack_post_was_ever_published":false,"_jetpack_newsletter_access":"","_jetpack_dont_email_post_to_subs":false,"_jetpack_newsletter_tier_id":0,"_jetpack_memberships_contains_paywalled_content":false,"_jetpack_memberships_contains_paid_content":false,"footnotes":"","jetpack_publicize_message":"","jetpack_publicize_feature_enabled":true,"jetpack_social_post_already_shared":true,"jetpack_social_options":{"image_generator_settings":{"template":"highway","default_image_id":0,"font":"","enabled":false},"version":2},"_wpas_customize_per_network":false},"categories":[30],"tags":[6821,229,3392],"class_list":["post-38991","post","type-post","status-publish","format-standard","hentry","category-municipio","tag-carta-documento-procear-mercedes","tag-gustavo-salomone","tag-procrear-mercedes","generate-columns","tablet-grid-50","mobile-grid-100","grid-parent","grid-50"],"jetpack_publicize_connections":[],"jetpack_featured_media_url":"","wps_subtitle":"ADELANTO DE HOYMERCEDES","jetpack_sharing_enabled":true,"_links":{"self":[{"href":"https:\/\/www.hoymercedes.com.ar\/principal\/wp-json\/wp\/v2\/posts\/38991","targetHints":{"allow":["GET"]}}],"collection":[{"href":"https:\/\/www.hoymercedes.com.ar\/principal\/wp-json\/wp\/v2\/posts"}],"about":[{"href":"https:\/\/www.hoymercedes.com.ar\/principal\/wp-json\/wp\/v2\/types\/post"}],"author":[{"embeddable":true,"href":"https:\/\/www.hoymercedes.com.ar\/principal\/wp-json\/wp\/v2\/users\/1"}],"replies":[{"embeddable":true,"href":"https:\/\/www.hoymercedes.com.ar\/principal\/wp-json\/wp\/v2\/comments?post=38991"}],"version-history":[{"count":0,"href":"https:\/\/www.hoymercedes.com.ar\/principal\/wp-json\/wp\/v2\/posts\/38991\/revisions"}],"wp:attachment":[{"href":"https:\/\/www.hoymercedes.com.ar\/principal\/wp-json\/wp\/v2\/media?parent=38991"}],"wp:term":[{"taxonomy":"category","embeddable":true,"href":"https:\/\/www.hoymercedes.com.ar\/principal\/wp-json\/wp\/v2\/categories?post=38991"},{"taxonomy":"post_tag","embeddable":true,"href":"https:\/\/www.hoymercedes.com.ar\/principal\/wp-json\/wp\/v2\/tags?post=38991"}],"curies":[{"name":"wp","href":"https:\/\/api.w.org\/{rel}","templated":true}]}}