{"id":39035,"date":"2015-01-15T23:23:47","date_gmt":"2015-01-16T02:23:47","guid":{"rendered":"http:\/\/www.hoymercedes.com.ar\/principal\/?p=39035"},"modified":"2015-01-15T23:24:33","modified_gmt":"2015-01-16T02:24:33","slug":"con-gran-repercusion-empezo-operativo-de-salud-en-barrio-marchetti","status":"publish","type":"post","link":"https:\/\/www.hoymercedes.com.ar\/principal\/2015\/01\/15\/con-gran-repercusion-empezo-operativo-de-salud-en-barrio-marchetti\/","title":{"rendered":"Con gran repercusi\u00f3n empez\u00f3 \u00abOperativo de salud\u00bb en Barrio Marchetti"},"content":{"rendered":"<p><a href=\"https:\/\/www.hoymercedes.com.ar\/principal\/wp-content\/uploads\/2015\/01\/operativo-salud-mercedes-.jpg\"><img loading=\"lazy\" decoding=\"async\" data-attachment-id=\"39036\" data-permalink=\"https:\/\/www.hoymercedes.com.ar\/principal\/2015\/01\/15\/con-gran-repercusion-empezo-operativo-de-salud-en-barrio-marchetti\/operativo-salud-mercedes\/#main\" data-orig-file=\"https:\/\/www.hoymercedes.com.ar\/principal\/wp-content\/uploads\/2015\/01\/operativo-salud-mercedes-.jpg\" data-orig-size=\"620,414\" data-comments-opened=\"1\" data-image-meta=\"{&quot;aperture&quot;:&quot;0&quot;,&quot;credit&quot;:&quot;&quot;,&quot;camera&quot;:&quot;&quot;,&quot;caption&quot;:&quot;&quot;,&quot;created_timestamp&quot;:&quot;0&quot;,&quot;copyright&quot;:&quot;&quot;,&quot;focal_length&quot;:&quot;0&quot;,&quot;iso&quot;:&quot;0&quot;,&quot;shutter_speed&quot;:&quot;0&quot;,&quot;title&quot;:&quot;&quot;,&quot;orientation&quot;:&quot;0&quot;}\" data-image-title=\"operativo-salud-mercedes-\" data-image-description=\"\" data-image-caption=\"\" data-large-file=\"https:\/\/www.hoymercedes.com.ar\/principal\/wp-content\/uploads\/2015\/01\/operativo-salud-mercedes-.jpg\" class=\"Img2014 aligncenter wp-image-39036 size-full\" title=\"Operativo de salud, Ustarroz, Dematei, Burone \" src=\"https:\/\/www.hoymercedes.com.ar\/principal\/wp-content\/uploads\/2015\/01\/operativo-salud-mercedes-.jpg\" alt=\"operativo-salud-mercedes-\" width=\"620\" height=\"414\" \/><\/a><\/p>\n<p><em><strong>El operativo desarrollado por el Ministerio de Salud de la Naci\u00f3n en distintos puntos de la ciudad y gestionado por el presidente del bloque de concejales del Frente Mercedino para la Victoria, Juan Ignacio Ustarroz, comenz\u00f3 con gran \u00e9xito en el centro comunitario Los Pampitas, del barrio Marchetti (28 entre 63 y 65), por donde decenas de vecinos pasaron para hacer consultas en las distintas especialidades m\u00e9dicas ofrecidas.<\/strong><\/em><\/p>\n<p>\u201cNos pone muy contentos la cantidad de vecinos que ya visitaron este operativo, porque marca la necesidad que exist\u00eda. La salud es un derecho y nosotros tenemos la obligaci\u00f3n de facilitarle el acceso a toda la gente\u201d, explic\u00f3 Ustarroz, quien visit\u00f3 el centro comunitario junto con sus compa\u00f1eros de bloque Mat\u00edas Dematei y Celeste Burone.<\/p>\n<p>\u201cLa salud p\u00fablica es una prioridad para nuestro espacio y as\u00ed lo venimos sosteniendo con nuestro trabajo, no solamente con lo que pudimos aportar en el hospital Blas Dubarry sino tambi\u00e9n con esta clase de herramientas \u2013agreg\u00f3-. Se debe llevar la salud al vecino\u201d.<\/p>\n<p>El operativo, que en Mercedes cuenta con la colaboraci\u00f3n del personal del Centro de Articulaci\u00f3n del Ministerio de Desarrollo Social de la Naci\u00f3n, incluye especialistas como cl\u00ednicos generalistas, obstetras, pediatras, oftalm\u00f3logos, enfermeros y vacunaci\u00f3n. Luego de su paso por el barrio Marchetti, seguir\u00e1 viernes, lunes y martes en el San Mart\u00edn (la canchita de f\u00fatbol de 67 y 104); y finalizar\u00e1 con su presencia desde el mi\u00e9rcoles hasta el viernes pr\u00f3ximo en el Centro de Acceso a la Justicia (CAJ) del barrio Obrero, de 16 y 103.<\/p>\n<p>El lunes pasado hubo adem\u00e1s un servicio de vacunaci\u00f3n gratuita para perros (contra la rabia y la leptospirosis), que los vecinos tambi\u00e9n aprovecharon con creces.<\/p>\n<p>\u201cEl horario de atenci\u00f3n es siempre de 10 a 15.30, y el personal de salud comunitaria completa su trabajo con la realizaci\u00f3n de distintos talleres de salud sexual integral, de primeros auxilios, diabetes e hipertensi\u00f3n arterial y proyectos de vida, adem\u00e1s de contar con una juegoteca para los m\u00e1s chicos\u201d, record\u00f3 el presidente del bloque del FMpV.<\/p>\n<p>Por su parte, Paula Tiervackc, una de las responsables del operativo, indic\u00f3: \u201cLa idea de estos programas es fortalecer el sistema de los barrios, tal como lo hacemos estas dos semanas en Mercedes y como lo vecinos haciendo en distintas localidades de la provincia de Buenos Aires. Estamos muy satisfechos con los resultados en general y tambi\u00e9n en particular con lo que sucede aqu\u00ed, donde much\u00edsimos vecinos se acercan a consultar\u201d.<\/p>\n<p>Seg\u00fan Tievackc, \u201cm\u00e1s all\u00e1 de que hay problem\u00e1ticas comunes en todos los lugares, como las enfermedades respiratorias o distinta clase de erupciones y problemas en la piel, en cada barrio siempre encontramos casos a los que se debe atender muy particularmente, por eso articulamos con instituciones como escuelas, sociedades de fomento y centros de salud locales, para garantizarnos el seguimiento de cada vecino\u201d.<\/p>\n<p>Ustarroz adelant\u00f3 que desde el Frente Mercedino \u201cse seguir\u00e1n haciendo las gestiones necesarias para repetir los operativos todas las veces que hagan falta y seguir llevando salud p\u00fablica a todos los vecinos de nuestra ciudad\u201d.<\/p>\n<p>El trabajo de los equipos de salud comunitaria del ministerio incluye vacunaci\u00f3n (muchos chicos pueden completar su calendario) y \u00a0con la visita de asistencialistas a las viviendas de cada barrio, donde completan planillas particulares con el objetivo de hacer un censo sanitario abarcativo y detallado.<\/p>\n","protected":false},"excerpt":{"rendered":"<p>El operativo desarrollado por el Ministerio de Salud de la Naci\u00f3n en distintos puntos de la ciudad y gestionado por &#8230; <a title=\"Con gran repercusi\u00f3n empez\u00f3 \u00abOperativo de salud\u00bb en Barrio Marchetti\" class=\"read-more\" href=\"https:\/\/www.hoymercedes.com.ar\/principal\/2015\/01\/15\/con-gran-repercusion-empezo-operativo-de-salud-en-barrio-marchetti\/\" aria-label=\"Leer m\u00e1s sobre Con gran repercusi\u00f3n empez\u00f3 \u00abOperativo de salud\u00bb en Barrio Marchetti\">Leer m\u00e1s<\/a><\/p>\n","protected":false},"author":1,"featured_media":0,"comment_status":"open","ping_status":"open","sticky":false,"template":"","format":"standard","meta":{"_monsterinsights_skip_tracking":false,"_monsterinsights_sitenote_active":false,"_monsterinsights_sitenote_note":"","_monsterinsights_sitenote_category":0,"jetpack_post_was_ever_published":false,"_jetpack_newsletter_access":"","_jetpack_dont_email_post_to_subs":false,"_jetpack_newsletter_tier_id":0,"_jetpack_memberships_contains_paywalled_content":false,"_jetpack_memberships_contains_paid_content":false,"footnotes":"","jetpack_publicize_message":"","jetpack_publicize_feature_enabled":true,"jetpack_social_post_already_shared":true,"jetpack_social_options":{"image_generator_settings":{"template":"highway","default_image_id":0,"font":"","enabled":false},"version":2},"_wpas_customize_per_network":false},"categories":[8],"tags":[6360,5312,1007,6834,424],"class_list":["post-39035","post","type-post","status-publish","format-standard","hentry","category-sociedad","tag-burone","tag-dematei","tag-frente-mercedino","tag-operativo-de-salud","tag-ustarroz","generate-columns","tablet-grid-50","mobile-grid-100","grid-parent","grid-50"],"jetpack_publicize_connections":[],"jetpack_featured_media_url":"","wps_subtitle":"Desde Naci\u00f3n","jetpack_sharing_enabled":true,"_links":{"self":[{"href":"https:\/\/www.hoymercedes.com.ar\/principal\/wp-json\/wp\/v2\/posts\/39035","targetHints":{"allow":["GET"]}}],"collection":[{"href":"https:\/\/www.hoymercedes.com.ar\/principal\/wp-json\/wp\/v2\/posts"}],"about":[{"href":"https:\/\/www.hoymercedes.com.ar\/principal\/wp-json\/wp\/v2\/types\/post"}],"author":[{"embeddable":true,"href":"https:\/\/www.hoymercedes.com.ar\/principal\/wp-json\/wp\/v2\/users\/1"}],"replies":[{"embeddable":true,"href":"https:\/\/www.hoymercedes.com.ar\/principal\/wp-json\/wp\/v2\/comments?post=39035"}],"version-history":[{"count":0,"href":"https:\/\/www.hoymercedes.com.ar\/principal\/wp-json\/wp\/v2\/posts\/39035\/revisions"}],"wp:attachment":[{"href":"https:\/\/www.hoymercedes.com.ar\/principal\/wp-json\/wp\/v2\/media?parent=39035"}],"wp:term":[{"taxonomy":"category","embeddable":true,"href":"https:\/\/www.hoymercedes.com.ar\/principal\/wp-json\/wp\/v2\/categories?post=39035"},{"taxonomy":"post_tag","embeddable":true,"href":"https:\/\/www.hoymercedes.com.ar\/principal\/wp-json\/wp\/v2\/tags?post=39035"}],"curies":[{"name":"wp","href":"https:\/\/api.w.org\/{rel}","templated":true}]}}