{"id":3906,"date":"2011-05-02T00:24:29","date_gmt":"2011-05-02T00:24:29","guid":{"rendered":"http:\/\/www.hoymercedes.com.ar\/principal\/?p=3906"},"modified":"2011-05-02T00:24:29","modified_gmt":"2011-05-02T00:24:29","slug":"matias-silvestre-anoto-en-la-victoria-del-catania","status":"publish","type":"post","link":"https:\/\/www.hoymercedes.com.ar\/principal\/2011\/05\/02\/matias-silvestre-anoto-en-la-victoria-del-catania\/","title":{"rendered":"Matias Silvestre anot\u00f3 en la victoria del Catania"},"content":{"rendered":"<div align=\"center\">\n<figure id=\"attachment_3907\" aria-describedby=\"caption-attachment-3907\" style=\"width: 584px\" class=\"wp-caption aligncenter\"><a href=\"https:\/\/www.hoymercedes.com.ar\/principal\/wp-content\/uploads\/2011\/05\/matiassilvestre.jpg\"><img loading=\"lazy\" decoding=\"async\" data-attachment-id=\"3907\" data-permalink=\"https:\/\/www.hoymercedes.com.ar\/principal\/2011\/05\/02\/matias-silvestre-anoto-en-la-victoria-del-catania\/matiassilvestre\/#main\" data-orig-file=\"https:\/\/www.hoymercedes.com.ar\/principal\/wp-content\/uploads\/2011\/05\/matiassilvestre.jpg\" data-orig-size=\"594,432\" data-comments-opened=\"1\" data-image-meta=\"{&quot;aperture&quot;:&quot;0&quot;,&quot;credit&quot;:&quot;&quot;,&quot;camera&quot;:&quot;&quot;,&quot;caption&quot;:&quot;&quot;,&quot;created_timestamp&quot;:&quot;0&quot;,&quot;copyright&quot;:&quot;&quot;,&quot;focal_length&quot;:&quot;0&quot;,&quot;iso&quot;:&quot;0&quot;,&quot;shutter_speed&quot;:&quot;0&quot;,&quot;title&quot;:&quot;&quot;}\" data-image-title=\"Matias Silvestre\" data-image-description=\"&lt;p&gt;Matias Silvestre &amp;#8211; Foto: Futbolargentino.com&lt;\/p&gt;\n\" data-image-caption=\"&lt;p&gt;Matias Silvestre&lt;\/p&gt;\n\" data-large-file=\"https:\/\/www.hoymercedes.com.ar\/principal\/wp-content\/uploads\/2011\/05\/matiassilvestre.jpg\" src=\"https:\/\/www.hoymercedes.com.ar\/principal\/wp-content\/uploads\/2011\/05\/matiassilvestre.jpg\" alt=\"Matias Silvestre\" title=\"Matias Silvestre\" width=\"594\" height=\"432\" class=\"size-full wp-image-3907\" \/><\/a><figcaption id=\"caption-attachment-3907\" class=\"wp-caption-text\">Matias Silvestre<\/figcaption><\/figure><\/div>\n<p>El mercedino Matias Silvestre anot\u00f3 la fecha jugada este domingo para el club en el que desempe\u00f1a actividades del calcio italiano, el Catania. <\/p>\n<p>Dirigido por el argentino Cholo Simeone y con un n\u00famero importante de compatriotas como compa\u00f1eros el Catania se alz\u00f3 con la victoria con dos tantos contre cero frente al Caagliari en un triunfo clave para mantenerse en la primera divisi\u00f3n.<\/p>\n<p>De esta manera el mercedino sum\u00f3 un gol m\u00e1s a su historia adem\u00e1s de aportar para seguir sumando en el competitivo calcio italiano. <\/p>\n<p>El otro gol del equipo lo hizo el tambi\u00e9n argentino Bergessio. <\/p>\n","protected":false},"excerpt":{"rendered":"<p>El mercedino Matias Silvestre anot\u00f3 la fecha jugada este domingo para el club en el que desempe\u00f1a actividades del calcio &#8230; <a title=\"Matias Silvestre anot\u00f3 en la victoria del Catania\" class=\"read-more\" href=\"https:\/\/www.hoymercedes.com.ar\/principal\/2011\/05\/02\/matias-silvestre-anoto-en-la-victoria-del-catania\/\" aria-label=\"Leer m\u00e1s sobre Matias Silvestre anot\u00f3 en la victoria del Catania\">Leer m\u00e1s<\/a><\/p>\n","protected":false},"author":1,"featured_media":0,"comment_status":"open","ping_status":"open","sticky":false,"template":"","format":"standard","meta":{"_monsterinsights_skip_tracking":false,"_monsterinsights_sitenote_active":false,"_monsterinsights_sitenote_note":"","_monsterinsights_sitenote_category":0,"jetpack_post_was_ever_published":false,"_jetpack_newsletter_access":"","_jetpack_dont_email_post_to_subs":false,"_jetpack_newsletter_tier_id":0,"_jetpack_memberships_contains_paywalled_content":false,"_jetpack_memberships_contains_paid_content":false,"footnotes":"","jetpack_publicize_message":"","jetpack_publicize_feature_enabled":true,"jetpack_social_post_already_shared":false,"jetpack_social_options":{"image_generator_settings":{"template":"highway","default_image_id":0,"font":"","enabled":false},"version":2},"_wpas_customize_per_network":false},"categories":[21],"tags":[753],"class_list":["post-3906","post","type-post","status-publish","format-standard","hentry","category-deportes","tag-matias-silvestre","generate-columns","tablet-grid-50","mobile-grid-100","grid-parent","grid-50"],"jetpack_publicize_connections":[],"jetpack_featured_media_url":"","wps_subtitle":"","jetpack_sharing_enabled":true,"_links":{"self":[{"href":"https:\/\/www.hoymercedes.com.ar\/principal\/wp-json\/wp\/v2\/posts\/3906","targetHints":{"allow":["GET"]}}],"collection":[{"href":"https:\/\/www.hoymercedes.com.ar\/principal\/wp-json\/wp\/v2\/posts"}],"about":[{"href":"https:\/\/www.hoymercedes.com.ar\/principal\/wp-json\/wp\/v2\/types\/post"}],"author":[{"embeddable":true,"href":"https:\/\/www.hoymercedes.com.ar\/principal\/wp-json\/wp\/v2\/users\/1"}],"replies":[{"embeddable":true,"href":"https:\/\/www.hoymercedes.com.ar\/principal\/wp-json\/wp\/v2\/comments?post=3906"}],"version-history":[{"count":0,"href":"https:\/\/www.hoymercedes.com.ar\/principal\/wp-json\/wp\/v2\/posts\/3906\/revisions"}],"wp:attachment":[{"href":"https:\/\/www.hoymercedes.com.ar\/principal\/wp-json\/wp\/v2\/media?parent=3906"}],"wp:term":[{"taxonomy":"category","embeddable":true,"href":"https:\/\/www.hoymercedes.com.ar\/principal\/wp-json\/wp\/v2\/categories?post=3906"},{"taxonomy":"post_tag","embeddable":true,"href":"https:\/\/www.hoymercedes.com.ar\/principal\/wp-json\/wp\/v2\/tags?post=3906"}],"curies":[{"name":"wp","href":"https:\/\/api.w.org\/{rel}","templated":true}]}}