{"id":39073,"date":"2015-01-18T20:08:07","date_gmt":"2015-01-18T23:08:07","guid":{"rendered":"http:\/\/www.hoymercedes.com.ar\/principal\/?p=39073"},"modified":"2015-01-18T20:10:48","modified_gmt":"2015-01-18T23:10:48","slug":"para-juan-carlos-benitez-la-r41-es-una-muestra-clara-de-la-negligencia-gobernante","status":"publish","type":"post","link":"https:\/\/www.hoymercedes.com.ar\/principal\/2015\/01\/18\/para-juan-carlos-benitez-la-r41-es-una-muestra-clara-de-la-negligencia-gobernante\/","title":{"rendered":"Para Juan Carlos Benitez, la R41, es una \u00abmuestra clara de la negligencia gobernante\u00bb (Video)"},"content":{"rendered":"<p><a href=\"https:\/\/www.hoymercedes.com.ar\/principal\/wp-content\/uploads\/2015\/01\/juancarlosbenitez.jpg\"><img loading=\"lazy\" decoding=\"async\" data-attachment-id=\"39074\" data-permalink=\"https:\/\/www.hoymercedes.com.ar\/principal\/2015\/01\/18\/para-juan-carlos-benitez-la-r41-es-una-muestra-clara-de-la-negligencia-gobernante\/juancarlosbenitez-4\/#main\" data-orig-file=\"https:\/\/www.hoymercedes.com.ar\/principal\/wp-content\/uploads\/2015\/01\/juancarlosbenitez-e1421622388179.jpg\" data-orig-size=\"620,547\" data-comments-opened=\"1\" data-image-meta=\"{&quot;aperture&quot;:&quot;0&quot;,&quot;credit&quot;:&quot;&quot;,&quot;camera&quot;:&quot;&quot;,&quot;caption&quot;:&quot;&quot;,&quot;created_timestamp&quot;:&quot;0&quot;,&quot;copyright&quot;:&quot;&quot;,&quot;focal_length&quot;:&quot;0&quot;,&quot;iso&quot;:&quot;0&quot;,&quot;shutter_speed&quot;:&quot;0&quot;,&quot;title&quot;:&quot;&quot;,&quot;orientation&quot;:&quot;0&quot;}\" data-image-title=\"juancarlosbenitez\" data-image-description=\"\" data-image-caption=\"\" data-large-file=\"https:\/\/www.hoymercedes.com.ar\/principal\/wp-content\/uploads\/2015\/01\/juancarlosbenitez-e1421622388179.jpg\" class=\"Img2014 aligncenter wp-image-39074 size-full\" title=\"Juan Carlos Benitez, Pro Mercedes\" src=\"https:\/\/www.hoymercedes.com.ar\/principal\/wp-content\/uploads\/2015\/01\/juancarlosbenitez-e1421622388179.jpg\" alt=\"juancarlosbenitez\" width=\"620\" height=\"547\" \/><\/a><\/p>\n<p><em><strong>El Concejal Juan Carlos Benitez ha lanzado en \u00e9sta verano una campa\u00f1a de concientizaci\u00f3n del uso de las medidas de seguridad vial as\u00ed como de informaci\u00f3n para la ciudadan\u00eda con el objetivo de que tengan las debidas precauciones antes de salir a las rutas regionales que est\u00e1n, en especial las provinciales, en p\u00e9simo estado.<\/strong> <\/em><\/p>\n<p>Desde hace d\u00edas en las redes sociales circulan im\u00e1genes del edil buscando tomemos conciencia los ciudadanos de la importancia de la precauci\u00f3n y respeto de las medidas de seguridad. En esta ocasi\u00f3n, adem\u00e1s, suma un video que ilustra la situaci\u00f3n.<\/p>\n<p>Benitez, por su parte, expuso en su perfil de la red social Fabook:<\/p>\n<p><em>\u00abRUTA 41: CARA O CRUZ DE TRABAJOS TARD\u00cdOS<\/em><br \/>\n<em>Desde hace a\u00f1os desde distintas \u00f3pticas se pide por la soluci\u00f3n de esta ruta fatal para muchas familias, particularmente y tambi\u00e9n otros concejales hemos realizado pedido de informes acerca de la reparaci\u00f3n del p\u00e9simo estado de ella. En estas \u00faltimas semanas se puede observar que maquinas viales trabajan en zona en la intersecci\u00f3n con avenida 40, y hay dos cuestiones que llaman la atenci\u00f3n, el lado sur del puente sobre v\u00edas ferroviarias prosiguen en estado deplorable y l\u00f3gicamente riesgoso, y riesgoso tambi\u00e9n es el deposito de escombros, bloques de hormig\u00f3n, que han decidido colocar en la banquina de lado oeste al norte de puente sobre v\u00edas de ferrocarril Belgrano, que bien \u00fatiles hubiesen sido como relleno de la cava existente en 28 y 133, ocasionada en momentos que se construy\u00f3 el terrapl\u00e9n del puente sobre v\u00edas, es decir trabajos tard\u00edos, despu\u00e9s de accidentes evitables y sin previsi\u00f3n de una mejor utilizaci\u00f3n de escombros como bloques de hormigos y raspe del pavimento asf\u00e1ltico. ES LO QUE HAY\u00bb<\/em><\/p>\n<p>Video:<\/p>\n<p>&nbsp;<\/p>\n<p><iframe loading=\"lazy\" width=\"620\" height=\"465\" src=\"\/\/www.youtube.com\/embed\/laSidLb7K8o?rel=0&amp;showinfo=0\" frameborder=\"0\" allowfullscreen><\/iframe><\/p>\n","protected":false},"excerpt":{"rendered":"<p>El Concejal Juan Carlos Benitez ha lanzado en \u00e9sta verano una campa\u00f1a de concientizaci\u00f3n del uso de las medidas de &#8230; <a title=\"Para Juan Carlos Benitez, la R41, es una \u00abmuestra clara de la negligencia gobernante\u00bb (Video)\" class=\"read-more\" href=\"https:\/\/www.hoymercedes.com.ar\/principal\/2015\/01\/18\/para-juan-carlos-benitez-la-r41-es-una-muestra-clara-de-la-negligencia-gobernante\/\" aria-label=\"Leer m\u00e1s sobre Para Juan Carlos Benitez, la R41, es una \u00abmuestra clara de la negligencia gobernante\u00bb (Video)\">Leer m\u00e1s<\/a><\/p>\n","protected":false},"author":1,"featured_media":0,"comment_status":"open","ping_status":"open","sticky":false,"template":"","format":"standard","meta":{"_monsterinsights_skip_tracking":false,"_monsterinsights_sitenote_active":false,"_monsterinsights_sitenote_note":"","_monsterinsights_sitenote_category":0,"jetpack_post_was_ever_published":false,"_jetpack_newsletter_access":"","_jetpack_dont_email_post_to_subs":false,"_jetpack_newsletter_tier_id":0,"_jetpack_memberships_contains_paywalled_content":false,"_jetpack_memberships_contains_paid_content":false,"footnotes":"","jetpack_publicize_message":"","jetpack_publicize_feature_enabled":true,"jetpack_social_post_already_shared":true,"jetpack_social_options":{"image_generator_settings":{"template":"highway","default_image_id":0,"font":"","enabled":false},"version":2},"_wpas_customize_per_network":false},"categories":[5],"tags":[313,2185],"class_list":["post-39073","post","type-post","status-publish","format-standard","hentry","category-politica","tag-juan-carlos-benitez","tag-pro-mercedes","generate-columns","tablet-grid-50","mobile-grid-100","grid-parent","grid-50"],"jetpack_publicize_connections":[],"jetpack_featured_media_url":"","wps_subtitle":"Ruta, caminos y seguridad vial","jetpack_sharing_enabled":true,"_links":{"self":[{"href":"https:\/\/www.hoymercedes.com.ar\/principal\/wp-json\/wp\/v2\/posts\/39073","targetHints":{"allow":["GET"]}}],"collection":[{"href":"https:\/\/www.hoymercedes.com.ar\/principal\/wp-json\/wp\/v2\/posts"}],"about":[{"href":"https:\/\/www.hoymercedes.com.ar\/principal\/wp-json\/wp\/v2\/types\/post"}],"author":[{"embeddable":true,"href":"https:\/\/www.hoymercedes.com.ar\/principal\/wp-json\/wp\/v2\/users\/1"}],"replies":[{"embeddable":true,"href":"https:\/\/www.hoymercedes.com.ar\/principal\/wp-json\/wp\/v2\/comments?post=39073"}],"version-history":[{"count":0,"href":"https:\/\/www.hoymercedes.com.ar\/principal\/wp-json\/wp\/v2\/posts\/39073\/revisions"}],"wp:attachment":[{"href":"https:\/\/www.hoymercedes.com.ar\/principal\/wp-json\/wp\/v2\/media?parent=39073"}],"wp:term":[{"taxonomy":"category","embeddable":true,"href":"https:\/\/www.hoymercedes.com.ar\/principal\/wp-json\/wp\/v2\/categories?post=39073"},{"taxonomy":"post_tag","embeddable":true,"href":"https:\/\/www.hoymercedes.com.ar\/principal\/wp-json\/wp\/v2\/tags?post=39073"}],"curies":[{"name":"wp","href":"https:\/\/api.w.org\/{rel}","templated":true}]}}