{"id":39097,"date":"2015-01-20T21:07:07","date_gmt":"2015-01-21T00:07:07","guid":{"rendered":"http:\/\/www.hoymercedes.com.ar\/principal\/?p=39097"},"modified":"2015-01-20T21:07:53","modified_gmt":"2015-01-21T00:07:53","slug":"relatos-salvajes-la-crisis-sanitaria-en-mercedes","status":"publish","type":"post","link":"https:\/\/www.hoymercedes.com.ar\/principal\/2015\/01\/20\/relatos-salvajes-la-crisis-sanitaria-en-mercedes\/","title":{"rendered":"Relatos salvajes: La  crisis sanitaria en Mercedes"},"content":{"rendered":"<p align=\"justify\"><a href=\"https:\/\/www.hoymercedes.com.ar\/principal\/wp-content\/uploads\/2014\/10\/hospitaldubarry.jpg\"><img loading=\"lazy\" decoding=\"async\" data-attachment-id=\"36913\" data-permalink=\"https:\/\/www.hoymercedes.com.ar\/principal\/2014\/10\/15\/solicitada-primero-la-salud-primero-mercedes\/hospitaldubarry-2\/#main\" data-orig-file=\"https:\/\/www.hoymercedes.com.ar\/principal\/wp-content\/uploads\/2014\/10\/hospitaldubarry.jpg\" data-orig-size=\"620,568\" data-comments-opened=\"1\" data-image-meta=\"{&quot;aperture&quot;:&quot;0&quot;,&quot;credit&quot;:&quot;&quot;,&quot;camera&quot;:&quot;&quot;,&quot;caption&quot;:&quot;&quot;,&quot;created_timestamp&quot;:&quot;0&quot;,&quot;copyright&quot;:&quot;&quot;,&quot;focal_length&quot;:&quot;0&quot;,&quot;iso&quot;:&quot;0&quot;,&quot;shutter_speed&quot;:&quot;0&quot;,&quot;title&quot;:&quot;&quot;,&quot;orientation&quot;:&quot;0&quot;}\" data-image-title=\"hospitaldubarry\" data-image-description=\"\" data-image-caption=\"\" data-large-file=\"https:\/\/www.hoymercedes.com.ar\/principal\/wp-content\/uploads\/2014\/10\/hospitaldubarry.jpg\" class=\"Img2014 aligncenter wp-image-36913 size-full\" title=\"Hospital Blas L. Dubarry, Mercedes\" src=\"https:\/\/www.hoymercedes.com.ar\/principal\/wp-content\/uploads\/2014\/10\/hospitaldubarry.jpg\" alt=\"hospitaldubarry\" width=\"620\" height=\"568\" \/><\/a><\/p>\n<p align=\"justify\"><strong>&#8211; Por Sergio Resqu\u00edn * &#8211;<\/strong> Historias que radiograf\u00edan padecimientos y disparan interrogantes al por mayor. En los \u00faltimos d\u00edas la ca\u00edda casera de la presidenta en su residencia de Rio Gallegos ,puso en consideraci\u00f3n nacional la situaci\u00f3n de los hospitales p\u00fablicos de las diferentes ciudades de la argentina .La quebradura de la jefa del estado no pudo ser diagnosticada y tratada en el hospital de la capital de Santa Cruz ,entre otras cosas porque el resonador del nosocomio local llevaba 18 meses de inutilizaci\u00f3n .Como cualquiera puede colegir si la m\u00e1xima autoridad pol\u00edtica del pa\u00eds no logro la atenci\u00f3n adecuada en el hospital de Rio Gallegos \u00bfQu\u00e9 suceder\u00e1 con los ciudadanos de a pie en esa ciudad y\/o provincia ? Obviamente no todos poseen un avi\u00f3n en la puerta para en dos horas llegar a una de las cl\u00ednicas privadas capitalinas de mas nivel.<\/p>\n<p align=\"justify\">Pero mas all\u00e1 de la an\u00e9cdota presidencial y su tobillo quebrado y todos nos hizo ruido el resonador para el resto de los vecinos santa cruce\u00f1os ,y nos trajo alguna reminiscencia Mercedina .<\/p>\n<p align=\"justify\"><b>El caso Ivaldis: una historia m\u00ednima o no se te ocurra lesionarte un domingo<\/b><\/p>\n<p align=\"justify\">El 17 de noviembre alrededor de las siete de la ma\u00f1ana llego a la guardia del Hospital Blas L Dubarry ,el hijo de Daniel Ivaldis con un fuerte golpe en el pubis .El adolescente llego al nosocomio local perdiendo mucha sangre ,ante la impotencia del m\u00e9dico de guardia .Este le manifiesta al padre del joven que se necesitar\u00eda un ur\u00f3logo , un ecografista y hasta un traumat\u00f3logo en principio.\u201d Y , bueno ll\u00e1melos \u201cle sugiri\u00f3 el padre del adolescente.\u201des que ninguno contesta o atiende el tel\u00e9fono \u201c trato de defenderse el m\u00e9dico de guardia .Mientras el joven segu\u00eda perdiendo sangre y en medio de gran dolor , Daniel Ivaldi llamo infructuosamente en reiteradas oportunidades al director del Hospital ,el bioqu\u00edmico Adolfo Principi.Como era de esperar nunca contesto a ninguno de los llamados que proven\u00edan ,no del celular de Ivaldi ,sino del tel\u00e9fono del establecimiento que el licenciado dirige.<\/p>\n<p align=\"justify\">Alrededor del mediod\u00eda se hizo presente el ur\u00f3logo Tillet,quien por razones que solo se pueden especular ,se declaro incompetente y se retiro sin aliviar nada de la situaci\u00f3n del paciente .Quiz\u00e1 la imposibilidad de contar con el auxilio de tecnolog\u00eda para el diagn\u00f3stico ,produjo la retirada de Tillet sin cumplir con su trabajo. La \u00fanica posibilidad ofrecida por los m\u00e9dicos era esperar hasta el d\u00eda siguiente .<\/p>\n<p align=\"justify\">A estas alturas de aquel 17 de noviembre el padre y dem\u00e1s familiares del joven Ivaldi eran presos de la desesperaci\u00f3n .Hasta que el progenitor contando con un amigo que le facilito su auto ,decidi\u00f3 trasladarlo a una cl\u00ednica privada de Lujan .En la misma luego de producido su ingreso por la guardia fue tratado por un cl\u00ednico ,un ur\u00f3logo y un traumat\u00f3logo que contaron con la ayuda de ecograf\u00eda ,resoncia magn\u00e9tica y tomograf\u00eda para diagnosticar que la lesi\u00f3n en la uretra necesitaba urgente una intervenci\u00f3n quir\u00fargica .As\u00ed alrededor de las 16 y 30 Ivaldi hijo ingresaba al quir\u00f3fano. Salta a la vista que al diagnostico ,sigui\u00f3 la acci\u00f3n m\u00e9dica necesaria .\u00bfPod\u00eda el pibe lesionado en la uretra haber soportado hasta el d\u00eda siguiente ?\u00bfPorque deb\u00eda soportar ese dolor y esa hemorragia varias horas ?<\/p>\n<p align=\"justify\"><b>Accidentarse en d\u00eda feriado, no recomendable<\/b><\/p>\n<p align=\"justify\">La historia del joven Ivaldis tuvo \u201cun final feliz \u201c porque no solo su padre puso en evidencia los reflejos necesarios para determinar hasta donde pod\u00eda esperar que el hospital p\u00fablico cumpliera con su deber ,tratando a su hijo ,sino tambi\u00e9n porque es trabajador formal , que posee una obra social y al menos un amigo que dispuso su veh\u00edculo para el traslado .\u00bfCualquier vecino puede tomar esas decisiones ?\u00bfcualquier mercedino tiene posibilidades de \u201chuir \u201c del abandono de Principio y C\u00eda. ?\u00bfPodemos estar todos en condiciones de tomar la decisi\u00f3n correcta ?La respuesta es no. Muchos por muchas razones estamos a merced del abandono por parte del estado . Ni hablar del abandono por parte de una empresa privada de la salud.<\/p>\n<p align=\"justify\">D\u00edas despu\u00e9s el propio bioqu\u00edmico principi director del hospital acompa\u00f1ado de \u00e9l medico, Garc\u00eda Aloisio reconoc\u00eda ,ante Daniel Aval\u00e9is, que un domingo o d\u00eda feriado es casi imposible armar un equipo de cirug\u00eda. A confesi\u00f3n de parte relevo de prueba .\u00bfreconocer su impotencia no es reconocer su fracaso ?<\/p>\n<p align=\"justify\"><b>Entre la vida y la muerte, o la ruleta rusa de la atenci\u00f3n hospitalaria<\/b><\/p>\n<p align=\"justify\">El 24 de setiembre d\u00eda no laborable en Mercedes ,el traumat\u00f3logo Sebasti\u00e1n Martin Giussio se aprestaba a almorzar en familia .Antes de probar bocado atendi\u00f3 su tel\u00e9fono .Del otro lado la voz de la Dra. Gauna ,de guardia en el Hospital ,le imploraba que se hiciera presente en el nosocomio. La m\u00e9dica le refiri\u00f3 la situaci\u00f3n y el riego de vida de un joven que sufri\u00f3 un accidente ferroviario . Giusio pregunto :\u201d\u00bfdra porque no llama a alguno de los siete traumat\u00f3logos que tienen relaci\u00f3n contractual con el hospital ?\u201d.La Dra. Gauna trago saliva :\u201d ya los llame y ninguno atiende doctor ,usted es el octavo traumat\u00f3logo al que recurro ,temo por la vida del paciente ,venga por favor \u201c.Giusio evidentemente afectado volvi\u00f3 a recordarle :\u201dyo no trabajo en el hospital usted lo sabe \u201c.<\/p>\n<p align=\"justify\">Gauna suplicante respondi\u00f3 :\u201d ya no se qu\u00e9 hacer doctor necesita un traumat\u00f3logo \u201c. Obviamente el doctor Sebasti\u00e1n Martin Giussio dejo su almuerzo familiar y en medio de sentimientos encontrados ,se dirigi\u00f3 al hospital .Por un lado la bronca de que siete profesionales desoyeron el llamado de la Dra. Gauna o negaron su presencia en Mercedes ,situaci\u00f3n absolutamente falsa ,a pesar de que un paciente ,estaba a punto de morir. Por el otro privo el humanismo y el inter\u00e9s cient\u00edfico ,aun sabiendo que estaba cubriendo la desidia de siete colegas y el encubrimiento de el director del Hospital.<\/p>\n<p align=\"justify\">Giussio le salvo la vida al joven accidentado ,pr\u00e1cticamente le reconstruyo el pie ,en varias horas de quir\u00f3fano .No podremos saber que hubiese ocurrido si este profesional sin ligaz\u00f3n contractual alguna con el Hospital de Mercedes ,adoptaba la misma actitud anti cient\u00edfica de sus siete colegas .O ,si ,como ocurri\u00f3 ante otro llamado similar Giussio hubiere estado fuera de la ciudad. Pero lo podemos suponer .Es poco probable que la Dra Gauna hubiera encontrado un profesional aquel 24 de setiembre. Lo que s\u00ed es harto evidente es que la vida de un joven quedo azarosamente en vilo ,,dependiendo de que apareciera un traumat\u00f3logo ,que movido por su humanismo ,concurri\u00f3 cuando nada tiene que ver con el funcionamiento del hospital.<\/p>\n<p align=\"justify\">El joven salvado por Giussio no ten\u00eda otra posibilidad que el hospital p\u00fablico, dependi\u00f3 del voluntarismo ,del azar ,o de la suerte o de un medico con todas las letras .<\/p>\n<p align=\"justify\">Pero \u00bfQu\u00e9 motiva a Principi a encubrir esta ,llam\u00e9mosle desidia ?\u00bfTienen alguna obligaci\u00f3n de concurrir estos siete traumat\u00f3logos ante semejante emergencia ?\u00bfpueden deso\u00edr una convocatoria como la de Gauna aquel 24 de siembre del a\u00f1o pasado?.<\/p>\n<p align=\"justify\"><b>La emergencia sanitaria en Mercedes<\/b><\/p>\n<p align=\"justify\">Las carencias que se verifican emp\u00edricamente en las dos historias involucran directamente a la conducci\u00f3n del Hospital Blas L Dubarry.Pero la gravedad no solo remite a un estado que no garantiza la salud de la ciudadan\u00eda sino tambi\u00e9n porque la opci\u00f3n privada es tan deficitaria en Mercedes ,que no sirve como alternativa.Al contrario es el hospital publico la opci\u00f3n de los vecinos. .La crisis sanitaria mercedina atraviesa todas las clases sociales ya que ni siquiera aquel que poseyere la m\u00e1s cara de las obras sociales ,est\u00e1 a salvo de la necesidad de atenci\u00f3n urgente ,previo a una derivaci\u00f3n .<\/p>\n<p align=\"justify\">El bioqu\u00edmico Principi lleva m\u00e1s de 12 a\u00f1os al frente del Hospital .Llego de la mano de Selva ,luego cayo suavemente en los brazos de Ustarroz ,cuando el intendente quedo hu\u00e9rfano del apoyo de cristina .Paso 4 a\u00f1os cumpliendo a la vez tareas de director del hospital y concejal. Nunca pudo ni quizo dar respuestas publicas respecto a casos como los narrados .Son dos botones de muestra .Tal vez esto cambie alg\u00fan d\u00eda.<\/p>\n<p align=\"justify\">* Dirigente del Partido Obrero de Mercedes<\/p>\n","protected":false},"excerpt":{"rendered":"<p>&#8211; Por Sergio Resqu\u00edn * &#8211; Historias que radiograf\u00edan padecimientos y disparan interrogantes al por mayor. En los \u00faltimos d\u00edas &#8230; <a title=\"Relatos salvajes: La  crisis sanitaria en Mercedes\" class=\"read-more\" href=\"https:\/\/www.hoymercedes.com.ar\/principal\/2015\/01\/20\/relatos-salvajes-la-crisis-sanitaria-en-mercedes\/\" aria-label=\"Leer m\u00e1s sobre Relatos salvajes: La  crisis sanitaria en Mercedes\">Leer m\u00e1s<\/a><\/p>\n","protected":false},"author":1,"featured_media":0,"comment_status":"open","ping_status":"open","sticky":false,"template":"","format":"standard","meta":{"_monsterinsights_skip_tracking":false,"_monsterinsights_sitenote_active":false,"_monsterinsights_sitenote_note":"","_monsterinsights_sitenote_category":0,"jetpack_post_was_ever_published":false,"_jetpack_newsletter_access":"","_jetpack_dont_email_post_to_subs":false,"_jetpack_newsletter_tier_id":0,"_jetpack_memberships_contains_paywalled_content":false,"_jetpack_memberships_contains_paid_content":false,"footnotes":"","jetpack_publicize_message":"","jetpack_publicize_feature_enabled":true,"jetpack_social_post_already_shared":true,"jetpack_social_options":{"image_generator_settings":{"template":"highway","default_image_id":0,"font":"","enabled":false},"version":2},"_wpas_customize_per_network":false},"categories":[1],"tags":[6847,6846,133,3394],"class_list":["post-39097","post","type-post","status-publish","format-standard","hentry","category-opinion","tag-blas-l-dubarry","tag-crisis-hospitalaria","tag-hospital-mercedes","tag-sergio-resquin","generate-columns","tablet-grid-50","mobile-grid-100","grid-parent","grid-50"],"jetpack_publicize_connections":[],"jetpack_featured_media_url":"","wps_subtitle":"La salud de los mercedinos ","jetpack_sharing_enabled":true,"_links":{"self":[{"href":"https:\/\/www.hoymercedes.com.ar\/principal\/wp-json\/wp\/v2\/posts\/39097","targetHints":{"allow":["GET"]}}],"collection":[{"href":"https:\/\/www.hoymercedes.com.ar\/principal\/wp-json\/wp\/v2\/posts"}],"about":[{"href":"https:\/\/www.hoymercedes.com.ar\/principal\/wp-json\/wp\/v2\/types\/post"}],"author":[{"embeddable":true,"href":"https:\/\/www.hoymercedes.com.ar\/principal\/wp-json\/wp\/v2\/users\/1"}],"replies":[{"embeddable":true,"href":"https:\/\/www.hoymercedes.com.ar\/principal\/wp-json\/wp\/v2\/comments?post=39097"}],"version-history":[{"count":0,"href":"https:\/\/www.hoymercedes.com.ar\/principal\/wp-json\/wp\/v2\/posts\/39097\/revisions"}],"wp:attachment":[{"href":"https:\/\/www.hoymercedes.com.ar\/principal\/wp-json\/wp\/v2\/media?parent=39097"}],"wp:term":[{"taxonomy":"category","embeddable":true,"href":"https:\/\/www.hoymercedes.com.ar\/principal\/wp-json\/wp\/v2\/categories?post=39097"},{"taxonomy":"post_tag","embeddable":true,"href":"https:\/\/www.hoymercedes.com.ar\/principal\/wp-json\/wp\/v2\/tags?post=39097"}],"curies":[{"name":"wp","href":"https:\/\/api.w.org\/{rel}","templated":true}]}}