{"id":3911,"date":"2011-05-02T00:34:53","date_gmt":"2011-05-02T00:34:53","guid":{"rendered":"http:\/\/www.hoymercedes.com.ar\/principal\/?p=3911"},"modified":"2011-05-02T00:34:53","modified_gmt":"2011-05-02T00:34:53","slug":"el-gen-no-quiere-frentes-con-fuerzas-de-derecha","status":"publish","type":"post","link":"https:\/\/www.hoymercedes.com.ar\/principal\/2011\/05\/02\/el-gen-no-quiere-frentes-con-fuerzas-de-derecha\/","title":{"rendered":"El GEN no quiere Frentes con fuerzas de derecha"},"content":{"rendered":"<figure id=\"attachment_257\" aria-describedby=\"caption-attachment-257\" style=\"width: 290px\" class=\"wp-caption alignleft\"><a href=\"https:\/\/www.hoymercedes.com.ar\/principal\/wp-content\/uploads\/2010\/11\/colao.jpg\"><img loading=\"lazy\" decoding=\"async\" data-attachment-id=\"257\" data-permalink=\"https:\/\/www.hoymercedes.com.ar\/principal\/2010\/11\/13\/usurpacion-de-terrenos-%e2%80%9ces-el-producto-de-la-falta-de-una-politica-de-tierras-de-muchos-anos-en-mercedes%e2%80%9d\/colao\/#main\" data-orig-file=\"https:\/\/www.hoymercedes.com.ar\/principal\/wp-content\/uploads\/2010\/11\/colao-e1521827775194.jpg\" data-orig-size=\"400,313\" data-comments-opened=\"1\" data-image-meta=\"{&quot;aperture&quot;:&quot;0&quot;,&quot;credit&quot;:&quot;&quot;,&quot;camera&quot;:&quot;&quot;,&quot;caption&quot;:&quot;&quot;,&quot;created_timestamp&quot;:&quot;0&quot;,&quot;copyright&quot;:&quot;&quot;,&quot;focal_length&quot;:&quot;0&quot;,&quot;iso&quot;:&quot;0&quot;,&quot;shutter_speed&quot;:&quot;0&quot;,&quot;title&quot;:&quot;&quot;}\" data-image-title=\"Lu\u00eds Colao\" data-image-description=\"&lt;p&gt;Lu\u00eds Colao&lt;\/p&gt;\n\" data-image-caption=\"&lt;p&gt;Lu\u00eds Colao&lt;\/p&gt;\n\" data-large-file=\"https:\/\/www.hoymercedes.com.ar\/principal\/wp-content\/uploads\/2010\/11\/colao-e1521827775194.jpg\" class=\"size-medium wp-image-257\" title=\"Lu\u00eds Colao\" src=\"https:\/\/www.hoymercedes.com.ar\/principal\/wp-content\/uploads\/2010\/11\/colao-300x234.jpg\" alt=\"Lu\u00eds Colao\" width=\"300\" height=\"234\" \/><\/a><figcaption id=\"caption-attachment-257\" class=\"wp-caption-text\">Lu\u00eds Colao<\/figcaption><\/figure>\n<p>A trav\u00e9s de un comunicado de prensa dado a conocer por los responsables del GEN en nuestra ciudad, concretamente el titular de dicha agrupaci\u00f3n pol\u00edtica Luis Colao, se sostiene que dicho grupo pol\u00edtico que naciera a partir de la iniciativa de Margarita Stolbizer no renunciar\u00e1 a preservar  y defender \u201cnuestra coherencia e identidad\u201d.<\/p>\n<p>En el texto enviada a los medios se expresa \u201cdesde que avanzamos en la constituci\u00f3n de este partido  lo hicimos fundados en la convicci\u00f3n  respecto de la necesidad que el espectro pol\u00edtico contara con una alternativa progresista que desde una clara vocaci\u00f3n frentista articulase una opci\u00f3n de poder, alejada del pragmatismo que es el disfraz permanente del travestismo  ide\u00f3logo al cual mucha parte de la dirigencia pol\u00edtica nos tiene acostumbrados.<\/p>\n<p>Por lo cual no vamos a entrar en la l\u00f3gica que todo lo justifica, novamos a acompa\u00f1ar un rejunte con cualquiera, no vamos a hacerle el juego a los sectores conservadores  que pretenden posicionar una opci\u00f3n reaccionaria y no vamos a permitir que el gobierno se quede con las bandera del progresismo que no le pertenecen.<\/p>\n<p>Por todo esto, desde el GEN seguimos propiciando la conformaci\u00f3n de un Frente  Progresista tanto en lo Nacional como en cada uno de los distritos que se eleve como alternativa  \u00e9tica e igualitaria frente al gobierno nacional.<\/p>\n<p>En la provincia de Buenos Aires seguiremos trabajando en el mismo sentido, por lo que rechazamos participar, si desde el radicalismo se avanza, en listas comunes o colectoras  con sectores conservadores  o de derecha, sin dejar de reconocer que a ese partido le asista el derecho  como fuerza aut\u00f3noma.<\/p>\n<p>Desde el Gen Mercedes reafirmando  esta posici\u00f3n  comenzaremos a delinear  la conformaci\u00f3n de un Frente Progresista  que desde lo program\u00e1tico e ideol\u00f3gico sea la verdadera alternativa para casi 30 a\u00f1os de gobierno  del mismo signo pol\u00edtico  y que hoy pretende perpetuarse a trav\u00e9s de simples maquillajes que esconden las mismas ideas y formas de gobierno\u201d.<\/p>\n<p>&nbsp;<\/p>\n","protected":false},"excerpt":{"rendered":"<p>A trav\u00e9s de un comunicado de prensa dado a conocer por los responsables del GEN en nuestra ciudad, concretamente el &#8230; <a title=\"El GEN no quiere Frentes con fuerzas de derecha\" class=\"read-more\" href=\"https:\/\/www.hoymercedes.com.ar\/principal\/2011\/05\/02\/el-gen-no-quiere-frentes-con-fuerzas-de-derecha\/\" aria-label=\"Leer m\u00e1s sobre El GEN no quiere Frentes con fuerzas de derecha\">Leer m\u00e1s<\/a><\/p>\n","protected":false},"author":1,"featured_media":0,"comment_status":"open","ping_status":"open","sticky":false,"template":"","format":"standard","meta":{"_monsterinsights_skip_tracking":false,"_monsterinsights_sitenote_active":false,"_monsterinsights_sitenote_note":"","_monsterinsights_sitenote_category":0,"jetpack_post_was_ever_published":false,"_jetpack_newsletter_access":"","_jetpack_dont_email_post_to_subs":false,"_jetpack_newsletter_tier_id":0,"_jetpack_memberships_contains_paywalled_content":false,"_jetpack_memberships_contains_paid_content":false,"footnotes":"","jetpack_publicize_message":"","jetpack_publicize_feature_enabled":true,"jetpack_social_post_already_shared":false,"jetpack_social_options":{"image_generator_settings":{"template":"highway","default_image_id":0,"font":"","enabled":false},"version":2},"_wpas_customize_per_network":false},"categories":[5],"tags":[318,319,362],"class_list":["post-3911","post","type-post","status-publish","format-standard","hentry","category-politica","tag-colao","tag-gen","tag-gen-mercedes","generate-columns","tablet-grid-50","mobile-grid-100","grid-parent","grid-50"],"jetpack_publicize_connections":[],"jetpack_featured_media_url":"","wps_subtitle":"","jetpack_sharing_enabled":true,"_links":{"self":[{"href":"https:\/\/www.hoymercedes.com.ar\/principal\/wp-json\/wp\/v2\/posts\/3911","targetHints":{"allow":["GET"]}}],"collection":[{"href":"https:\/\/www.hoymercedes.com.ar\/principal\/wp-json\/wp\/v2\/posts"}],"about":[{"href":"https:\/\/www.hoymercedes.com.ar\/principal\/wp-json\/wp\/v2\/types\/post"}],"author":[{"embeddable":true,"href":"https:\/\/www.hoymercedes.com.ar\/principal\/wp-json\/wp\/v2\/users\/1"}],"replies":[{"embeddable":true,"href":"https:\/\/www.hoymercedes.com.ar\/principal\/wp-json\/wp\/v2\/comments?post=3911"}],"version-history":[{"count":0,"href":"https:\/\/www.hoymercedes.com.ar\/principal\/wp-json\/wp\/v2\/posts\/3911\/revisions"}],"wp:attachment":[{"href":"https:\/\/www.hoymercedes.com.ar\/principal\/wp-json\/wp\/v2\/media?parent=3911"}],"wp:term":[{"taxonomy":"category","embeddable":true,"href":"https:\/\/www.hoymercedes.com.ar\/principal\/wp-json\/wp\/v2\/categories?post=3911"},{"taxonomy":"post_tag","embeddable":true,"href":"https:\/\/www.hoymercedes.com.ar\/principal\/wp-json\/wp\/v2\/tags?post=3911"}],"curies":[{"name":"wp","href":"https:\/\/api.w.org\/{rel}","templated":true}]}}