{"id":39116,"date":"2015-01-22T02:26:05","date_gmt":"2015-01-22T05:26:05","guid":{"rendered":"http:\/\/www.hoymercedes.com.ar\/principal\/?p=39116"},"modified":"2015-01-22T02:27:18","modified_gmt":"2015-01-22T05:27:18","slug":"castelucci-en-encuentro-de-referentes-del-frente-renovador","status":"publish","type":"post","link":"https:\/\/www.hoymercedes.com.ar\/principal\/2015\/01\/22\/castelucci-en-encuentro-de-referentes-del-frente-renovador\/","title":{"rendered":"Castelucci en encuentro de referentes del Frente Renovador"},"content":{"rendered":"<p><a href=\"https:\/\/www.hoymercedes.com.ar\/principal\/wp-content\/uploads\/2015\/01\/Castelucci-Sol\u00e1-2015.jpg\"><img loading=\"lazy\" decoding=\"async\" data-attachment-id=\"39117\" data-permalink=\"https:\/\/www.hoymercedes.com.ar\/principal\/2015\/01\/22\/castelucci-en-encuentro-de-referentes-del-frente-renovador\/castelucci-sola-2015\/#main\" data-orig-file=\"https:\/\/www.hoymercedes.com.ar\/principal\/wp-content\/uploads\/2015\/01\/Castelucci-Sol\u00e1-2015.jpg\" data-orig-size=\"620,463\" data-comments-opened=\"1\" data-image-meta=\"{&quot;aperture&quot;:&quot;0&quot;,&quot;credit&quot;:&quot;&quot;,&quot;camera&quot;:&quot;&quot;,&quot;caption&quot;:&quot;&quot;,&quot;created_timestamp&quot;:&quot;0&quot;,&quot;copyright&quot;:&quot;&quot;,&quot;focal_length&quot;:&quot;0&quot;,&quot;iso&quot;:&quot;0&quot;,&quot;shutter_speed&quot;:&quot;0&quot;,&quot;title&quot;:&quot;&quot;,&quot;orientation&quot;:&quot;0&quot;}\" data-image-title=\"Castelucci-Sol\u00e1-2015\" data-image-description=\"\" data-image-caption=\"\" data-large-file=\"https:\/\/www.hoymercedes.com.ar\/principal\/wp-content\/uploads\/2015\/01\/Castelucci-Sol\u00e1-2015.jpg\" class=\"Img2014 aligncenter wp-image-39117 size-full\" src=\"https:\/\/www.hoymercedes.com.ar\/principal\/wp-content\/uploads\/2015\/01\/Castelucci-Sol\u00e1-2015.jpg\" alt=\"Castelucci-Sol\u00e1-2015\" width=\"620\" height=\"463\" \/><\/a><\/p>\n<p><em><strong>Mariano Castelucci volvi\u00f3 a mostrarse junto a referentes del Frente Renovador. En esta ocasi\u00f3n junto a Felipe Sol\u00e1 e intendentes y referentes que integran dicha fuerza.<\/strong> <\/em><\/p>\n<p>El pasado lunes, Mariano Castelucci fue invitado a participar de la reuni\u00f3n organizada por el Frente Renovador en la ciudad de Pilar. Estuvieron presente Intendentes, ex Intendentes, diputados, Concejales, el ex Gobernador Felipe Sol\u00e1 y dirigentes del <strong>Frente Renovador de la provincia de Buenos Aires.<\/strong><\/p>\n<p>\u00ab<strong>Mariano Castelucci<\/strong> disert\u00f3 respecto a su propuesta para mejorar el sistema de salud, la educaci\u00f3n, el trabajo y la importancia de la participaci\u00f3n de la juventud en la pol\u00edtica, en conjunto con cada uno de sus proyectos de gobierno en pos de las pr\u00f3ximas elecciones.\u00bb, comentaron desde la Agrupaci\u00f3n Arturo Jauretche.<\/p>\n<p>&nbsp;<\/p>\n<p>&nbsp;<\/p>\n<p>&nbsp;<\/p>\n","protected":false},"excerpt":{"rendered":"<p>Mariano Castelucci volvi\u00f3 a mostrarse junto a referentes del Frente Renovador. En esta ocasi\u00f3n junto a Felipe Sol\u00e1 e intendentes &#8230; <a title=\"Castelucci en encuentro de referentes del Frente Renovador\" class=\"read-more\" href=\"https:\/\/www.hoymercedes.com.ar\/principal\/2015\/01\/22\/castelucci-en-encuentro-de-referentes-del-frente-renovador\/\" aria-label=\"Leer m\u00e1s sobre Castelucci en encuentro de referentes del Frente Renovador\">Leer m\u00e1s<\/a><\/p>\n","protected":false},"author":1,"featured_media":0,"comment_status":"open","ping_status":"open","sticky":false,"template":"","format":"standard","meta":{"_monsterinsights_skip_tracking":false,"_monsterinsights_sitenote_active":false,"_monsterinsights_sitenote_note":"","_monsterinsights_sitenote_category":0,"jetpack_post_was_ever_published":false,"_jetpack_newsletter_access":"","_jetpack_dont_email_post_to_subs":false,"_jetpack_newsletter_tier_id":0,"_jetpack_memberships_contains_paywalled_content":false,"_jetpack_memberships_contains_paid_content":false,"footnotes":"","jetpack_publicize_message":"","jetpack_publicize_feature_enabled":true,"jetpack_social_post_already_shared":true,"jetpack_social_options":{"image_generator_settings":{"template":"highway","default_image_id":0,"font":"","enabled":false},"version":2},"_wpas_customize_per_network":false},"categories":[5],"tags":[5037,6674,3537,513],"class_list":["post-39116","post","type-post","status-publish","format-standard","hentry","category-politica","tag-agrupacion-arturo-jauretche","tag-felipe-sola","tag-frente-renovador","tag-mariano-castelucci","generate-columns","tablet-grid-50","mobile-grid-100","grid-parent","grid-50"],"jetpack_publicize_connections":[],"jetpack_featured_media_url":"","wps_subtitle":"Armado pol\u00edtico 2015","jetpack_sharing_enabled":true,"jetpack-related-posts":[{"id":38572,"url":"https:\/\/www.hoymercedes.com.ar\/principal\/2014\/12\/19\/felipe-sola-junto-a-mariano-castelucci-recorreran-el-centro-de-mercedes\/","url_meta":{"origin":39116,"position":0},"title":"Felipe Sol\u00e1 junto a Mariano Castelucci recorrer\u00e1n el centro de Mercedes","author":"hoymercedes","date":"19 diciembre, 2014","format":false,"excerpt":"Felipe Sol\u00e1, ex gobernador de la Provincia de Buenos Aires y actual integrante del Frente Renovador, donde se sostiene es uno de los pre candidatos de dicha fuerza para retomar la conducci\u00f3n provincial estar\u00e1 \u00e9ste s\u00e1bado en Mercedes y ser\u00e1 en un encuentro junto a Mariano Castelucci, de la Agrupaci\u00f3n\u2026","rel":"","context":"En \u00abPol\u00edtica\u00bb","block_context":{"text":"Pol\u00edtica","link":"https:\/\/www.hoymercedes.com.ar\/principal\/category\/politica\/"},"img":{"alt_text":"Felipe Sol\u00e1 Frente Renovador en Mercedes ","src":"https:\/\/i0.wp.com\/www.hoymercedes.com.ar\/principal\/wp-content\/uploads\/2014\/12\/felipe-sol%C3%A1.jpg?resize=350%2C200","width":350,"height":200,"srcset":"https:\/\/i0.wp.com\/www.hoymercedes.com.ar\/principal\/wp-content\/uploads\/2014\/12\/felipe-sol%C3%A1.jpg?resize=350%2C200 1x, https:\/\/i0.wp.com\/www.hoymercedes.com.ar\/principal\/wp-content\/uploads\/2014\/12\/felipe-sol%C3%A1.jpg?resize=525%2C300 1.5x"},"classes":[]},{"id":38242,"url":"https:\/\/www.hoymercedes.com.ar\/principal\/2014\/12\/06\/mariano-castelucci-junto-a-massa-en-suipacha\/","url_meta":{"origin":39116,"position":1},"title":"Mariano Castelucci junto a Massa en Suipacha","author":"hoymercedes","date":"6 diciembre, 2014","format":false,"excerpt":"El Diputado Nacional Sergio Massa estuvo en la localidad de Suipacha junto a productores rurales en el predio de la Sociedad Rural de dicha localidad. Hubo representantes del campo y autoridades y entre los hombres de la pol\u00edtica uno de los invitados fue el referente de la Agrupaci\u00f3n Arturo Jauretche\u2026","rel":"","context":"En \u00abSociedad\u00bb","block_context":{"text":"Sociedad","link":"https:\/\/www.hoymercedes.com.ar\/principal\/category\/sociedad\/"},"img":{"alt_text":"massa-castelucci","src":"https:\/\/i0.wp.com\/www.hoymercedes.com.ar\/principal\/wp-content\/uploads\/2014\/12\/massa-castelucci.jpg?resize=350%2C200","width":350,"height":200,"srcset":"https:\/\/i0.wp.com\/www.hoymercedes.com.ar\/principal\/wp-content\/uploads\/2014\/12\/massa-castelucci.jpg?resize=350%2C200 1x, https:\/\/i0.wp.com\/www.hoymercedes.com.ar\/principal\/wp-content\/uploads\/2014\/12\/massa-castelucci.jpg?resize=525%2C300 1.5x"},"classes":[]},{"id":38612,"url":"https:\/\/www.hoymercedes.com.ar\/principal\/2014\/12\/21\/felipe-sola-junto-a-mariano-castelucci-brego-por-una-renovacion-tambien-en-mercedes\/","url_meta":{"origin":39116,"position":2},"title":"Felipe Sol\u00e1 junto a Mariano Castelucci breg\u00f3 por una \u201crenovaci\u00f3n\u201d tambi\u00e9n en Mercedes","author":"hoymercedes","date":"21 diciembre, 2014","format":false,"excerpt":"El pre candidato a gobernador Felipe Sol\u00e1, que integra el Frente Renovador, visit\u00f3 nuevamente Mercedes y lo hizo de la mano de Mariano Castelucci. Por cuestiones clim\u00e1ticas no pudieron hacer la recorrida planificada, pero, si atendi\u00f3 a la prensa. Tuvo definiciones fuertes, como afirmar que posiblemente Mercedes necesite una renovaci\u00f3n\u2026","rel":"","context":"En \u00abPol\u00edtica\u00bb","block_context":{"text":"Pol\u00edtica","link":"https:\/\/www.hoymercedes.com.ar\/principal\/category\/politica\/"},"img":{"alt_text":"felipesola-marianocastelucci","src":"https:\/\/i0.wp.com\/www.hoymercedes.com.ar\/principal\/wp-content\/uploads\/2014\/12\/felipesola-marianocastelucci.jpg?resize=350%2C200","width":350,"height":200,"srcset":"https:\/\/i0.wp.com\/www.hoymercedes.com.ar\/principal\/wp-content\/uploads\/2014\/12\/felipesola-marianocastelucci.jpg?resize=350%2C200 1x, https:\/\/i0.wp.com\/www.hoymercedes.com.ar\/principal\/wp-content\/uploads\/2014\/12\/felipesola-marianocastelucci.jpg?resize=525%2C300 1.5x"},"classes":[]},{"id":41061,"url":"https:\/\/www.hoymercedes.com.ar\/principal\/2015\/04\/23\/castelucci-estamos-con-un-pie-afuera-y-otro-adentro-del-frente-renovador\/","url_meta":{"origin":39116,"position":3},"title":"Castelucci: \u201cestamos con un pie afuera y otro adentro del frente renovador\u201d","author":"hoymercedes","date":"23 abril, 2015","format":false,"excerpt":"El pre candidato a intendente, Mariano Castelucci, anunci\u00f3 que est\u00e1 en pleno proceso de revisi\u00f3n de su participaci\u00f3n dentro campo del Frente Renovador, done \u00e9l mismo puso que se encuentra con un \u201cpie afuera\u201d tras bajarse Felipe Sol\u00e1 de la carrera por el gobernador. El escribano y dirigente pol\u00edtico aprovech\u00f3\u2026","rel":"","context":"En \u00abPol\u00edtica\u00bb","block_context":{"text":"Pol\u00edtica","link":"https:\/\/www.hoymercedes.com.ar\/principal\/category\/politica\/"},"img":{"alt_text":"","src":"https:\/\/i0.wp.com\/www.hoymercedes.com.ar\/principal\/wp-content\/uploads\/2015\/04\/castelucci-face.jpg?resize=350%2C200&ssl=1","width":350,"height":200,"srcset":"https:\/\/i0.wp.com\/www.hoymercedes.com.ar\/principal\/wp-content\/uploads\/2015\/04\/castelucci-face.jpg?resize=350%2C200&ssl=1 1x, https:\/\/i0.wp.com\/www.hoymercedes.com.ar\/principal\/wp-content\/uploads\/2015\/04\/castelucci-face.jpg?resize=525%2C300&ssl=1 1.5x"},"classes":[]},{"id":39523,"url":"https:\/\/www.hoymercedes.com.ar\/principal\/2015\/02\/11\/mariano-castelucci-junto-a-massa-y-sola-en-mar-del-plata\/","url_meta":{"origin":39116,"position":4},"title":"Mariano Castelucci junto a Massa y Sol\u00e1 en Mar del Plata","author":"hoymercedes","date":"11 febrero, 2015","format":false,"excerpt":"El pasado s\u00e1bado 7 de febrero, Mariano Castelucci junto a los integrantes de la agrupaci\u00f3n local \"Dr. Arturo Jauretche\" , viajaron a la ciudad de Mar del Plata para concurrir al acto de lanzamiento de Felipe Sol\u00e1 como pre candidato a Gobernador de la provincia de Buenos Aires. Con remeras\u2026","rel":"","context":"En \u00abPol\u00edtica\u00bb","block_context":{"text":"Pol\u00edtica","link":"https:\/\/www.hoymercedes.com.ar\/principal\/category\/politica\/"},"img":{"alt_text":"Castelucci","src":"https:\/\/i0.wp.com\/www.hoymercedes.com.ar\/principal\/wp-content\/uploads\/2015\/02\/Castelucci.jpg?resize=350%2C200","width":350,"height":200,"srcset":"https:\/\/i0.wp.com\/www.hoymercedes.com.ar\/principal\/wp-content\/uploads\/2015\/02\/Castelucci.jpg?resize=350%2C200 1x, https:\/\/i0.wp.com\/www.hoymercedes.com.ar\/principal\/wp-content\/uploads\/2015\/02\/Castelucci.jpg?resize=525%2C300 1.5x"},"classes":[]},{"id":39958,"url":"https:\/\/www.hoymercedes.com.ar\/principal\/2015\/03\/06\/mariano-castelucci-junto-a-sergio-massa-y-felipe-sola-en-expo-agro\/","url_meta":{"origin":39116,"position":5},"title":"Mariano Castelucci junto a Sergio Massa y Felipe Sol\u00e1 en Expo Agro","author":"hoymercedes","date":"6 marzo, 2015","format":false,"excerpt":"El pasado jueves, Mariano Castelucci visit\u00f3 la ExpoAgro 2015 de la localidad de Ramallo invitado por Sergio Massa y Felipe Sol\u00e1. Esta exposici\u00f3n\u00a0es una muestra agropecuaria a campo abierto que se realiza una vez por a\u00f1o durante cuatro d\u00edas en la cual un millar de stands de diferentes empresas exponen\u2026","rel":"","context":"En \u00abPol\u00edtica\u00bb","block_context":{"text":"Pol\u00edtica","link":"https:\/\/www.hoymercedes.com.ar\/principal\/category\/politica\/"},"img":{"alt_text":"Castelucci-Massa","src":"https:\/\/i0.wp.com\/www.hoymercedes.com.ar\/principal\/wp-content\/uploads\/2015\/03\/Castelucci-Massa.jpg?resize=350%2C200","width":350,"height":200,"srcset":"https:\/\/i0.wp.com\/www.hoymercedes.com.ar\/principal\/wp-content\/uploads\/2015\/03\/Castelucci-Massa.jpg?resize=350%2C200 1x, https:\/\/i0.wp.com\/www.hoymercedes.com.ar\/principal\/wp-content\/uploads\/2015\/03\/Castelucci-Massa.jpg?resize=525%2C300 1.5x"},"classes":[]}],"_links":{"self":[{"href":"https:\/\/www.hoymercedes.com.ar\/principal\/wp-json\/wp\/v2\/posts\/39116","targetHints":{"allow":["GET"]}}],"collection":[{"href":"https:\/\/www.hoymercedes.com.ar\/principal\/wp-json\/wp\/v2\/posts"}],"about":[{"href":"https:\/\/www.hoymercedes.com.ar\/principal\/wp-json\/wp\/v2\/types\/post"}],"author":[{"embeddable":true,"href":"https:\/\/www.hoymercedes.com.ar\/principal\/wp-json\/wp\/v2\/users\/1"}],"replies":[{"embeddable":true,"href":"https:\/\/www.hoymercedes.com.ar\/principal\/wp-json\/wp\/v2\/comments?post=39116"}],"version-history":[{"count":0,"href":"https:\/\/www.hoymercedes.com.ar\/principal\/wp-json\/wp\/v2\/posts\/39116\/revisions"}],"wp:attachment":[{"href":"https:\/\/www.hoymercedes.com.ar\/principal\/wp-json\/wp\/v2\/media?parent=39116"}],"wp:term":[{"taxonomy":"category","embeddable":true,"href":"https:\/\/www.hoymercedes.com.ar\/principal\/wp-json\/wp\/v2\/categories?post=39116"},{"taxonomy":"post_tag","embeddable":true,"href":"https:\/\/www.hoymercedes.com.ar\/principal\/wp-json\/wp\/v2\/tags?post=39116"}],"curies":[{"name":"wp","href":"https:\/\/api.w.org\/{rel}","templated":true}]}}