{"id":39123,"date":"2015-01-22T23:36:20","date_gmt":"2015-01-23T02:36:20","guid":{"rendered":"http:\/\/www.hoymercedes.com.ar\/principal\/?p=39123"},"modified":"2015-01-22T23:36:20","modified_gmt":"2015-01-23T02:36:20","slug":"denapole-y-salomone-brindaron-detalles-de-la-obra-de-la-avenida-29","status":"publish","type":"post","link":"https:\/\/www.hoymercedes.com.ar\/principal\/2015\/01\/22\/denapole-y-salomone-brindaron-detalles-de-la-obra-de-la-avenida-29\/","title":{"rendered":"Den\u00e1pole y Salomone brindaron detalles de la obra de la Avenida 29"},"content":{"rendered":"<p align=\"justify\"><a href=\"https:\/\/www.hoymercedes.com.ar\/principal\/wp-content\/uploads\/2015\/01\/salomene-denapole.jpg\"><img loading=\"lazy\" decoding=\"async\" data-attachment-id=\"39124\" data-permalink=\"https:\/\/www.hoymercedes.com.ar\/principal\/2015\/01\/22\/denapole-y-salomone-brindaron-detalles-de-la-obra-de-la-avenida-29\/salomene-denapole\/#main\" data-orig-file=\"https:\/\/www.hoymercedes.com.ar\/principal\/wp-content\/uploads\/2015\/01\/salomene-denapole.jpg\" data-orig-size=\"620,381\" data-comments-opened=\"1\" data-image-meta=\"{&quot;aperture&quot;:&quot;0&quot;,&quot;credit&quot;:&quot;&quot;,&quot;camera&quot;:&quot;&quot;,&quot;caption&quot;:&quot;&quot;,&quot;created_timestamp&quot;:&quot;0&quot;,&quot;copyright&quot;:&quot;&quot;,&quot;focal_length&quot;:&quot;0&quot;,&quot;iso&quot;:&quot;0&quot;,&quot;shutter_speed&quot;:&quot;0&quot;,&quot;title&quot;:&quot;&quot;,&quot;orientation&quot;:&quot;0&quot;}\" data-image-title=\"salomone-denapole\" data-image-description=\"\" data-image-caption=\"\" data-large-file=\"https:\/\/www.hoymercedes.com.ar\/principal\/wp-content\/uploads\/2015\/01\/salomene-denapole.jpg\" class=\"Img2014 aligncenter wp-image-39124 size-full\" title=\"Gustavo Salomone, Marcelo Den\u00e1pole, Obras P\u00fablicas Mercedes \" src=\"https:\/\/www.hoymercedes.com.ar\/principal\/wp-content\/uploads\/2015\/01\/salomene-denapole.jpg\" alt=\"salomone-denapole\" width=\"620\" height=\"381\" \/><\/a><\/p>\n<p align=\"justify\"><em><strong>En conferencia de prensa el intendente interino Marcelo Den\u00e1pole junto al Inge\u00f1ero Gustavo Salomone dieron a conocer detalles de la obra que se realiz\u00f3 en Av. 29 desde la esquina 42 hasta la calle 44 tras la ruptura de ca\u00f1os y el pavimento.<\/strong><\/em><\/p>\n<p align=\"justify\">Salomone expres\u00f3 que se iniciaron las obras de reparaci\u00f3n: <i>\u201cDespu\u00e9s del evento producido el d\u00eda 29 de diciembre, en la cual se produzco un desplome de un sector de losa de pavimento en 29 y 42, motivado por un taponamiento de un tramo de la ca\u00f1er\u00eda troncal principal cloacal, produciendo excesivas presiones del l\u00edquido cloacal en la zona taponada hizo que se empezara a filtrar el fluido por fuera de las ca\u00f1er\u00edas existentes, socavando los suelos por debajo del pavimento y produciendo la quebradura de losas de hormig\u00f3n del pavimento del lugar\u201d <\/i><\/p>\n<p align=\"justify\">\u201c<i>Gustavo Salomone tambi\u00e9n sostuvo que el problema comenz\u00f3 sobre Av. 29 entre las v\u00edas y Av. 40 en donde fueron reemplazados los ca\u00f1os de hormig\u00f3n por ca\u00f1os de PVC, que a ra\u00edz de la abrasividad de las cloacas se hab\u00eda comido el hormig\u00f3n, luego, en una tercera etapa se suplantaron las ca\u00f1er\u00edas de hormig\u00f3n por unas de PVC desde las v\u00edas hasta la calle 42.\u201d<\/i>, remarcaron desde prensa municipal.<\/p>\n<p align=\"justify\">Ahora en esta cuarta etapa se reemplazaron los ca\u00f1os de la Av. 29 desde la calle 42 hasta la calle 44 en donde se conectaron los ca\u00f1os de PVC con una c\u00e1mara.<\/p>\n<p align=\"justify\">El intendente interino aclar\u00f3 que <i>\u201cno se est\u00e1 repitiendo siempre la misma obra, sino que se est\u00e1 avanzando paulatinamente, que el inicio del problema, en donde se hundi\u00f3 el cami\u00f3n fue en Av. 29 casi Av. 40 y hoy en d\u00eda se est\u00e1 arreglando ya llegando a la calle 44, que esta \u00faltima obra abarcaba 120 metros desde la calle 42 hasta la calle 44\u201d<\/i> dijo esto a ra\u00edz de lo que se estaba diciendo en algunos medios y explic\u00f3 que \u2026<i>\u201ceste \u00faltimo tramo se est\u00e1 reemplazando la ca\u00f1er\u00eda que tiene mas de 80 a\u00f1os, ahora ya est\u00e1 conectada y funcionando bien y lo que falta ahora es el sustrato del suelo y el asfalto encima\u2026\u201d <\/i>de esta manera la Av. 29 recuperar\u00eda su paso completo para los autom\u00f3viles.<\/p>\n","protected":false},"excerpt":{"rendered":"<p>En conferencia de prensa el intendente interino Marcelo Den\u00e1pole junto al Inge\u00f1ero Gustavo Salomone dieron a conocer detalles de la &#8230; <a title=\"Den\u00e1pole y Salomone brindaron detalles de la obra de la Avenida 29\" class=\"read-more\" href=\"https:\/\/www.hoymercedes.com.ar\/principal\/2015\/01\/22\/denapole-y-salomone-brindaron-detalles-de-la-obra-de-la-avenida-29\/\" aria-label=\"Leer m\u00e1s sobre Den\u00e1pole y Salomone brindaron detalles de la obra de la Avenida 29\">Leer m\u00e1s<\/a><\/p>\n","protected":false},"author":1,"featured_media":0,"comment_status":"open","ping_status":"open","sticky":false,"template":"","format":"standard","meta":{"_monsterinsights_skip_tracking":false,"_monsterinsights_sitenote_active":false,"_monsterinsights_sitenote_note":"","_monsterinsights_sitenote_category":0,"jetpack_post_was_ever_published":false,"_jetpack_newsletter_access":"","_jetpack_dont_email_post_to_subs":false,"_jetpack_newsletter_tier_id":0,"_jetpack_memberships_contains_paywalled_content":false,"_jetpack_memberships_contains_paid_content":false,"footnotes":"","jetpack_publicize_message":"","jetpack_publicize_feature_enabled":true,"jetpack_social_post_already_shared":true,"jetpack_social_options":{"image_generator_settings":{"template":"highway","default_image_id":0,"font":"","enabled":false},"version":2},"_wpas_customize_per_network":false},"categories":[30],"tags":[229,436,2226],"class_list":["post-39123","post","type-post","status-publish","format-standard","hentry","category-municipio","tag-gustavo-salomone","tag-marcelo-denapole","tag-obras-publicas-mercedes","generate-columns","tablet-grid-50","mobile-grid-100","grid-parent","grid-50"],"jetpack_publicize_connections":[],"jetpack_featured_media_url":"","wps_subtitle":"","jetpack_sharing_enabled":true,"_links":{"self":[{"href":"https:\/\/www.hoymercedes.com.ar\/principal\/wp-json\/wp\/v2\/posts\/39123","targetHints":{"allow":["GET"]}}],"collection":[{"href":"https:\/\/www.hoymercedes.com.ar\/principal\/wp-json\/wp\/v2\/posts"}],"about":[{"href":"https:\/\/www.hoymercedes.com.ar\/principal\/wp-json\/wp\/v2\/types\/post"}],"author":[{"embeddable":true,"href":"https:\/\/www.hoymercedes.com.ar\/principal\/wp-json\/wp\/v2\/users\/1"}],"replies":[{"embeddable":true,"href":"https:\/\/www.hoymercedes.com.ar\/principal\/wp-json\/wp\/v2\/comments?post=39123"}],"version-history":[{"count":0,"href":"https:\/\/www.hoymercedes.com.ar\/principal\/wp-json\/wp\/v2\/posts\/39123\/revisions"}],"wp:attachment":[{"href":"https:\/\/www.hoymercedes.com.ar\/principal\/wp-json\/wp\/v2\/media?parent=39123"}],"wp:term":[{"taxonomy":"category","embeddable":true,"href":"https:\/\/www.hoymercedes.com.ar\/principal\/wp-json\/wp\/v2\/categories?post=39123"},{"taxonomy":"post_tag","embeddable":true,"href":"https:\/\/www.hoymercedes.com.ar\/principal\/wp-json\/wp\/v2\/tags?post=39123"}],"curies":[{"name":"wp","href":"https:\/\/api.w.org\/{rel}","templated":true}]}}