{"id":39127,"date":"2015-01-22T23:40:32","date_gmt":"2015-01-23T02:40:32","guid":{"rendered":"http:\/\/www.hoymercedes.com.ar\/principal\/?p=39127"},"modified":"2015-01-22T23:41:11","modified_gmt":"2015-01-23T02:41:11","slug":"el-31-habra-movilizacion-y-reclamo-en-av-40-y-r41","status":"publish","type":"post","link":"https:\/\/www.hoymercedes.com.ar\/principal\/2015\/01\/22\/el-31-habra-movilizacion-y-reclamo-en-av-40-y-r41\/","title":{"rendered":"El 31 habr\u00e1 movilizaci\u00f3n y reclamo en Av.40 y R41"},"content":{"rendered":"<p align=\"justify\"><a href=\"https:\/\/www.hoymercedes.com.ar\/principal\/wp-content\/uploads\/2015\/01\/reunion-uuv-2015.jpg\"><img loading=\"lazy\" decoding=\"async\" data-attachment-id=\"39128\" data-permalink=\"https:\/\/www.hoymercedes.com.ar\/principal\/2015\/01\/22\/el-31-habra-movilizacion-y-reclamo-en-av-40-y-r41\/reunion-uuv-2015\/#main\" data-orig-file=\"https:\/\/www.hoymercedes.com.ar\/principal\/wp-content\/uploads\/2015\/01\/reunion-uuv-2015.jpg\" data-orig-size=\"620,389\" data-comments-opened=\"1\" data-image-meta=\"{&quot;aperture&quot;:&quot;0&quot;,&quot;credit&quot;:&quot;&quot;,&quot;camera&quot;:&quot;&quot;,&quot;caption&quot;:&quot;&quot;,&quot;created_timestamp&quot;:&quot;0&quot;,&quot;copyright&quot;:&quot;&quot;,&quot;focal_length&quot;:&quot;0&quot;,&quot;iso&quot;:&quot;0&quot;,&quot;shutter_speed&quot;:&quot;0&quot;,&quot;title&quot;:&quot;&quot;,&quot;orientation&quot;:&quot;1&quot;}\" data-image-title=\"reunion-uuv-2015\" data-image-description=\"\" data-image-caption=\"\" data-large-file=\"https:\/\/www.hoymercedes.com.ar\/principal\/wp-content\/uploads\/2015\/01\/reunion-uuv-2015.jpg\" class=\"Img2014 aligncenter wp-image-39128 size-full\" title=\"Movilizaci\u00f3n ruta 41\" src=\"https:\/\/www.hoymercedes.com.ar\/principal\/wp-content\/uploads\/2015\/01\/reunion-uuv-2015.jpg\" alt=\"reunion-uuv-2015\" width=\"620\" height=\"389\" \/><\/a><\/p>\n<p align=\"justify\"><em><strong>La actividad est\u00e1 programada por la Uni\u00f3n de Usuarios Viales. Se invita a la poblaci\u00f3n a ser parte de la actividad de protesta, reclamo, difusi\u00f3n y conscientizaci\u00f3n sobre el estado de las rutas de la regi\u00f3n y la provincia.<\/strong><\/em><\/p>\n<p align=\"justify\">Al respecto, comentaron desde la Comisi\u00f3n local: \u201cVecinos de la comisi\u00f3n de Mercedes contra el peaje miembros de la UDUV, se reunieron durante \u00e9sta semana para ultimar detalles sobre la movida a nivel Provincial para el d\u00eda 31 de enero 2015 donde se buscar\u00e1 manifestar por un lado la decid\u00eda sobre la infraestructura vial provincial y nacional y por otro lado alertando a los usuarios turistas y trabajadores sobre el estado de las rutas en particular, que respeten las leyes de tr\u00e1nsito etc.\u201d, expresaron respecto a los objetivos.<\/p>\n<p align=\"justify\">En relaci\u00f3n a la actividad, que ser\u00e1 una clara acci\u00f3n ciudadana, sostuvieron: \u201cLa manifestaci\u00f3n ser\u00e1 el d\u00eda 31\/1 desde las 08 hs hasta las 10 hs repartiendo volantes a todos los usuarios que transiten por la ruta provincial 41 en el puesto de la Polic\u00eda Vial en Av. 40. Ya confirmaron presencia vecinos que apoyan nuestra lucha que es m\u00e1s que genuina y APARTIDARIA por la vida del pr\u00f3jimo.\u201d, sostuvieron.<\/p>\n<p align=\"justify\">Dejaron la invitaci\u00f3n a todos los mercedinos y vecinos de la regi\u00f3n remarcando que el beneficio es para todos: \u201cLos esperamos a todos aquellos que crean que podemos aportar un grano de arena para beneficio de todos.\u201d a la vez que remarcaron: \u201cbasta de catarsis en redes sociales, concurramos en persona y sentiremos que hicimos un bien y quien les dice que con estas actitudes salvemos vidas.\u201d afirmaron contundentemente a la vez que dejaron dos tel\u00e9fonos m\u00f3viles como v\u00edas de comunicaci\u00f3n directa: 02324 15580346 y 02324 15519364.<\/p>\n<p align=\"justify\">\n","protected":false},"excerpt":{"rendered":"<p>La actividad est\u00e1 programada por la Uni\u00f3n de Usuarios Viales. Se invita a la poblaci\u00f3n a ser parte de la &#8230; <a title=\"El 31 habr\u00e1 movilizaci\u00f3n y reclamo en Av.40 y R41\" class=\"read-more\" href=\"https:\/\/www.hoymercedes.com.ar\/principal\/2015\/01\/22\/el-31-habra-movilizacion-y-reclamo-en-av-40-y-r41\/\" aria-label=\"Leer m\u00e1s sobre El 31 habr\u00e1 movilizaci\u00f3n y reclamo en Av.40 y R41\">Leer m\u00e1s<\/a><\/p>\n","protected":false},"author":1,"featured_media":0,"comment_status":"open","ping_status":"open","sticky":false,"template":"","format":"standard","meta":{"_monsterinsights_skip_tracking":false,"_monsterinsights_sitenote_active":false,"_monsterinsights_sitenote_note":"","_monsterinsights_sitenote_category":0,"jetpack_post_was_ever_published":false,"_jetpack_newsletter_access":"","_jetpack_dont_email_post_to_subs":false,"_jetpack_newsletter_tier_id":0,"_jetpack_memberships_contains_paywalled_content":false,"_jetpack_memberships_contains_paid_content":false,"footnotes":"","jetpack_publicize_message":"","jetpack_publicize_feature_enabled":true,"jetpack_social_post_already_shared":true,"jetpack_social_options":{"image_generator_settings":{"template":"highway","default_image_id":0,"font":"","enabled":false},"version":2},"_wpas_customize_per_network":false},"categories":[8],"tags":[6853,2911,2754],"class_list":["post-39127","post","type-post","status-publish","format-standard","hentry","category-sociedad","tag-el-31-habra-movilizacion-y-reclamo-en-av-40-y-r41","tag-union-de-usuario-viales","tag-union-de-usuarios-viales","generate-columns","tablet-grid-50","mobile-grid-100","grid-parent","grid-50"],"jetpack_publicize_connections":[],"jetpack_featured_media_url":"","wps_subtitle":"Reclaman obras y acciones estatales ","jetpack_sharing_enabled":true,"_links":{"self":[{"href":"https:\/\/www.hoymercedes.com.ar\/principal\/wp-json\/wp\/v2\/posts\/39127","targetHints":{"allow":["GET"]}}],"collection":[{"href":"https:\/\/www.hoymercedes.com.ar\/principal\/wp-json\/wp\/v2\/posts"}],"about":[{"href":"https:\/\/www.hoymercedes.com.ar\/principal\/wp-json\/wp\/v2\/types\/post"}],"author":[{"embeddable":true,"href":"https:\/\/www.hoymercedes.com.ar\/principal\/wp-json\/wp\/v2\/users\/1"}],"replies":[{"embeddable":true,"href":"https:\/\/www.hoymercedes.com.ar\/principal\/wp-json\/wp\/v2\/comments?post=39127"}],"version-history":[{"count":0,"href":"https:\/\/www.hoymercedes.com.ar\/principal\/wp-json\/wp\/v2\/posts\/39127\/revisions"}],"wp:attachment":[{"href":"https:\/\/www.hoymercedes.com.ar\/principal\/wp-json\/wp\/v2\/media?parent=39127"}],"wp:term":[{"taxonomy":"category","embeddable":true,"href":"https:\/\/www.hoymercedes.com.ar\/principal\/wp-json\/wp\/v2\/categories?post=39127"},{"taxonomy":"post_tag","embeddable":true,"href":"https:\/\/www.hoymercedes.com.ar\/principal\/wp-json\/wp\/v2\/tags?post=39127"}],"curies":[{"name":"wp","href":"https:\/\/api.w.org\/{rel}","templated":true}]}}