{"id":39134,"date":"2015-01-25T00:26:14","date_gmt":"2015-01-25T03:26:14","guid":{"rendered":"http:\/\/www.hoymercedes.com.ar\/principal\/?p=39134"},"modified":"2015-01-25T00:26:52","modified_gmt":"2015-01-25T03:26:52","slug":"importante-encuentro-de-intendente-del-frente-renovador-en-mercedes","status":"publish","type":"post","link":"https:\/\/www.hoymercedes.com.ar\/principal\/2015\/01\/25\/importante-encuentro-de-intendente-del-frente-renovador-en-mercedes\/","title":{"rendered":"Importante encuentro de intendente del Frente Renovador en Mercedes"},"content":{"rendered":"<p align=\"justify\"><a href=\"https:\/\/www.hoymercedes.com.ar\/principal\/wp-content\/uploads\/2015\/01\/intendentes-frenterenovador-mercedes.jpg\"><img loading=\"lazy\" decoding=\"async\" data-attachment-id=\"39135\" data-permalink=\"https:\/\/www.hoymercedes.com.ar\/principal\/2015\/01\/25\/importante-encuentro-de-intendente-del-frente-renovador-en-mercedes\/intendentes-frenterenovador-mercedes\/#main\" data-orig-file=\"https:\/\/www.hoymercedes.com.ar\/principal\/wp-content\/uploads\/2015\/01\/intendentes-frenterenovador-mercedes.jpg\" data-orig-size=\"620,412\" data-comments-opened=\"1\" data-image-meta=\"{&quot;aperture&quot;:&quot;4&quot;,&quot;credit&quot;:&quot;Moreira Mario Hugo&quot;,&quot;camera&quot;:&quot;NIKON D300&quot;,&quot;caption&quot;:&quot;&quot;,&quot;created_timestamp&quot;:&quot;1422020957&quot;,&quot;copyright&quot;:&quot;Moreira Mario Hugo&quot;,&quot;focal_length&quot;:&quot;18&quot;,&quot;iso&quot;:&quot;640&quot;,&quot;shutter_speed&quot;:&quot;0.0125&quot;,&quot;title&quot;:&quot;&quot;,&quot;orientation&quot;:&quot;0&quot;}\" data-image-title=\"intendentes-frenterenovador-mercedes\" data-image-description=\"\" data-image-caption=\"\" data-large-file=\"https:\/\/www.hoymercedes.com.ar\/principal\/wp-content\/uploads\/2015\/01\/intendentes-frenterenovador-mercedes.jpg\" class=\"Img2014 aligncenter wp-image-39135 size-full\" title=\"Frente Renovador, intendentes en Mercedes \" src=\"https:\/\/www.hoymercedes.com.ar\/principal\/wp-content\/uploads\/2015\/01\/intendentes-frenterenovador-mercedes.jpg\" alt=\"intendentes-frenterenovador-mercedes\" width=\"620\" height=\"412\" \/><\/a><\/p>\n<p align=\"justify\"><em><strong><span style=\"font-family: Bookman Old Style;\">Durante el mediod\u00eda del pasado viernes se concret\u00f3 una importante reuni\u00f3n de 15 intendentes de la provincia de Buenos Aires, pertenecientes al Frente Renovador, y tuvo a Carlos Selva como anfitri\u00f3n.<\/span><\/strong><\/em><\/p>\n<p align=\"justify\"><span style=\"font-family: Bookman Old Style;\">Intendentes de la provincia llevaron adelante una reuni\u00f3n de trabajo en la ciudad de Mercedes, donde se ataron varios temas que preocupan a los intendentes en la gesti\u00f3n cotidiana de sus municipios. Estuvieron presentes Joaqu\u00edn De la Torre (San Miguel), Gabriel Katopodis (San Mart\u00edn), Julio Zamora (Tigre), Daniel Bolettieri (Almirante Brown), Ra\u00fal Feito (Trenque Lauquen), Sandro Guzm\u00e1n (Escobar), Mart\u00edn Caso (Rojas), Luis Acu\u00f1a (Hurlingham), Carlos Puglielli (San Andr\u00e9s de Giles), Jos\u00e9 Eseverri (Olavarr\u00eda), Horacio Pascual (General Villegas), Daniel Bolinaga (Arrecifes<\/span><span style=\"font-family: Bookman Old Style;\"><b>), <\/b><\/span>\u00a0<strong><span style=\"font-family: Bookman Old Style;\">Javier Mignaquy<\/span><\/strong> <strong><span style=\"font-family: Arial;\"><span style=\"font-size: small;\">(<\/span><\/span><\/strong><span style=\"font-family: Bookman Old Style;\">General Viamonte), Santiago Aparicio (intendente interino de San Fernando) y Marcelo Den\u00e1pole (presidente del Concejo de Mercedes).<\/span><\/p>\n<p align=\"justify\"><span style=\"font-family: Bookman Old Style;\">El primer mandatario mercedino tom\u00f3 la palabra luego del encuentro y destac\u00f3 esta reuni\u00f3n de trabajo llevada adelante con sus pares de otros distritos. \u201cQuiero agradecer el compromiso que mostraron los intendentes de venir hasta nuestra ciudad para concretar esta reuni\u00f3n, que tambi\u00e9n habla a las claras de las preocupaciones que tenemos quienes gobernamos todos los d\u00edas nuestros municipios\u201d, sostuvo el intendente Carlos Selva.<\/span><\/p>\n<p align=\"justify\"><span style=\"font-family: Bookman Old Style;\">La reuni\u00f3n de los primeros mandatarios gir\u00f3 en torno a varios temas pero tuvo sus ejes a cuestiones relacionadas a nivel provincial y nacional. \u201cTodos estamos preocupados por lo que estamos viendo que est\u00e1 pasando a nivel nacional. Estuvimos evaluando la posibilidad de jacer un llamado a sesiones extraordinarias para que los Concejos se pronuncien ante estas situaciones que se est\u00e1n dando en el pa\u00eds y que son de seriedad institucional\u201d, dijo Selva.<\/span><\/p>\n<p align=\"justify\"><span style=\"font-family: Bookman Old Style;\">Los intendentes adem\u00e1s estuvieron trabajando en cuestiones que ata\u00f1en a la situaci\u00f3n que vive la provincia de Buenos Aires. \u201cRealizamos un an\u00e1lisis de las problem\u00e1ticas que se generan y que tienen a gesti\u00f3n provincial como referencia y que se presentan como situaciones complejas interjurisdiccionales. El estado de las rutas, las cuencas e los r\u00edos, la salud p\u00fablica y otros temas m\u00e1s fueron parte de la charla en este encuentro\u201d, sintetiz\u00f3 Selva, quien adem\u00e1s destac\u00f3 \u201cla voluntad de di\u00e1logo que muestran nuestros dirigentes y capacidad de trabajo para ponerse a resolver los problemas que enfrentamos\u201d. \u201cLos hombres con responsabilidades de gesti\u00f3n debemos debatir y buscar soluciones a las cosas y no sacarnos una foto y hacer declaraciones p\u00fablicas poco cre\u00edbles como las que hemos escuchado por estos d\u00edas. Nosotros estamos convencidos de trabajar para un proyecto de futuro de la argentina con el mismo esp\u00edritu que motiva a Sergio Massa para llegar a ser presidente de un pa\u00eds donde la diversidad de criterios y opiniones no sean definiciones de amigos y enemigos. Eso es lo que la ciudadan\u00eda necesita en estos tiempos\u201d, dijo el primer mandatario mercedino.<\/span><\/p>\n","protected":false},"excerpt":{"rendered":"<p>Durante el mediod\u00eda del pasado viernes se concret\u00f3 una importante reuni\u00f3n de 15 intendentes de la provincia de Buenos Aires, &#8230; <a title=\"Importante encuentro de intendente del Frente Renovador en Mercedes\" class=\"read-more\" href=\"https:\/\/www.hoymercedes.com.ar\/principal\/2015\/01\/25\/importante-encuentro-de-intendente-del-frente-renovador-en-mercedes\/\" aria-label=\"Leer m\u00e1s sobre Importante encuentro de intendente del Frente Renovador en Mercedes\">Leer m\u00e1s<\/a><\/p>\n","protected":false},"author":1,"featured_media":0,"comment_status":"open","ping_status":"open","sticky":false,"template":"","format":"standard","meta":{"_monsterinsights_skip_tracking":false,"_monsterinsights_sitenote_active":false,"_monsterinsights_sitenote_note":"","_monsterinsights_sitenote_category":0,"jetpack_post_was_ever_published":false,"_jetpack_newsletter_access":"","_jetpack_dont_email_post_to_subs":false,"_jetpack_newsletter_tier_id":0,"_jetpack_memberships_contains_paywalled_content":false,"_jetpack_memberships_contains_paid_content":false,"footnotes":"","jetpack_publicize_message":"","jetpack_publicize_feature_enabled":true,"jetpack_social_post_already_shared":true,"jetpack_social_options":{"image_generator_settings":{"template":"highway","default_image_id":0,"font":"","enabled":false},"version":2},"_wpas_customize_per_network":false},"categories":[5],"tags":[39,3537,6855,6854],"class_list":["post-39134","post","type-post","status-publish","format-standard","hentry","category-politica","tag-carlos-selva","tag-frente-renovador","tag-intendentes-en-mercedes","tag-intendentes-reunion-frente-renovador","generate-columns","tablet-grid-50","mobile-grid-100","grid-parent","grid-50"],"jetpack_publicize_connections":[],"jetpack_featured_media_url":"","wps_subtitle":"Armado 2015","jetpack_sharing_enabled":true,"jetpack-related-posts":[{"id":141081,"url":"https:\/\/www.hoymercedes.com.ar\/principal\/2021\/12\/06\/selva-fue-parte-del-encuentro-del-frente-renovador\/","url_meta":{"origin":39134,"position":0},"title":"Selva fue parte del encuentro del Frente Renovador","author":"hoymercedes","date":"6 diciembre, 2021","format":false,"excerpt":"El Frente Renovador que comanda\u00a0Sergio Massa\u00a0reuni\u00f3 a su mesa provincial de intendentes y diputados, y entre los convocados estuvo el mercedino\u00a0Carlos Selva. El \"c\u00f3nclave\" tuvo lugar este fin de semana. El l\u00edder del espacio, Sergio Massa, convoc\u00f3 a sus referentes bonaerenses con el objetivo de sentar posiciones para los pr\u00f3ximos\u2026","rel":"","context":"En \u00abPol\u00edtica\u00bb","block_context":{"text":"Pol\u00edtica","link":"https:\/\/www.hoymercedes.com.ar\/principal\/category\/politica\/"},"img":{"alt_text":"","src":"https:\/\/i0.wp.com\/www.hoymercedes.com.ar\/principal\/wp-content\/uploads\/2021\/12\/selva-en-FR.jpg?resize=350%2C200&ssl=1","width":350,"height":200,"srcset":"https:\/\/i0.wp.com\/www.hoymercedes.com.ar\/principal\/wp-content\/uploads\/2021\/12\/selva-en-FR.jpg?resize=350%2C200&ssl=1 1x, https:\/\/i0.wp.com\/www.hoymercedes.com.ar\/principal\/wp-content\/uploads\/2021\/12\/selva-en-FR.jpg?resize=525%2C300&ssl=1 1.5x, https:\/\/i0.wp.com\/www.hoymercedes.com.ar\/principal\/wp-content\/uploads\/2021\/12\/selva-en-FR.jpg?resize=700%2C400&ssl=1 2x"},"classes":[]},{"id":27884,"url":"https:\/\/www.hoymercedes.com.ar\/principal\/2013\/11\/29\/selva-en-reunion-de-legisladores-e-intendentes-del-frente-renovador\/","url_meta":{"origin":39134,"position":1},"title":"Selva en reuni\u00f3n de legisladores e intendentes del Frente Renovador","author":"hoymercedes","date":"29 noviembre, 2013","format":false,"excerpt":"(FR) El intendente Carlos Selva particip\u00f3 este mi\u00e9rcoles por la noche en la ciudad de La Plata de una mesa de trabajo junto a intendentes y legisladores provinciales del Frente Renovador que est\u00e1n trabajando en el presupuesto de la provincia de Buenos Aires. El encuentro fue presidido por Sergio Massa.\u2026","rel":"","context":"En \u00abPol\u00edtica\u00bb","block_context":{"text":"Pol\u00edtica","link":"https:\/\/www.hoymercedes.com.ar\/principal\/category\/politica\/"},"img":{"alt_text":"","src":"","width":0,"height":0},"classes":[]},{"id":36618,"url":"https:\/\/www.hoymercedes.com.ar\/principal\/2014\/10\/03\/selva-en-reunion-de-intendentes-con-massa-en-san-isidro\/","url_meta":{"origin":39134,"position":2},"title":"Selva, en reuni\u00f3n de intendentes con Massa en San Isidro","author":"hoymercedes","date":"3 octubre, 2014","format":false,"excerpt":"El intendente Carlos Selva particip\u00f3 este jueves de una reuni\u00f3n con intendentes del Frente Renovador que fue presidida por el diputado nacional Sergio Massa. El primer mandatario mercedino particip\u00f3 en la ciudad de San Isidro de un importante encuentro de intendentes, diputados y dirigentes del Frente Renovador donde se trataron\u2026","rel":"","context":"En \u00abPol\u00edtica\u00bb","block_context":{"text":"Pol\u00edtica","link":"https:\/\/www.hoymercedes.com.ar\/principal\/category\/politica\/"},"img":{"alt_text":"Selva-Massa","src":"https:\/\/i0.wp.com\/www.hoymercedes.com.ar\/principal\/wp-content\/uploads\/2014\/09\/Selva-Massa.jpg?resize=350%2C200","width":350,"height":200,"srcset":"https:\/\/i0.wp.com\/www.hoymercedes.com.ar\/principal\/wp-content\/uploads\/2014\/09\/Selva-Massa.jpg?resize=350%2C200 1x, https:\/\/i0.wp.com\/www.hoymercedes.com.ar\/principal\/wp-content\/uploads\/2014\/09\/Selva-Massa.jpg?resize=525%2C300 1.5x"},"classes":[]},{"id":32463,"url":"https:\/\/www.hoymercedes.com.ar\/principal\/2014\/04\/30\/selva-massa-y-todo-el-frente-renovador-se-reunieron-con-granados\/","url_meta":{"origin":39134,"position":3},"title":"Selva, Massa y todo el Frente Renovador se reunieron con Granados","author":"hoymercedes","date":"30 abril, 2014","format":false,"excerpt":"El intendente Carlos Selva particip\u00f3 de un importante encuentro junto a Sergio Massa con el ministro de Seguridad Alejandro Granados en la localidad de Pilar. En el marco de un encuentro llevado a cabo en la localidad de Pilar centrado en la necesidad de mejorar la seguridad, contar con mayor\u2026","rel":"","context":"En \u00abSociedad\u00bb","block_context":{"text":"Sociedad","link":"https:\/\/www.hoymercedes.com.ar\/principal\/category\/sociedad\/"},"img":{"alt_text":"massa-granados","src":"https:\/\/i0.wp.com\/www.hoymercedes.com.ar\/principal\/wp-content\/uploads\/2014\/04\/massa-granados.jpg?resize=350%2C200","width":350,"height":200,"srcset":"https:\/\/i0.wp.com\/www.hoymercedes.com.ar\/principal\/wp-content\/uploads\/2014\/04\/massa-granados.jpg?resize=350%2C200 1x, https:\/\/i0.wp.com\/www.hoymercedes.com.ar\/principal\/wp-content\/uploads\/2014\/04\/massa-granados.jpg?resize=525%2C300 1.5x"},"classes":[]},{"id":105577,"url":"https:\/\/www.hoymercedes.com.ar\/principal\/2020\/01\/23\/selva-junto-a-intendentes-de-corrientes\/","url_meta":{"origin":39134,"position":4},"title":"Selva junto a Intendentes de Corrientes","author":"hoymercedes","date":"23 enero, 2020","format":false,"excerpt":"El presidente de la C\u00e1mara de Diputados, Sergio Massa, junto a su par Carlos Selva, recibi\u00f3 este martes a jefes comunales de la provincia de Corrientes, con los que comparti\u00f3 inquietudes respecto a la situaci\u00f3n actual que atraviesan en sus municipios. Durante el almuerzo, los intendentes destacaron \u00abla necesidad de\u2026","rel":"","context":"En \u00abPol\u00edtica Nacional\u00bb","block_context":{"text":"Pol\u00edtica Nacional","link":"https:\/\/www.hoymercedes.com.ar\/principal\/category\/politica-nacional\/"},"img":{"alt_text":"","src":"https:\/\/i0.wp.com\/www.hoymercedes.com.ar\/principal\/wp-content\/uploads\/2020\/01\/23-selva-1.jpg?resize=350%2C200&ssl=1","width":350,"height":200,"srcset":"https:\/\/i0.wp.com\/www.hoymercedes.com.ar\/principal\/wp-content\/uploads\/2020\/01\/23-selva-1.jpg?resize=350%2C200&ssl=1 1x, https:\/\/i0.wp.com\/www.hoymercedes.com.ar\/principal\/wp-content\/uploads\/2020\/01\/23-selva-1.jpg?resize=525%2C300&ssl=1 1.5x, https:\/\/i0.wp.com\/www.hoymercedes.com.ar\/principal\/wp-content\/uploads\/2020\/01\/23-selva-1.jpg?resize=700%2C400&ssl=1 2x"},"classes":[]},{"id":175281,"url":"https:\/\/www.hoymercedes.com.ar\/principal\/2024\/04\/30\/hubo-reunion-de-trabajo-de-intendentes-de-la-zona\/","url_meta":{"origin":39134,"position":5},"title":"Hubo reuni\u00f3n de trabajo de intendentes de la zona","author":"hoymercedes","date":"30 abril, 2024","format":false,"excerpt":"Este lunes por la ma\u00f1ana, en el despacho del intendente de Suipacha Juan Luis Mancini, se concret\u00f3 un encuentro regional del cual participaron tambi\u00e9n los primeros mandatarios de Mercedes y Luj\u00e1n y el subsecretario de Asuntos Municipales de la provincia Santiago R\u00e9vora. Mancini fue el anfitri\u00f3n de esta reuni\u00f3n de\u2026","rel":"","context":"En \u00abPol\u00edtica\u00bb","block_context":{"text":"Pol\u00edtica","link":"https:\/\/www.hoymercedes.com.ar\/principal\/category\/politica\/"},"img":{"alt_text":"","src":"https:\/\/i0.wp.com\/www.hoymercedes.com.ar\/principal\/wp-content\/uploads\/2024\/04\/Mancini.jpeg?resize=350%2C200&ssl=1","width":350,"height":200,"srcset":"https:\/\/i0.wp.com\/www.hoymercedes.com.ar\/principal\/wp-content\/uploads\/2024\/04\/Mancini.jpeg?resize=350%2C200&ssl=1 1x, https:\/\/i0.wp.com\/www.hoymercedes.com.ar\/principal\/wp-content\/uploads\/2024\/04\/Mancini.jpeg?resize=525%2C300&ssl=1 1.5x, https:\/\/i0.wp.com\/www.hoymercedes.com.ar\/principal\/wp-content\/uploads\/2024\/04\/Mancini.jpeg?resize=700%2C400&ssl=1 2x, https:\/\/i0.wp.com\/www.hoymercedes.com.ar\/principal\/wp-content\/uploads\/2024\/04\/Mancini.jpeg?resize=1050%2C600&ssl=1 3x"},"classes":[]}],"_links":{"self":[{"href":"https:\/\/www.hoymercedes.com.ar\/principal\/wp-json\/wp\/v2\/posts\/39134","targetHints":{"allow":["GET"]}}],"collection":[{"href":"https:\/\/www.hoymercedes.com.ar\/principal\/wp-json\/wp\/v2\/posts"}],"about":[{"href":"https:\/\/www.hoymercedes.com.ar\/principal\/wp-json\/wp\/v2\/types\/post"}],"author":[{"embeddable":true,"href":"https:\/\/www.hoymercedes.com.ar\/principal\/wp-json\/wp\/v2\/users\/1"}],"replies":[{"embeddable":true,"href":"https:\/\/www.hoymercedes.com.ar\/principal\/wp-json\/wp\/v2\/comments?post=39134"}],"version-history":[{"count":0,"href":"https:\/\/www.hoymercedes.com.ar\/principal\/wp-json\/wp\/v2\/posts\/39134\/revisions"}],"wp:attachment":[{"href":"https:\/\/www.hoymercedes.com.ar\/principal\/wp-json\/wp\/v2\/media?parent=39134"}],"wp:term":[{"taxonomy":"category","embeddable":true,"href":"https:\/\/www.hoymercedes.com.ar\/principal\/wp-json\/wp\/v2\/categories?post=39134"},{"taxonomy":"post_tag","embeddable":true,"href":"https:\/\/www.hoymercedes.com.ar\/principal\/wp-json\/wp\/v2\/tags?post=39134"}],"curies":[{"name":"wp","href":"https:\/\/api.w.org\/{rel}","templated":true}]}}