{"id":39195,"date":"2015-01-30T12:37:40","date_gmt":"2015-01-30T15:37:40","guid":{"rendered":"http:\/\/www.hoymercedes.com.ar\/principal\/?p=39195"},"modified":"2015-01-30T12:38:34","modified_gmt":"2015-01-30T15:38:34","slug":"alertan-sobre-rotura-de-caminos-reparados-por-el-municipio","status":"publish","type":"post","link":"https:\/\/www.hoymercedes.com.ar\/principal\/2015\/01\/30\/alertan-sobre-rotura-de-caminos-reparados-por-el-municipio\/","title":{"rendered":"Alertan sobre rotura de caminos reparados por el Municipio"},"content":{"rendered":"<p><a href=\"https:\/\/www.hoymercedes.com.ar\/principal\/wp-content\/uploads\/2015\/01\/rotutra-caminos.jpg\"><img loading=\"lazy\" decoding=\"async\" data-attachment-id=\"39196\" data-permalink=\"https:\/\/www.hoymercedes.com.ar\/principal\/2015\/01\/30\/alertan-sobre-rotura-de-caminos-reparados-por-el-municipio\/rotutra-caminos\/#main\" data-orig-file=\"https:\/\/www.hoymercedes.com.ar\/principal\/wp-content\/uploads\/2015\/01\/rotutra-caminos.jpg\" data-orig-size=\"620,465\" data-comments-opened=\"1\" data-image-meta=\"{&quot;aperture&quot;:&quot;0&quot;,&quot;credit&quot;:&quot;&quot;,&quot;camera&quot;:&quot;&quot;,&quot;caption&quot;:&quot;&quot;,&quot;created_timestamp&quot;:&quot;0&quot;,&quot;copyright&quot;:&quot;&quot;,&quot;focal_length&quot;:&quot;0&quot;,&quot;iso&quot;:&quot;0&quot;,&quot;shutter_speed&quot;:&quot;0&quot;,&quot;title&quot;:&quot;&quot;,&quot;orientation&quot;:&quot;0&quot;}\" data-image-title=\"rotutra-caminos\" data-image-description=\"\" data-image-caption=\"\" data-large-file=\"https:\/\/www.hoymercedes.com.ar\/principal\/wp-content\/uploads\/2015\/01\/rotutra-caminos.jpg\" class=\"Img2014 aligncenter wp-image-39196 size-full\" title=\"Caminos Rurales Mercedes \" src=\"https:\/\/www.hoymercedes.com.ar\/principal\/wp-content\/uploads\/2015\/01\/rotutra-caminos.jpg\" alt=\"rotutra-caminos\" width=\"620\" height=\"465\" \/><\/a><\/p>\n<p><em><strong>(MM) Seg\u00fan inform\u00f3 el Secretario de Servicios P\u00fablicos, Miguel Melo, un cami\u00f3n de gran porte y con carga completa se encaj\u00f3 en una calle entoscada en el d\u00eda de ayer. El hecho ocurri\u00f3 en calle 8 entre 5 y 7.<\/strong><\/em><\/p>\n<p>El cami\u00f3n circul\u00f3 luego de las precipitaciones de ayer y el mismo debi\u00f3 detener su marcha y qued\u00f3 encajado en la calle reci\u00e9n arreglada. Se perdi\u00f3 toda la inversi\u00f3n municipal que se realiz\u00f3 d\u00edas atr\u00e1s para colocar tosca y piedra. Los vecinos estaban muy contentos con la obra pero la imprudencia de este camionero hizo que se arruine todo el arreglo. Es una lastima que esto haya pasado cuando se sabe que los camiones no deben circular por estas arterias y que deben hacerlo por avenida 2 que es de asfalto\u00bb, explic\u00f3 Melo.<\/p>\n<p>En ese barrio de la ciudad, el entoscado y piedra se realiz\u00f3 en calle 8 entre 1 y 9.<\/p>\n<p>Actualmente, el transito para el transito liviano no se ve interrumpido. Se est\u00e1 trabajando para retirar el cami\u00f3n de la calzada. El veh\u00edculo fue sancionado con una multa.<\/p>\n<p>&nbsp;<\/p>\n<p>&nbsp;<\/p>\n<p>&nbsp;<\/p>\n","protected":false},"excerpt":{"rendered":"<p>(MM) Seg\u00fan inform\u00f3 el Secretario de Servicios P\u00fablicos, Miguel Melo, un cami\u00f3n de gran porte y con carga completa se &#8230; <a title=\"Alertan sobre rotura de caminos reparados por el Municipio\" class=\"read-more\" href=\"https:\/\/www.hoymercedes.com.ar\/principal\/2015\/01\/30\/alertan-sobre-rotura-de-caminos-reparados-por-el-municipio\/\" aria-label=\"Leer m\u00e1s sobre Alertan sobre rotura de caminos reparados por el Municipio\">Leer m\u00e1s<\/a><\/p>\n","protected":false},"author":1,"featured_media":0,"comment_status":"open","ping_status":"open","sticky":false,"template":"","format":"standard","meta":{"_monsterinsights_skip_tracking":false,"_monsterinsights_sitenote_active":false,"_monsterinsights_sitenote_note":"","_monsterinsights_sitenote_category":0,"jetpack_post_was_ever_published":false,"_jetpack_newsletter_access":"","_jetpack_dont_email_post_to_subs":false,"_jetpack_newsletter_tier_id":0,"_jetpack_memberships_contains_paywalled_content":false,"_jetpack_memberships_contains_paid_content":false,"footnotes":"","jetpack_publicize_message":"","jetpack_publicize_feature_enabled":true,"jetpack_social_post_already_shared":true,"jetpack_social_options":{"image_generator_settings":{"template":"highway","default_image_id":0,"font":"","enabled":false},"version":2},"_wpas_customize_per_network":false},"categories":[30],"tags":[6869,5700],"class_list":["post-39195","post","type-post","status-publish","format-standard","hentry","category-municipio","tag-alertan-sobre-rotura-de-caminos-reparados-por-el-municipio","tag-caminos-rurales","generate-columns","tablet-grid-50","mobile-grid-100","grid-parent","grid-50"],"jetpack_publicize_connections":[],"jetpack_featured_media_url":"","wps_subtitle":"Responsabilidad ciudadana ","jetpack_sharing_enabled":true,"_links":{"self":[{"href":"https:\/\/www.hoymercedes.com.ar\/principal\/wp-json\/wp\/v2\/posts\/39195","targetHints":{"allow":["GET"]}}],"collection":[{"href":"https:\/\/www.hoymercedes.com.ar\/principal\/wp-json\/wp\/v2\/posts"}],"about":[{"href":"https:\/\/www.hoymercedes.com.ar\/principal\/wp-json\/wp\/v2\/types\/post"}],"author":[{"embeddable":true,"href":"https:\/\/www.hoymercedes.com.ar\/principal\/wp-json\/wp\/v2\/users\/1"}],"replies":[{"embeddable":true,"href":"https:\/\/www.hoymercedes.com.ar\/principal\/wp-json\/wp\/v2\/comments?post=39195"}],"version-history":[{"count":0,"href":"https:\/\/www.hoymercedes.com.ar\/principal\/wp-json\/wp\/v2\/posts\/39195\/revisions"}],"wp:attachment":[{"href":"https:\/\/www.hoymercedes.com.ar\/principal\/wp-json\/wp\/v2\/media?parent=39195"}],"wp:term":[{"taxonomy":"category","embeddable":true,"href":"https:\/\/www.hoymercedes.com.ar\/principal\/wp-json\/wp\/v2\/categories?post=39195"},{"taxonomy":"post_tag","embeddable":true,"href":"https:\/\/www.hoymercedes.com.ar\/principal\/wp-json\/wp\/v2\/tags?post=39195"}],"curies":[{"name":"wp","href":"https:\/\/api.w.org\/{rel}","templated":true}]}}