{"id":39212,"date":"2015-02-01T16:53:20","date_gmt":"2015-02-01T19:53:20","guid":{"rendered":"http:\/\/www.hoymercedes.com.ar\/principal\/?p=39212"},"modified":"2015-02-01T16:54:08","modified_gmt":"2015-02-01T19:54:08","slug":"importante-accion-preventiva-y-de-visibilizacion-de-la-uduv-en-r41-y-av-40","status":"publish","type":"post","link":"https:\/\/www.hoymercedes.com.ar\/principal\/2015\/02\/01\/importante-accion-preventiva-y-de-visibilizacion-de-la-uduv-en-r41-y-av-40\/","title":{"rendered":"Importante acci\u00f3n preventiva y de visibilizaci\u00f3n de la UDUV en R41 y Av.40"},"content":{"rendered":"<p><a href=\"https:\/\/www.hoymercedes.com.ar\/principal\/wp-content\/uploads\/2015\/02\/r41yav40-31.01.2015IMG-20150131-WA0013.jpg\"><img loading=\"lazy\" decoding=\"async\" data-attachment-id=\"39213\" data-permalink=\"https:\/\/www.hoymercedes.com.ar\/principal\/2015\/02\/01\/importante-accion-preventiva-y-de-visibilizacion-de-la-uduv-en-r41-y-av-40\/r41yav40-31-01-2015img-20150131-wa0013\/#main\" data-orig-file=\"https:\/\/www.hoymercedes.com.ar\/principal\/wp-content\/uploads\/2015\/02\/r41yav40-31.01.2015IMG-20150131-WA0013.jpg\" data-orig-size=\"620,465\" data-comments-opened=\"1\" data-image-meta=\"{&quot;aperture&quot;:&quot;0&quot;,&quot;credit&quot;:&quot;&quot;,&quot;camera&quot;:&quot;&quot;,&quot;caption&quot;:&quot;&quot;,&quot;created_timestamp&quot;:&quot;0&quot;,&quot;copyright&quot;:&quot;&quot;,&quot;focal_length&quot;:&quot;0&quot;,&quot;iso&quot;:&quot;0&quot;,&quot;shutter_speed&quot;:&quot;0&quot;,&quot;title&quot;:&quot;&quot;,&quot;orientation&quot;:&quot;0&quot;}\" data-image-title=\"r41yav40-31.01.2015IMG-20150131-WA0013\" data-image-description=\"\" data-image-caption=\"\" data-large-file=\"https:\/\/www.hoymercedes.com.ar\/principal\/wp-content\/uploads\/2015\/02\/r41yav40-31.01.2015IMG-20150131-WA0013.jpg\" class=\"Img2014 aligncenter wp-image-39213 size-full\" src=\"https:\/\/www.hoymercedes.com.ar\/principal\/wp-content\/uploads\/2015\/02\/r41yav40-31.01.2015IMG-20150131-WA0013.jpg\" alt=\"r41yav40-31.01.2015IMG-20150131-WA0013\" width=\"620\" height=\"465\" \/><\/a><\/p>\n<p><em><strong>El pasado s\u00e1bado se concret\u00f3 la anunciada movilizaci\u00f3n y encuentro por la visibilizaci\u00f3n del estado de las rutas provinciales y nacionales as\u00ed como una acci\u00f3n en post de la prevenci\u00f3n de accidentes de tr\u00e1nsito. Cont\u00f3 con un importante apoyo de todos los que pasaban por el cruce de ruta provincia n\u00b041 y avenida 40.<\/strong><\/em><\/p>\n<p>La Uni\u00f3n de Usuarios Viales fue el eje organizador junto a la Comisi\u00f3n de Vecinos de Mercedes. Participaron de la actividad vecinos de Mercedes, como as\u00ed tambi\u00e9n representantes de fuerzas pol\u00edticas, como lo son los candidatos a intendente Lucas Fal, Juan Carlos Ben\u00edtez y Jos\u00e9 Cestari, los concejales Arnaldo M\u00e9ndez, Marcelo Den\u00e1pole, Juan Carlos Badano y Carlos Milhomme.<\/p>\n<p>En el cruce interceptaban a los viajantes a los cuales les daban un comunicado emitido y conocido d\u00edas atr\u00e1s (Ver nota) y donde buscan mostrar el mal estado de la calzada, tanto la ruta provincial n\u00b041 como todas las de la regi\u00f3n que por un motivo y otro se encuentran con diferentes necesidades.<\/p>\n<p><a href=\"https:\/\/www.hoymercedes.com.ar\/principal\/wp-content\/uploads\/2015\/02\/r41yav40-31.01.2015IMG-20150131-WA0011.jpg\"><img loading=\"lazy\" decoding=\"async\" data-attachment-id=\"39214\" data-permalink=\"https:\/\/www.hoymercedes.com.ar\/principal\/2015\/02\/01\/importante-accion-preventiva-y-de-visibilizacion-de-la-uduv-en-r41-y-av-40\/r41yav40-31-01-2015img-20150131-wa0011\/#main\" data-orig-file=\"https:\/\/www.hoymercedes.com.ar\/principal\/wp-content\/uploads\/2015\/02\/r41yav40-31.01.2015IMG-20150131-WA0011.jpg\" data-orig-size=\"620,463\" data-comments-opened=\"1\" data-image-meta=\"{&quot;aperture&quot;:&quot;0&quot;,&quot;credit&quot;:&quot;&quot;,&quot;camera&quot;:&quot;&quot;,&quot;caption&quot;:&quot;&quot;,&quot;created_timestamp&quot;:&quot;0&quot;,&quot;copyright&quot;:&quot;&quot;,&quot;focal_length&quot;:&quot;0&quot;,&quot;iso&quot;:&quot;0&quot;,&quot;shutter_speed&quot;:&quot;0&quot;,&quot;title&quot;:&quot;&quot;,&quot;orientation&quot;:&quot;0&quot;}\" data-image-title=\"r41yav40-31.01.2015IMG-20150131-WA0011\" data-image-description=\"\" data-image-caption=\"\" data-large-file=\"https:\/\/www.hoymercedes.com.ar\/principal\/wp-content\/uploads\/2015\/02\/r41yav40-31.01.2015IMG-20150131-WA0011.jpg\" class=\"Img2014 aligncenter wp-image-39214 size-full\" src=\"https:\/\/www.hoymercedes.com.ar\/principal\/wp-content\/uploads\/2015\/02\/r41yav40-31.01.2015IMG-20150131-WA0011.jpg\" alt=\"r41yav40-31.01.2015IMG-20150131-WA0011\" width=\"620\" height=\"463\" \/><\/a><\/p>\n<p>Los organizadores mostraron su satisfacci\u00f3n por el buen recibimiento que recibieron por parte de los viajantes que comprend\u00edan la necesidad de prevenir, estar atentos, cumplir las normas de seguridad y exigir a los gobiernos act\u00faen como corresponde con los recursos p\u00fablicos.<\/p>\n<p>Carlos Mosso, representante local de la UdUV expres\u00f3 la necesidad de continuar trabajando \u201ccon acciones ciudadanas que permitan mostrar el estado de necesidad, tanto de obras como de conciencia ciudadana a la hora de salir a la ruta\u201d.<\/p>\n<div class=\"tiled-gallery type-rectangular tiled-gallery-unresized\" data-original-width=\"1200\" data-carousel-extra='{&quot;blog_id&quot;:1,&quot;permalink&quot;:&quot;https:\\\/\\\/www.hoymercedes.com.ar\\\/principal\\\/2015\\\/02\\\/01\\\/importante-accion-preventiva-y-de-visibilizacion-de-la-uduv-en-r41-y-av-40\\\/&quot;,&quot;likes_blog_id&quot;:50631561}' itemscope itemtype=\"http:\/\/schema.org\/ImageGallery\" > <div class=\"gallery-row\" style=\"width: 1200px; height: 599px;\" data-original-width=\"1200\" data-original-height=\"599\" > <div class=\"gallery-group images-1\" style=\"width: 800px; height: 599px;\" data-original-width=\"800\" data-original-height=\"599\" > <div class=\"tiled-gallery-item tiled-gallery-item-large\" itemprop=\"associatedMedia\" itemscope itemtype=\"http:\/\/schema.org\/ImageObject\"> <a href=\"https:\/\/www.hoymercedes.com.ar\/principal\/2015\/02\/01\/importante-accion-preventiva-y-de-visibilizacion-de-la-uduv-en-r41-y-av-40\/r41yav40-31-01-2015img-20150131-wa0010\/#main\" border=\"0\" itemprop=\"url\"> <meta itemprop=\"width\" content=\"796\"> <meta itemprop=\"height\" content=\"595\"> <img decoding=\"async\" class=\"\" data-attachment-id=\"39215\" data-orig-file=\"https:\/\/www.hoymercedes.com.ar\/principal\/wp-content\/uploads\/2015\/02\/r41yav40-31.01.2015IMG-20150131-WA0010.jpg\" data-orig-size=\"620,463\" data-comments-opened=\"1\" data-image-meta=\"{&quot;aperture&quot;:&quot;0&quot;,&quot;credit&quot;:&quot;&quot;,&quot;camera&quot;:&quot;&quot;,&quot;caption&quot;:&quot;&quot;,&quot;created_timestamp&quot;:&quot;0&quot;,&quot;copyright&quot;:&quot;&quot;,&quot;focal_length&quot;:&quot;0&quot;,&quot;iso&quot;:&quot;0&quot;,&quot;shutter_speed&quot;:&quot;0&quot;,&quot;title&quot;:&quot;&quot;,&quot;orientation&quot;:&quot;0&quot;}\" data-image-title=\"r41yav40-31.01.2015IMG-20150131-WA0010\" data-image-description=\"\" data-medium-file=\"https:\/\/www.hoymercedes.com.ar\/principal\/wp-content\/uploads\/2015\/02\/r41yav40-31.01.2015IMG-20150131-WA0010.jpg\" data-large-file=\"https:\/\/www.hoymercedes.com.ar\/principal\/wp-content\/uploads\/2015\/02\/r41yav40-31.01.2015IMG-20150131-WA0010.jpg\" src=\"https:\/\/i0.wp.com\/www.hoymercedes.com.ar\/principal\/wp-content\/uploads\/2015\/02\/r41yav40-31.01.2015IMG-20150131-WA0010.jpg?w=796&#038;h=595&#038;ssl=1\" width=\"796\" height=\"595\" loading=\"lazy\" data-original-width=\"796\" data-original-height=\"595\" itemprop=\"http:\/\/schema.org\/image\" title=\"r41yav40-31.01.2015IMG-20150131-WA0010\" alt=\"r41yav40-31.01.2015IMG-20150131-WA0010\" style=\"width: 796px; height: 595px;\" \/> <\/a> <\/div> <\/div> <!-- close group --> <div class=\"gallery-group images-2\" style=\"width: 400px; height: 599px;\" data-original-width=\"400\" data-original-height=\"599\" > <div class=\"tiled-gallery-item tiled-gallery-item-large\" itemprop=\"associatedMedia\" itemscope itemtype=\"http:\/\/schema.org\/ImageObject\"> <a href=\"https:\/\/www.hoymercedes.com.ar\/principal\/2015\/02\/01\/importante-accion-preventiva-y-de-visibilizacion-de-la-uduv-en-r41-y-av-40\/r41yav40-31-01-2015img-20150131-wa0004\/#main\" border=\"0\" itemprop=\"url\"> <meta itemprop=\"width\" content=\"396\"> <meta itemprop=\"height\" content=\"296\"> <img decoding=\"async\" class=\"\" data-attachment-id=\"39217\" data-orig-file=\"https:\/\/www.hoymercedes.com.ar\/principal\/wp-content\/uploads\/2015\/02\/r41yav40-31.01.2015IMG-20150131-WA0004.jpg\" data-orig-size=\"620,463\" data-comments-opened=\"1\" data-image-meta=\"{&quot;aperture&quot;:&quot;0&quot;,&quot;credit&quot;:&quot;&quot;,&quot;camera&quot;:&quot;&quot;,&quot;caption&quot;:&quot;&quot;,&quot;created_timestamp&quot;:&quot;0&quot;,&quot;copyright&quot;:&quot;&quot;,&quot;focal_length&quot;:&quot;0&quot;,&quot;iso&quot;:&quot;0&quot;,&quot;shutter_speed&quot;:&quot;0&quot;,&quot;title&quot;:&quot;&quot;,&quot;orientation&quot;:&quot;0&quot;}\" data-image-title=\"r41yav40-31.01.2015IMG-20150131-WA0004\" data-image-description=\"\" data-medium-file=\"https:\/\/www.hoymercedes.com.ar\/principal\/wp-content\/uploads\/2015\/02\/r41yav40-31.01.2015IMG-20150131-WA0004.jpg\" data-large-file=\"https:\/\/www.hoymercedes.com.ar\/principal\/wp-content\/uploads\/2015\/02\/r41yav40-31.01.2015IMG-20150131-WA0004.jpg\" src=\"https:\/\/i0.wp.com\/www.hoymercedes.com.ar\/principal\/wp-content\/uploads\/2015\/02\/r41yav40-31.01.2015IMG-20150131-WA0004.jpg?w=396&#038;h=296&#038;ssl=1\" width=\"396\" height=\"296\" loading=\"lazy\" data-original-width=\"396\" data-original-height=\"296\" itemprop=\"http:\/\/schema.org\/image\" title=\"r41yav40-31.01.2015IMG-20150131-WA0004\" alt=\"r41yav40-31.01.2015IMG-20150131-WA0004\" style=\"width: 396px; height: 296px;\" \/> <\/a> <\/div> <div class=\"tiled-gallery-item tiled-gallery-item-large\" itemprop=\"associatedMedia\" itemscope itemtype=\"http:\/\/schema.org\/ImageObject\"> <a href=\"https:\/\/www.hoymercedes.com.ar\/principal\/2015\/02\/01\/importante-accion-preventiva-y-de-visibilizacion-de-la-uduv-en-r41-y-av-40\/r41yav40-31-01-2015img-20150131-wa0007\/#main\" border=\"0\" itemprop=\"url\"> <meta itemprop=\"width\" content=\"396\"> <meta itemprop=\"height\" content=\"295\"> <img decoding=\"async\" class=\"\" data-attachment-id=\"39219\" data-orig-file=\"https:\/\/www.hoymercedes.com.ar\/principal\/wp-content\/uploads\/2015\/02\/r41yav40-31.01.2015IMG-20150131-WA0007.jpg\" data-orig-size=\"620,463\" data-comments-opened=\"1\" data-image-meta=\"{&quot;aperture&quot;:&quot;0&quot;,&quot;credit&quot;:&quot;&quot;,&quot;camera&quot;:&quot;&quot;,&quot;caption&quot;:&quot;&quot;,&quot;created_timestamp&quot;:&quot;0&quot;,&quot;copyright&quot;:&quot;&quot;,&quot;focal_length&quot;:&quot;0&quot;,&quot;iso&quot;:&quot;0&quot;,&quot;shutter_speed&quot;:&quot;0&quot;,&quot;title&quot;:&quot;&quot;,&quot;orientation&quot;:&quot;0&quot;}\" data-image-title=\"r41yav40-31.01.2015IMG-20150131-WA0007\" data-image-description=\"\" data-medium-file=\"https:\/\/www.hoymercedes.com.ar\/principal\/wp-content\/uploads\/2015\/02\/r41yav40-31.01.2015IMG-20150131-WA0007.jpg\" data-large-file=\"https:\/\/www.hoymercedes.com.ar\/principal\/wp-content\/uploads\/2015\/02\/r41yav40-31.01.2015IMG-20150131-WA0007.jpg\" src=\"https:\/\/i0.wp.com\/www.hoymercedes.com.ar\/principal\/wp-content\/uploads\/2015\/02\/r41yav40-31.01.2015IMG-20150131-WA0007.jpg?w=396&#038;h=295&#038;ssl=1\" width=\"396\" height=\"295\" loading=\"lazy\" data-original-width=\"396\" data-original-height=\"295\" itemprop=\"http:\/\/schema.org\/image\" title=\"r41yav40-31.01.2015IMG-20150131-WA0007\" alt=\"r41yav40-31.01.2015IMG-20150131-WA0007\" style=\"width: 396px; height: 295px;\" \/> <\/a> <\/div> <\/div> <!-- close group --> <\/div> <!-- close row --> <div class=\"gallery-row\" style=\"width: 1200px; height: 449px;\" data-original-width=\"1200\" data-original-height=\"449\" > <div class=\"gallery-group images-1\" style=\"width: 600px; height: 449px;\" data-original-width=\"600\" data-original-height=\"449\" > <div class=\"tiled-gallery-item tiled-gallery-item-large\" itemprop=\"associatedMedia\" itemscope itemtype=\"http:\/\/schema.org\/ImageObject\"> <a href=\"https:\/\/www.hoymercedes.com.ar\/principal\/2015\/02\/01\/importante-accion-preventiva-y-de-visibilizacion-de-la-uduv-en-r41-y-av-40\/r41yav40-31-01-2015img-20150131-wa0005\/#main\" border=\"0\" itemprop=\"url\"> <meta itemprop=\"width\" content=\"596\"> <meta itemprop=\"height\" content=\"445\"> <img decoding=\"async\" class=\"\" data-attachment-id=\"39218\" data-orig-file=\"https:\/\/www.hoymercedes.com.ar\/principal\/wp-content\/uploads\/2015\/02\/r41yav40-31.01.2015IMG-20150131-WA0005.jpg\" data-orig-size=\"620,463\" data-comments-opened=\"1\" data-image-meta=\"{&quot;aperture&quot;:&quot;0&quot;,&quot;credit&quot;:&quot;&quot;,&quot;camera&quot;:&quot;&quot;,&quot;caption&quot;:&quot;&quot;,&quot;created_timestamp&quot;:&quot;0&quot;,&quot;copyright&quot;:&quot;&quot;,&quot;focal_length&quot;:&quot;0&quot;,&quot;iso&quot;:&quot;0&quot;,&quot;shutter_speed&quot;:&quot;0&quot;,&quot;title&quot;:&quot;&quot;,&quot;orientation&quot;:&quot;0&quot;}\" data-image-title=\"r41yav40-31.01.2015IMG-20150131-WA0005\" data-image-description=\"\" data-medium-file=\"https:\/\/www.hoymercedes.com.ar\/principal\/wp-content\/uploads\/2015\/02\/r41yav40-31.01.2015IMG-20150131-WA0005.jpg\" data-large-file=\"https:\/\/www.hoymercedes.com.ar\/principal\/wp-content\/uploads\/2015\/02\/r41yav40-31.01.2015IMG-20150131-WA0005.jpg\" src=\"https:\/\/i0.wp.com\/www.hoymercedes.com.ar\/principal\/wp-content\/uploads\/2015\/02\/r41yav40-31.01.2015IMG-20150131-WA0005.jpg?w=596&#038;h=445&#038;ssl=1\" width=\"596\" height=\"445\" loading=\"lazy\" data-original-width=\"596\" data-original-height=\"445\" itemprop=\"http:\/\/schema.org\/image\" title=\"r41yav40-31.01.2015IMG-20150131-WA0005\" alt=\"r41yav40-31.01.2015IMG-20150131-WA0005\" style=\"width: 596px; height: 445px;\" \/> <\/a> <\/div> <\/div> <!-- close group --> <div class=\"gallery-group images-1\" style=\"width: 600px; height: 449px;\" data-original-width=\"600\" data-original-height=\"449\" > <div class=\"tiled-gallery-item tiled-gallery-item-large\" itemprop=\"associatedMedia\" itemscope itemtype=\"http:\/\/schema.org\/ImageObject\"> <a href=\"https:\/\/www.hoymercedes.com.ar\/principal\/2015\/02\/01\/importante-accion-preventiva-y-de-visibilizacion-de-la-uduv-en-r41-y-av-40\/r41yav40-31-01-2015img-20150131-wa0003\/#main\" border=\"0\" itemprop=\"url\"> <meta itemprop=\"width\" content=\"596\"> <meta itemprop=\"height\" content=\"445\"> <img decoding=\"async\" class=\"\" data-attachment-id=\"39216\" data-orig-file=\"https:\/\/www.hoymercedes.com.ar\/principal\/wp-content\/uploads\/2015\/02\/r41yav40-31.01.2015IMG-20150131-WA0003.jpg\" data-orig-size=\"620,463\" data-comments-opened=\"1\" data-image-meta=\"{&quot;aperture&quot;:&quot;0&quot;,&quot;credit&quot;:&quot;&quot;,&quot;camera&quot;:&quot;&quot;,&quot;caption&quot;:&quot;&quot;,&quot;created_timestamp&quot;:&quot;0&quot;,&quot;copyright&quot;:&quot;&quot;,&quot;focal_length&quot;:&quot;0&quot;,&quot;iso&quot;:&quot;0&quot;,&quot;shutter_speed&quot;:&quot;0&quot;,&quot;title&quot;:&quot;&quot;,&quot;orientation&quot;:&quot;0&quot;}\" data-image-title=\"r41yav40-31.01.2015IMG-20150131-WA0003\" data-image-description=\"\" data-medium-file=\"https:\/\/www.hoymercedes.com.ar\/principal\/wp-content\/uploads\/2015\/02\/r41yav40-31.01.2015IMG-20150131-WA0003.jpg\" data-large-file=\"https:\/\/www.hoymercedes.com.ar\/principal\/wp-content\/uploads\/2015\/02\/r41yav40-31.01.2015IMG-20150131-WA0003.jpg\" src=\"https:\/\/i0.wp.com\/www.hoymercedes.com.ar\/principal\/wp-content\/uploads\/2015\/02\/r41yav40-31.01.2015IMG-20150131-WA0003.jpg?w=596&#038;h=445&#038;ssl=1\" width=\"596\" height=\"445\" loading=\"lazy\" data-original-width=\"596\" data-original-height=\"445\" itemprop=\"http:\/\/schema.org\/image\" title=\"r41yav40-31.01.2015IMG-20150131-WA0003\" alt=\"r41yav40-31.01.2015IMG-20150131-WA0003\" style=\"width: 596px; height: 445px;\" \/> <\/a> <\/div> <\/div> <!-- close group --> <\/div> <!-- close row --> <\/div>\n<p>&nbsp;<\/p>\n","protected":false},"excerpt":{"rendered":"<p>El pasado s\u00e1bado se concret\u00f3 la anunciada movilizaci\u00f3n y encuentro por la visibilizaci\u00f3n del estado de las rutas provinciales y &#8230; <a title=\"Importante acci\u00f3n preventiva y de visibilizaci\u00f3n de la UDUV en R41 y Av.40\" class=\"read-more\" href=\"https:\/\/www.hoymercedes.com.ar\/principal\/2015\/02\/01\/importante-accion-preventiva-y-de-visibilizacion-de-la-uduv-en-r41-y-av-40\/\" aria-label=\"Leer m\u00e1s sobre Importante acci\u00f3n preventiva y de visibilizaci\u00f3n de la UDUV en R41 y Av.40\">Leer m\u00e1s<\/a><\/p>\n","protected":false},"author":1,"featured_media":0,"comment_status":"open","ping_status":"open","sticky":false,"template":"","format":"standard","meta":{"_monsterinsights_skip_tracking":false,"_monsterinsights_sitenote_active":false,"_monsterinsights_sitenote_note":"","_monsterinsights_sitenote_category":0,"jetpack_post_was_ever_published":false,"_jetpack_newsletter_access":"","_jetpack_dont_email_post_to_subs":false,"_jetpack_newsletter_tier_id":0,"_jetpack_memberships_contains_paywalled_content":false,"_jetpack_memberships_contains_paid_content":false,"footnotes":"","jetpack_publicize_message":"","jetpack_publicize_feature_enabled":true,"jetpack_social_post_already_shared":true,"jetpack_social_options":{"image_generator_settings":{"template":"highway","default_image_id":0,"font":"","enabled":false},"version":2},"_wpas_customize_per_network":false},"categories":[8],"tags":[2144,6872,2754],"class_list":["post-39212","post","type-post","status-publish","format-standard","hentry","category-sociedad","tag-comision-de-vecinos","tag-reclamo-rutas-argentinas","tag-union-de-usuarios-viales","generate-columns","tablet-grid-50","mobile-grid-100","grid-parent","grid-50"],"jetpack_publicize_connections":[],"jetpack_featured_media_url":"","wps_subtitle":"Seguridad vial y necesdiad de obras","jetpack_sharing_enabled":true,"_links":{"self":[{"href":"https:\/\/www.hoymercedes.com.ar\/principal\/wp-json\/wp\/v2\/posts\/39212","targetHints":{"allow":["GET"]}}],"collection":[{"href":"https:\/\/www.hoymercedes.com.ar\/principal\/wp-json\/wp\/v2\/posts"}],"about":[{"href":"https:\/\/www.hoymercedes.com.ar\/principal\/wp-json\/wp\/v2\/types\/post"}],"author":[{"embeddable":true,"href":"https:\/\/www.hoymercedes.com.ar\/principal\/wp-json\/wp\/v2\/users\/1"}],"replies":[{"embeddable":true,"href":"https:\/\/www.hoymercedes.com.ar\/principal\/wp-json\/wp\/v2\/comments?post=39212"}],"version-history":[{"count":0,"href":"https:\/\/www.hoymercedes.com.ar\/principal\/wp-json\/wp\/v2\/posts\/39212\/revisions"}],"wp:attachment":[{"href":"https:\/\/www.hoymercedes.com.ar\/principal\/wp-json\/wp\/v2\/media?parent=39212"}],"wp:term":[{"taxonomy":"category","embeddable":true,"href":"https:\/\/www.hoymercedes.com.ar\/principal\/wp-json\/wp\/v2\/categories?post=39212"},{"taxonomy":"post_tag","embeddable":true,"href":"https:\/\/www.hoymercedes.com.ar\/principal\/wp-json\/wp\/v2\/tags?post=39212"}],"curies":[{"name":"wp","href":"https:\/\/api.w.org\/{rel}","templated":true}]}}