{"id":39292,"date":"2015-02-03T09:37:28","date_gmt":"2015-02-03T12:37:28","guid":{"rendered":"http:\/\/www.hoymercedes.com.ar\/principal\/?p=39292"},"modified":"2015-02-06T07:52:30","modified_gmt":"2015-02-06T10:52:30","slug":"cestari-al-municipio-e-le-perdio-un-subibaja-donado-por-alumnos-de-la-escuela-industrial","status":"publish","type":"post","link":"https:\/\/www.hoymercedes.com.ar\/principal\/2015\/02\/03\/cestari-al-municipio-e-le-perdio-un-subibaja-donado-por-alumnos-de-la-escuela-industrial\/","title":{"rendered":"Cestari: Apareci\u00f3 el subibaja y ya lo colocan en Plaza Belgrano"},"content":{"rendered":"<p><a href=\"https:\/\/www.hoymercedes.com.ar\/principal\/wp-content\/uploads\/2015\/02\/subibaja.mercedes.jpg\"><img loading=\"lazy\" decoding=\"async\" data-attachment-id=\"39301\" data-permalink=\"https:\/\/www.hoymercedes.com.ar\/principal\/2015\/02\/03\/cestari-al-municipio-e-le-perdio-un-subibaja-donado-por-alumnos-de-la-escuela-industrial\/subibaja-mercedes\/#main\" data-orig-file=\"https:\/\/www.hoymercedes.com.ar\/principal\/wp-content\/uploads\/2015\/02\/subibaja.mercedes.jpg\" data-orig-size=\"620,465\" data-comments-opened=\"1\" data-image-meta=\"{&quot;aperture&quot;:&quot;0&quot;,&quot;credit&quot;:&quot;&quot;,&quot;camera&quot;:&quot;&quot;,&quot;caption&quot;:&quot;&quot;,&quot;created_timestamp&quot;:&quot;0&quot;,&quot;copyright&quot;:&quot;&quot;,&quot;focal_length&quot;:&quot;0&quot;,&quot;iso&quot;:&quot;0&quot;,&quot;shutter_speed&quot;:&quot;0&quot;,&quot;title&quot;:&quot;&quot;,&quot;orientation&quot;:&quot;0&quot;}\" data-image-title=\"subibaja.mercedes\" data-image-description=\"\" data-image-caption=\"\" data-large-file=\"https:\/\/www.hoymercedes.com.ar\/principal\/wp-content\/uploads\/2015\/02\/subibaja.mercedes.jpg\" class=\"Img2014 aligncenter wp-image-39301 size-full\" src=\"https:\/\/www.hoymercedes.com.ar\/principal\/wp-content\/uploads\/2015\/02\/subibaja.mercedes.jpg\" alt=\"subibaja.mercedes\" width=\"620\" height=\"465\" \/><\/a><\/p>\n<p>&nbsp;<\/p>\n<p><em><strong>Primero se inform\u00f3 que no aparec\u00eda. Horas m\u00e1s tarde que estaba y ya era parte de un proceso de colocaci\u00f3n en un espacio p\u00fablico. El MIC, encabezado por Jos\u00e9 Cestari, se manifest\u00f3 al respecto en ambas ocasiones. A continuaci\u00f3n las posturas presentadas en los momentos mencionados.<\/strong><\/em><\/p>\n<div><span style=\"color: #003366;\">15.00hs-MIC-<\/span> Haciendo un seguimiento del destino del subi-baja donado en el 2013 por la ex Escuela Industrial al Municipio, el concejal Jos\u00e9 Cestari se acerc\u00f3 hoy en horas de la ma\u00f1ana a la Plaza Belgrano (Hospital) y observ\u00f3 como personal municipal, baj\u00f3 la direcci\u00f3n de Julio C\u00e1mpora (recientemente operado de meniscos y con muletas) comenz\u00f3 con la instalaci\u00f3n del subi-baja integrador (para un ni\u00f1o en sillas de rueda y para una persona sin discapacidad motriz).<\/div>\n<div>Esto demuestra que la investigaci\u00f3n, el di\u00e1logo y la ejecuci\u00f3n de las promesas es en beneficio de los vecinos de Mercedes.<\/div>\n<div>Apelamos a los mercedinos que cuiden el subi-baja y lo usen con responsabilidad.<\/div>\n<div>Si somos gobierno mejoraremos la seguridad en las plazas y parques p\u00fablicos y crearemos un \u00e1rea espec\u00edfica para la planificaci\u00f3n del ordenamiento\u00a0de los juegos en Mercedes<\/div>\n<p><em><strong><span style=\"color: #000000;\"><span style=\"color: #003366;\">09.00hs &#8211;<\/span>MIC- El Proyecto \u201cTodos por una Sonrisa\u201d realizado por alumnos de la Escuela de Educaci\u00f3n Secundaria T\u00e9cnica N\u00b0 1 \u201cNuestra Se\u00f1ora de las Mercedes\u201d, parec\u00eda dormir el sue\u00f1o de los justos. Pues todo indicaba que al Municipio se le hab\u00eda extraviado un sube y baja para ni\u00f1os con capacidades diferentes que le hab\u00eda sido donado hace m\u00e1s de un a\u00f1o.<\/span><\/strong><\/em><\/p>\n<p><span style=\"color: #000000;\">La Escuela de Educaci\u00f3n Secundaria T\u00e9cnica N\u00b0 1 \u201cNuestra Se\u00f1ora de<\/span><span style=\"color: #000000;\">\u00a0 <\/span><span style=\"color: #000000;\">las Mercedes\u201d present\u00f3 el Expediente 387\/13. Para hacer uso de la banca participativa, explicar el Proyecto \u201cTodos por una Sonrisa\u201d realizado por los alumnos de tercer a\u00f1o acompa\u00f1ados por los profesores Ver\u00f3nica Areco y Jorge Blanco.<\/span><\/p>\n<p><span style=\"color: #000000;\">En la Sesi\u00f3n Ordinaria del HCD, llevada a cabo el 26 de noviembre de 2013, hicieron uso de la Banca Participativa la Directora del EEST N\u00b0 1, Mercedes Isola, los alumnos y profesores. Explicaron lo que hicieron:<\/span><\/p>\n<p><span style=\"color: #000000;\">a) Para integrar a los ni\u00f1os con capacidades diferentes en las plazas p\u00fablicas de Mercedes, investigaron (Cerelmer, Escuelas 503 y 504, internet, etc) y decidieron construir un \u201csubi-baja\u201d integrador, que puede ser utilizado por un chico en sillas de rueda y uno sin discapacidad motriz. El presupuesto de materiales fue de $ 2.000 (Recibieron una donaci\u00f3n de $ 1.600 por parte del Rotary Club y pudieron terminar con el proyecto).<\/span><\/p>\n<p><span style=\"color: #000000;\">b) Manifiestan ese d\u00eda que se lo donan al Municipio de Mercedes.<\/span><\/p>\n<p><span style=\"color: #000000;\">Los concejales presentes, ese mismo d\u00eda, redactaron la Ordenanza 7395\/13, aprobada por unanimidad.<\/span><\/p>\n<p><span style=\"color: #000000;\">Art. 1\u00b0. Decl\u00e1rese de Utilidad P\u00fablica el proyecto de subi-baja \u201cTodos por una Sonrisa y la instalaci\u00f3n en las plazas p\u00fablicas mercedinas.<\/span><\/p>\n<p><span style=\"color: #000000;\">Art. 2\u00b0. El DE a trav\u00e9s de la Secretar\u00eda de Obras P\u00fablicas determinar\u00e1 los lugares de accesibilidad y conveniencia para la instalaci\u00f3n de dichos juegos.<\/span><\/p>\n<p><span style=\"color: #000000;\">En enero del 2015, el concejal Jos\u00e9 Cestari, observ\u00f3 la falta de instalaci\u00f3n en las plazas p\u00fablicas de Mercedes de este subi-baja donado al Municipio por una Escuela de gesti\u00f3n P\u00fablica.<\/span><\/p>\n<p><span style=\"color: #000000;\">Consult\u00f3 al Secretario de Obras P\u00fablicas, Ing. Salomone, \u00bfd\u00f3nde est\u00e1 el subi-baja?, este respondi\u00f3 que no ten\u00eda conocimiento de esto, que le pregunte al Director de Deportes Julio C\u00e1mpora.<\/span><\/p>\n<p><span style=\"color: #000000;\">Siguiendo el hilo de las consultas habl\u00f3 con el Director de Deportes Julio C\u00e1mpora, ante la misma pregunta respondi\u00f3 que mand\u00f3 a personal de Desarrollo Social del Municipio a retirar de la Escuela el subi-baja, en el invierno del 2014, pero que no sab\u00eda d\u00f3nde estaba y que la intenci\u00f3n era instalarlo en la Plaza Belgrano.<\/span><\/p>\n<p><span style=\"color: #000000;\">Ante esta situaci\u00f3n el Bloque MIC present\u00f3 un Proyecto de Resoluci\u00f3n para que el DE informe \u00bfd\u00f3nde est\u00e1 el subi-baja? \u00bfd\u00f3nde y cu\u00e1ndo se instalar\u00e1? \u00bfqui\u00e9n es el responsable de planificar qu\u00e9 juegos y en qu\u00e9 plazas instalarlos?<\/span><\/p>\n<p><span style=\"color: #000000;\">Ante la consulta de algunos medios radiales al Director de Deportes expres\u00f3 que el \u201csubibaja\u201d est\u00e1 en el predio del ex Instituto Mart\u00edn Rodr\u00edguez y que lo colocar\u00e1n esta semana.<\/span><\/p>\n<p><span style=\"color: #000000;\">Cestari dijo \u201cOjala se cumpla con lo prometido, creo que hay una gran desprolijidad o falta de comunicaci\u00f3n o descoordinaci\u00f3n para trabajar en equipo entre las diferentes \u00e1reas del sector municipal\u201d<\/span><\/p>\n<p><span style=\"color: #000000;\">\u201cM\u00e1s all\u00e1 de d\u00f3nde est\u00e1 el subi-baja donado por la EEST N\u00b0 1 al Municipio, lo que m\u00e1s me preocupa es la falta de respeto a la Instituci\u00f3n escolar, a los profesores que trabajaron en el proyecto y fundamentalmente a los alumnos, que trabajaron mucho para obtener los recursos materiales, dedicaron trabajo intelectual y manual para lograr el objetico, que valorizan la solidaridad y la integraci\u00f3n social, que conf\u00edan en el Municipio donando y seguramente hoy se sienten defraudados\u201d<\/span><\/p>\n<p><span style=\"color: #000000;\">\u201cUn dirigente pol\u00edtico no puede obstaculizar, desmotivar, etc a los j\u00f3venes que quieren aportar su creatividad y solidaridad en post de la integraci\u00f3n social, si nosotros no investig\u00e1bamos \u00bfesperaban instalarlo unos meses antes de las pr\u00f3ximas elecciones cuando fue donado en el 2013 el \u201csubibaja\u201d\u201d<\/span><\/p>\n","protected":false},"excerpt":{"rendered":"<p>&nbsp; Primero se inform\u00f3 que no aparec\u00eda. Horas m\u00e1s tarde que estaba y ya era parte de un proceso de &#8230; <a title=\"Cestari: Apareci\u00f3 el subibaja y ya lo colocan en Plaza Belgrano\" class=\"read-more\" href=\"https:\/\/www.hoymercedes.com.ar\/principal\/2015\/02\/03\/cestari-al-municipio-e-le-perdio-un-subibaja-donado-por-alumnos-de-la-escuela-industrial\/\" aria-label=\"Leer m\u00e1s sobre Cestari: Apareci\u00f3 el subibaja y ya lo colocan en Plaza Belgrano\">Leer m\u00e1s<\/a><\/p>\n","protected":false},"author":1,"featured_media":0,"comment_status":"open","ping_status":"open","sticky":false,"template":"","format":"standard","meta":{"_monsterinsights_skip_tracking":false,"_monsterinsights_sitenote_active":false,"_monsterinsights_sitenote_note":"","_monsterinsights_sitenote_category":0,"jetpack_post_was_ever_published":false,"_jetpack_newsletter_access":"","_jetpack_dont_email_post_to_subs":false,"_jetpack_newsletter_tier_id":0,"_jetpack_memberships_contains_paywalled_content":false,"_jetpack_memberships_contains_paid_content":false,"footnotes":"","jetpack_publicize_message":"","jetpack_publicize_feature_enabled":true,"jetpack_social_post_already_shared":true,"jetpack_social_options":{"image_generator_settings":{"template":"highway","default_image_id":0,"font":"","enabled":false},"version":2},"_wpas_customize_per_network":false},"categories":[5],"tags":[6889,321,1972,2185],"class_list":["post-39292","post","type-post","status-publish","format-standard","hentry","category-politica","tag-cestari-al-municipio-e-le-perdio-un-subibaja-donado-por-alumnos-de-la-escuela-industrial","tag-jose-cestari","tag-mic","tag-pro-mercedes","generate-columns","tablet-grid-50","mobile-grid-100","grid-parent","grid-50"],"jetpack_publicize_connections":[],"jetpack_featured_media_url":"","wps_subtitle":"Pol\u00e9mica","jetpack_sharing_enabled":true,"jetpack-related-posts":[{"id":39581,"url":"https:\/\/www.hoymercedes.com.ar\/principal\/2015\/02\/14\/mic-deteriorar-el-espacio-publico-es-atentar-contra-el-estado-no-contra-el-gobierno\/","url_meta":{"origin":39292,"position":0},"title":"MIC: \u00abDeteriorar el espacio p\u00fablico es atentar contra el Estado, no contra el gobierno\u00bb","author":"hoymercedes","date":"14 febrero, 2015","format":false,"excerpt":"\"Los concejales del MIC, Jos\u00e9 Cestari y Juan Carlos Badano, vienen presentando proyectos para revalorizar el espacio p\u00fablico (plazas, plazoletas, etc), pero observan que esto casi no ocurre en nuestra ciudad de Mercedes.\", manifestaron. \u00bfPor qu\u00e9 pasa esto? El actual gobierno municipal no tiene planificado, a trav\u00e9s de un \u00e1rea\u2026","rel":"","context":"En \u00abPol\u00edtica\u00bb","block_context":{"text":"Pol\u00edtica","link":"https:\/\/www.hoymercedes.com.ar\/principal\/category\/politica\/"},"img":{"alt_text":"subibaja-mercedes","src":"https:\/\/i0.wp.com\/www.hoymercedes.com.ar\/principal\/wp-content\/uploads\/2015\/02\/subibaja-mercedes.jpg?resize=350%2C200","width":350,"height":200,"srcset":"https:\/\/i0.wp.com\/www.hoymercedes.com.ar\/principal\/wp-content\/uploads\/2015\/02\/subibaja-mercedes.jpg?resize=350%2C200 1x, https:\/\/i0.wp.com\/www.hoymercedes.com.ar\/principal\/wp-content\/uploads\/2015\/02\/subibaja-mercedes.jpg?resize=525%2C300 1.5x"},"classes":[]},{"id":42255,"url":"https:\/\/www.hoymercedes.com.ar\/principal\/2015\/06\/06\/otra-vez-rompen-el-sububaja-para-discapacitados\/","url_meta":{"origin":39292,"position":1},"title":"Otra vez: rompen el sububaja para discapacitados","author":"hoymercedes","date":"6 junio, 2015","format":false,"excerpt":"Por quinta vez se proceder\u00e1 a reparar el sub\u00ed baja realizado por los alumnos de la escuela t\u00e9cnica de nuestra ciudad y que fuera colocado a principio de a\u00f1o en la plaza Belgrano (Del hospital) El Deporte solidario La Direcci\u00f3n de Deportes hizo entrega de m\u00e1s de 60 kg de\u2026","rel":"","context":"En \u00abCiudad\u00bb","block_context":{"text":"Ciudad","link":"https:\/\/www.hoymercedes.com.ar\/principal\/category\/ciudad\/"},"img":{"alt_text":"subibaja-discapacitados","src":"https:\/\/i0.wp.com\/www.hoymercedes.com.ar\/principal\/wp-content\/uploads\/2015\/06\/subibaja-discapacitados.jpg?resize=350%2C200","width":350,"height":200,"srcset":"https:\/\/i0.wp.com\/www.hoymercedes.com.ar\/principal\/wp-content\/uploads\/2015\/06\/subibaja-discapacitados.jpg?resize=350%2C200 1x, https:\/\/i0.wp.com\/www.hoymercedes.com.ar\/principal\/wp-content\/uploads\/2015\/06\/subibaja-discapacitados.jpg?resize=525%2C300 1.5x"},"classes":[]},{"id":41919,"url":"https:\/\/www.hoymercedes.com.ar\/principal\/2015\/05\/26\/el-mic-y-otro-exito-con-el-pasearte-2-en-plaza-belgrano\/","url_meta":{"origin":39292,"position":2},"title":"El MIC y otro \u00e9xito con el Pasearte 2 en plaza Belgrano","author":"hoymercedes","date":"26 mayo, 2015","format":false,"excerpt":"El domingo 24 de mayo, en horas de la tarde, el MIC encabezado por el Licenciado Jos\u00e9 Cestari (Precandidato a intendente por el PRO) organiz\u00f3 el Pasearte 2 en la Plaza Belgrano (del Hospital). Hubo importante participaci\u00f3n de mercedinos. El Evento fue Coordinado por el maestro Lito C\u00f3rdoba con el\u2026","rel":"","context":"En \u00abSociedad\u00bb","block_context":{"text":"Sociedad","link":"https:\/\/www.hoymercedes.com.ar\/principal\/category\/sociedad\/"},"img":{"alt_text":"","src":"https:\/\/i0.wp.com\/www.hoymercedes.com.ar\/principal\/wp-content\/uploads\/2015\/05\/pasearte-mic.jpg?resize=350%2C200&ssl=1","width":350,"height":200,"srcset":"https:\/\/i0.wp.com\/www.hoymercedes.com.ar\/principal\/wp-content\/uploads\/2015\/05\/pasearte-mic.jpg?resize=350%2C200&ssl=1 1x, https:\/\/i0.wp.com\/www.hoymercedes.com.ar\/principal\/wp-content\/uploads\/2015\/05\/pasearte-mic.jpg?resize=525%2C300&ssl=1 1.5x"},"classes":[]},{"id":42524,"url":"https:\/\/www.hoymercedes.com.ar\/principal\/2015\/06\/21\/cestari-hay-que-darle-oportunidades-a-todas-las-expresiones-culturales\/","url_meta":{"origin":39292,"position":3},"title":"Cestari \u201cHay que darle oportunidades a todas las expresiones culturales\u201d","author":"hoymercedes","date":"21 junio, 2015","format":false,"excerpt":"\u00a0 El s\u00e1bado 20 de junio, a partir de las 17 hs, se llev\u00f3 a cabo un Encuentro Regional de Cultura Urbana, en la Plaza Belgrano (del hospital). Fue organizado por la Comisi\u00f3n de Cultura del PRO-MIC Mercedes y los j\u00f3venes que practican est\u00e1 actividad cultural encabezados por Nahuel Benzrielh.\u2026","rel":"","context":"En \u00abSociedad\u00bb","block_context":{"text":"Sociedad","link":"https:\/\/www.hoymercedes.com.ar\/principal\/category\/sociedad\/"},"img":{"alt_text":"cestari-belgrano","src":"https:\/\/i0.wp.com\/www.hoymercedes.com.ar\/principal\/wp-content\/uploads\/2015\/06\/cestari-belgrano.jpg?resize=350%2C200","width":350,"height":200,"srcset":"https:\/\/i0.wp.com\/www.hoymercedes.com.ar\/principal\/wp-content\/uploads\/2015\/06\/cestari-belgrano.jpg?resize=350%2C200 1x, https:\/\/i0.wp.com\/www.hoymercedes.com.ar\/principal\/wp-content\/uploads\/2015\/06\/cestari-belgrano.jpg?resize=525%2C300 1.5x"},"classes":[]},{"id":41823,"url":"https:\/\/www.hoymercedes.com.ar\/principal\/2015\/05\/21\/el-licenciado-cestari-en-campana-solidaria-en-gowland-junto-a-los-motomeleros-de-mercedes\/","url_meta":{"origin":39292,"position":4},"title":"El Licenciado Cestari en campa\u00f1a solidaria en Gowland, junto a los Motomeleros de Mercedes","author":"hoymercedes","date":"21 mayo, 2015","format":false,"excerpt":"El concejal Jos\u00e9 Cestari junto al maestro Lito C\u00f3rdoba el domingo 17 de mayo participaron de una actividad colaborando con los Motomeleros Mercedes, en la campa\u00f1a \"Ayudemos a ayudar\" juntando \u00fatiles escolares y zapatillas para los chicos de la Escuela N\u00b0 20 de Gowland. Desde el MIC desean felicitar a\u2026","rel":"","context":"En \u00abPol\u00edtica\u00bb","block_context":{"text":"Pol\u00edtica","link":"https:\/\/www.hoymercedes.com.ar\/principal\/category\/politica\/"},"img":{"alt_text":"","src":"https:\/\/i0.wp.com\/www.hoymercedes.com.ar\/principal\/wp-content\/uploads\/2015\/05\/cestari-motomeleros.jpg?resize=350%2C200&ssl=1","width":350,"height":200,"srcset":"https:\/\/i0.wp.com\/www.hoymercedes.com.ar\/principal\/wp-content\/uploads\/2015\/05\/cestari-motomeleros.jpg?resize=350%2C200&ssl=1 1x, https:\/\/i0.wp.com\/www.hoymercedes.com.ar\/principal\/wp-content\/uploads\/2015\/05\/cestari-motomeleros.jpg?resize=525%2C300&ssl=1 1.5x"},"classes":[]},{"id":161551,"url":"https:\/\/www.hoymercedes.com.ar\/principal\/2023\/04\/29\/alejandro-molle-presento-nuevo-libro-de-la-inmigracion-en-mercedes\/","url_meta":{"origin":39292,"position":5},"title":"Alejandro Molle present\u00f3 nuevo libro de la inmigraci\u00f3n en Mercedes","author":"hoymercedes","date":"29 abril, 2023","format":false,"excerpt":"Por Clarisa Altieri - En la tarde del \u00faltimo viernes, el Museo Hist\u00f3rico V\u00edctor M\u00edguez fue el escenario de la presentaci\u00f3n del libro \"Nuevos Aportes a la Inmigraci\u00f3n en Mercedes\" del historiador local Alejandro Francisco Molle. Acompa\u00f1ado por los profesores de Historia y Geograf\u00eda, Rogelio Zelaya y Jos\u00e9 Cestari, respectivaente,\u2026","rel":"","context":"En \u00abCultura\u00bb","block_context":{"text":"Cultura","link":"https:\/\/www.hoymercedes.com.ar\/principal\/category\/cultura\/"},"img":{"alt_text":"","src":"https:\/\/i0.wp.com\/www.hoymercedes.com.ar\/principal\/wp-content\/uploads\/2023\/04\/IMG_20230428_184233093_BURST000_COVER.jpg?resize=350%2C200&ssl=1","width":350,"height":200,"srcset":"https:\/\/i0.wp.com\/www.hoymercedes.com.ar\/principal\/wp-content\/uploads\/2023\/04\/IMG_20230428_184233093_BURST000_COVER.jpg?resize=350%2C200&ssl=1 1x, https:\/\/i0.wp.com\/www.hoymercedes.com.ar\/principal\/wp-content\/uploads\/2023\/04\/IMG_20230428_184233093_BURST000_COVER.jpg?resize=525%2C300&ssl=1 1.5x, https:\/\/i0.wp.com\/www.hoymercedes.com.ar\/principal\/wp-content\/uploads\/2023\/04\/IMG_20230428_184233093_BURST000_COVER.jpg?resize=700%2C400&ssl=1 2x"},"classes":[]}],"_links":{"self":[{"href":"https:\/\/www.hoymercedes.com.ar\/principal\/wp-json\/wp\/v2\/posts\/39292","targetHints":{"allow":["GET"]}}],"collection":[{"href":"https:\/\/www.hoymercedes.com.ar\/principal\/wp-json\/wp\/v2\/posts"}],"about":[{"href":"https:\/\/www.hoymercedes.com.ar\/principal\/wp-json\/wp\/v2\/types\/post"}],"author":[{"embeddable":true,"href":"https:\/\/www.hoymercedes.com.ar\/principal\/wp-json\/wp\/v2\/users\/1"}],"replies":[{"embeddable":true,"href":"https:\/\/www.hoymercedes.com.ar\/principal\/wp-json\/wp\/v2\/comments?post=39292"}],"version-history":[{"count":0,"href":"https:\/\/www.hoymercedes.com.ar\/principal\/wp-json\/wp\/v2\/posts\/39292\/revisions"}],"wp:attachment":[{"href":"https:\/\/www.hoymercedes.com.ar\/principal\/wp-json\/wp\/v2\/media?parent=39292"}],"wp:term":[{"taxonomy":"category","embeddable":true,"href":"https:\/\/www.hoymercedes.com.ar\/principal\/wp-json\/wp\/v2\/categories?post=39292"},{"taxonomy":"post_tag","embeddable":true,"href":"https:\/\/www.hoymercedes.com.ar\/principal\/wp-json\/wp\/v2\/tags?post=39292"}],"curies":[{"name":"wp","href":"https:\/\/api.w.org\/{rel}","templated":true}]}}