{"id":39295,"date":"2015-02-03T19:32:07","date_gmt":"2015-02-03T22:32:07","guid":{"rendered":"http:\/\/www.hoymercedes.com.ar\/principal\/?p=39295"},"modified":"2015-02-03T19:32:07","modified_gmt":"2015-02-03T22:32:07","slug":"carlos-selva-tiene-pensado-seguir-haciendo-cambios-en-el-gabinete","status":"publish","type":"post","link":"https:\/\/www.hoymercedes.com.ar\/principal\/2015\/02\/03\/carlos-selva-tiene-pensado-seguir-haciendo-cambios-en-el-gabinete\/","title":{"rendered":"Carlos Selva tiene pensado seguir haciendo cambios en el gabinete"},"content":{"rendered":"<p><a href=\"https:\/\/www.hoymercedes.com.ar\/principal\/wp-content\/uploads\/2014\/09\/Selva-1-e1418147307526.jpg\"><img loading=\"lazy\" decoding=\"async\" data-attachment-id=\"36233\" data-permalink=\"https:\/\/www.hoymercedes.com.ar\/principal\/2014\/09\/21\/accidente-de-transito-involucra-al-intendente-selva\/selva-1\/#main\" data-orig-file=\"https:\/\/www.hoymercedes.com.ar\/principal\/wp-content\/uploads\/2014\/09\/Selva-1-e1418147307526.jpg\" data-orig-size=\"620,465\" data-comments-opened=\"1\" data-image-meta=\"{&quot;aperture&quot;:&quot;5.2&quot;,&quot;credit&quot;:&quot;&quot;,&quot;camera&quot;:&quot;COOLPIX L10&quot;,&quot;caption&quot;:&quot;&quot;,&quot;created_timestamp&quot;:&quot;1324104691&quot;,&quot;copyright&quot;:&quot;Copyright 2006&quot;,&quot;focal_length&quot;:&quot;18.6&quot;,&quot;iso&quot;:&quot;400&quot;,&quot;shutter_speed&quot;:&quot;0.0166666666667&quot;,&quot;title&quot;:&quot;&quot;,&quot;orientation&quot;:&quot;1&quot;}\" data-image-title=\"Selva (1)\" data-image-description=\"\" data-image-caption=\"\" data-large-file=\"https:\/\/www.hoymercedes.com.ar\/principal\/wp-content\/uploads\/2014\/09\/Selva-1-1024x768.jpg\" class=\"Img2014 aligncenter wp-image-36233 size-medium\" title=\"Carlos Selva\" src=\"https:\/\/www.hoymercedes.com.ar\/principal\/wp-content\/uploads\/2014\/09\/Selva-1-630x472.jpg\" alt=\"Selva (1)\" width=\"630\" height=\"472\" \/><\/a><\/p>\n<p><strong><em>Durante el di\u00e1logo que mantuvo el primer mandatario con representantes de los medios de comunicaci\u00f3n el intendente Carlos Selva, sin dar precisiones, expres\u00f3 ante las consultas que piensa continuar moviendo sus espacios de gesti\u00f3n.<\/em><\/strong><\/p>\n<p>La cuesti\u00f3n surgi\u00f3 a la hora de hablar por la no renovaci\u00f3n del contrato de Juan Jos\u00e9 Alterino como Coordinador local de Defensa Civil y de que no piensa dejar el \u00e1rea descubierta.<\/p>\n<p>Selva, ir\u00f3nicamente, coment\u00f3: \u201cno se trata de ver a quien se saca\u201d, en relaci\u00f3n a que muchas veces el juego period\u00edstico pone el foco en el que se va y no en \u201cel que viene a mejorar la gesti\u00f3n\u201d<\/p>\n<p>De esta manera se espera ver qu\u00e9 decisi\u00f3n toma en las pr\u00f3ximas semanas Carlos Selva.<\/p>\n<p>&nbsp;<\/p>\n<p>&nbsp;<\/p>\n","protected":false},"excerpt":{"rendered":"<p>Durante el di\u00e1logo que mantuvo el primer mandatario con representantes de los medios de comunicaci\u00f3n el intendente Carlos Selva, sin &#8230; <a title=\"Carlos Selva tiene pensado seguir haciendo cambios en el gabinete\" class=\"read-more\" href=\"https:\/\/www.hoymercedes.com.ar\/principal\/2015\/02\/03\/carlos-selva-tiene-pensado-seguir-haciendo-cambios-en-el-gabinete\/\" aria-label=\"Leer m\u00e1s sobre Carlos Selva tiene pensado seguir haciendo cambios en el gabinete\">Leer m\u00e1s<\/a><\/p>\n","protected":false},"author":1,"featured_media":0,"comment_status":"open","ping_status":"open","sticky":false,"template":"","format":"standard","meta":{"_monsterinsights_skip_tracking":false,"_monsterinsights_sitenote_active":false,"_monsterinsights_sitenote_note":"","_monsterinsights_sitenote_category":0,"jetpack_post_was_ever_published":false,"_jetpack_newsletter_access":"","_jetpack_dont_email_post_to_subs":false,"_jetpack_newsletter_tier_id":0,"_jetpack_memberships_contains_paywalled_content":false,"_jetpack_memberships_contains_paid_content":false,"footnotes":"","jetpack_publicize_message":"","jetpack_publicize_feature_enabled":true,"jetpack_social_post_already_shared":true,"jetpack_social_options":{"image_generator_settings":{"template":"highway","default_image_id":0,"font":"","enabled":false},"version":2},"_wpas_customize_per_network":false},"categories":[5],"tags":[39,6890],"class_list":["post-39295","post","type-post","status-publish","format-standard","hentry","category-politica","tag-carlos-selva","tag-gabinete-selva","generate-columns","tablet-grid-50","mobile-grid-100","grid-parent","grid-50"],"jetpack_publicize_connections":[],"jetpack_featured_media_url":"","wps_subtitle":"Pensando en el fututo","jetpack_sharing_enabled":true,"jetpack-related-posts":[{"id":73502,"url":"https:\/\/www.hoymercedes.com.ar\/principal\/2018\/03\/15\/carlos-selva-marcos-pena-volvio-a-mentir\/","url_meta":{"origin":39295,"position":0},"title":"Carlos Selva, \u201cMarcos Pe\u00f1a volvi\u00f3 a mentir\u201d","author":"hoymercedes","date":"15 marzo, 2018","format":false,"excerpt":"El diputado del massismo cuestion\u00f3 al jefe de Gabinete tras su exposici\u00f3n en el Congreso de la Naci\u00f3n. \u201cEl gobierno miente y la visi\u00f3n que tiene es completamente distinta a lo que se percibe en la sociedad\u201d, dijo el mercedino. El jefe de Gabinete, Marcos Pe\u00f1a, este mi\u00e9rcoles en el\u2026","rel":"","context":"En \u00abPol\u00edtica Nacional\u00bb","block_context":{"text":"Pol\u00edtica Nacional","link":"https:\/\/www.hoymercedes.com.ar\/principal\/category\/politica-nacional\/"},"img":{"alt_text":"","src":"https:\/\/i0.wp.com\/www.hoymercedes.com.ar\/principal\/wp-content\/uploads\/2018\/03\/13-Carlos-Selva.jpg?resize=350%2C200&ssl=1","width":350,"height":200,"srcset":"https:\/\/i0.wp.com\/www.hoymercedes.com.ar\/principal\/wp-content\/uploads\/2018\/03\/13-Carlos-Selva.jpg?resize=350%2C200&ssl=1 1x, https:\/\/i0.wp.com\/www.hoymercedes.com.ar\/principal\/wp-content\/uploads\/2018\/03\/13-Carlos-Selva.jpg?resize=525%2C300&ssl=1 1.5x, https:\/\/i0.wp.com\/www.hoymercedes.com.ar\/principal\/wp-content\/uploads\/2018\/03\/13-Carlos-Selva.jpg?resize=700%2C400&ssl=1 2x"},"classes":[]},{"id":118601,"url":"https:\/\/www.hoymercedes.com.ar\/principal\/2020\/10\/15\/selva-presento-informe-sobre-la-biblioteca-del-congreso\/","url_meta":{"origin":39295,"position":1},"title":"Selva present\u00f3 informe sobre la Biblioteca del Congreso","author":"hoymercedes","date":"15 octubre, 2020","format":false,"excerpt":"Con la presencia de su secretaria Cristina \u00c1lvarez Rodr\u00edguez, el Director de la Biblioteca, Alejandro Santa, el Director de Administraci\u00f3n, David Alazdraki y la Directora del Jard\u00edn Maternal \u201cEl Libro M\u00e1gico\u201d de la Biblioteca, Graciela Mansilla, el diputado nacional Carlos Selva, quien es presidente de la Biblioteca del Congreso de\u2026","rel":"","context":"En \u00abPol\u00edtica Nacional\u00bb","block_context":{"text":"Pol\u00edtica Nacional","link":"https:\/\/www.hoymercedes.com.ar\/principal\/category\/politica-nacional\/"},"img":{"alt_text":"","src":"https:\/\/i0.wp.com\/www.hoymercedes.com.ar\/principal\/wp-content\/uploads\/2020\/10\/15-selva-cyber-1.jpg?resize=350%2C200&ssl=1","width":350,"height":200,"srcset":"https:\/\/i0.wp.com\/www.hoymercedes.com.ar\/principal\/wp-content\/uploads\/2020\/10\/15-selva-cyber-1.jpg?resize=350%2C200&ssl=1 1x, https:\/\/i0.wp.com\/www.hoymercedes.com.ar\/principal\/wp-content\/uploads\/2020\/10\/15-selva-cyber-1.jpg?resize=525%2C300&ssl=1 1.5x, https:\/\/i0.wp.com\/www.hoymercedes.com.ar\/principal\/wp-content\/uploads\/2020\/10\/15-selva-cyber-1.jpg?resize=700%2C400&ssl=1 2x"},"classes":[]},{"id":127264,"url":"https:\/\/www.hoymercedes.com.ar\/principal\/2021\/03\/31\/carlos-selva-los-cambios-en-ganancias-son-un-aporte-al-desarrollo\/","url_meta":{"origin":39295,"position":2},"title":"Carlos Selva: \u00abLos cambios en Ganancias son un aporte al desarrollo\u00bb","author":"hoymercedes","date":"31 marzo, 2021","format":false,"excerpt":"El diputado nacional del Frente de Todos dijo que el dinero que ser\u00e1 devuelto a los trabajadores se volcar\u00e1 en el consumo interno. El diputado nacional del Frente de Todos, Carlos Selva, analiz\u00f3 los alcances de la media sanci\u00f3n que recibi\u00f3 el proyecto que reforma el Impuesto a las Ganancias.\u2026","rel":"","context":"En \u00abPol\u00edtica Nacional\u00bb","block_context":{"text":"Pol\u00edtica Nacional","link":"https:\/\/www.hoymercedes.com.ar\/principal\/category\/politica-nacional\/"},"img":{"alt_text":"","src":"https:\/\/i0.wp.com\/www.hoymercedes.com.ar\/principal\/wp-content\/uploads\/2021\/03\/selva_max_res-1.jpg?resize=350%2C200&ssl=1","width":350,"height":200,"srcset":"https:\/\/i0.wp.com\/www.hoymercedes.com.ar\/principal\/wp-content\/uploads\/2021\/03\/selva_max_res-1.jpg?resize=350%2C200&ssl=1 1x, https:\/\/i0.wp.com\/www.hoymercedes.com.ar\/principal\/wp-content\/uploads\/2021\/03\/selva_max_res-1.jpg?resize=525%2C300&ssl=1 1.5x, https:\/\/i0.wp.com\/www.hoymercedes.com.ar\/principal\/wp-content\/uploads\/2021\/03\/selva_max_res-1.jpg?resize=700%2C400&ssl=1 2x"},"classes":[]},{"id":104316,"url":"https:\/\/www.hoymercedes.com.ar\/principal\/2019\/12\/21\/ley-de-solidaridad-social-y-reactivacion-productiva-carlos-selva-hablo-en-el-congreso\/","url_meta":{"origin":39295,"position":3},"title":"Ley de Solidaridad Social y Reactivaci\u00f3n Productiva: Carlos Selva habl\u00f3 en el Congreso","author":"hoymercedes","date":"21 diciembre, 2019","format":false,"excerpt":"\u00abLa principal definici\u00f3n que tiene esta ley, es la de un modelo de pa\u00eds. Para nosotros no es el mercado el que ordena todo, es el Estado\u00bb, sostuvo el diputado nacional Carlos Selva. \u00abEsta ley es el primer paso para cambiar un modelo de pa\u00eds que permita a las y\u2026","rel":"","context":"En \u00abPol\u00edtica Nacional\u00bb","block_context":{"text":"Pol\u00edtica Nacional","link":"https:\/\/www.hoymercedes.com.ar\/principal\/category\/politica-nacional\/"},"img":{"alt_text":"","src":"https:\/\/i0.wp.com\/www.hoymercedes.com.ar\/principal\/wp-content\/uploads\/2019\/06\/wado-lalo-selva.jpg?resize=350%2C200&ssl=1","width":350,"height":200,"srcset":"https:\/\/i0.wp.com\/www.hoymercedes.com.ar\/principal\/wp-content\/uploads\/2019\/06\/wado-lalo-selva.jpg?resize=350%2C200&ssl=1 1x, https:\/\/i0.wp.com\/www.hoymercedes.com.ar\/principal\/wp-content\/uploads\/2019\/06\/wado-lalo-selva.jpg?resize=525%2C300&ssl=1 1.5x, https:\/\/i0.wp.com\/www.hoymercedes.com.ar\/principal\/wp-content\/uploads\/2019\/06\/wado-lalo-selva.jpg?resize=700%2C400&ssl=1 2x"},"classes":[]},{"id":115521,"url":"https:\/\/www.hoymercedes.com.ar\/principal\/2020\/08\/22\/selva-se-reunio-con-ministro-de-agricultura-ganaderia-y-pesca\/","url_meta":{"origin":39295,"position":4},"title":"Selva se reuni\u00f3 con Ministro de Agricultura, Ganaderi\u0301a y Pesca","author":"hoymercedes","date":"22 agosto, 2020","format":false,"excerpt":"El diputado nacional\u00a0Carlos Selva, del Frente de Todos, se reuni\u00f3 con el y Ministro de Agricultura, Ganader\u00eda y Pesca,\u00a0Luis Basterra, este jueves. El encuentro sirvi\u00f3 para profundizar en temas que el legislador ha venido trabajando en este tiempo y tienen que ver con los intereses de las econom\u00edas regionales. \u00abNos\u2026","rel":"","context":"En \u00abPol\u00edtica Nacional\u00bb","block_context":{"text":"Pol\u00edtica Nacional","link":"https:\/\/www.hoymercedes.com.ar\/principal\/category\/politica-nacional\/"},"img":{"alt_text":"","src":"https:\/\/i0.wp.com\/www.hoymercedes.com.ar\/principal\/wp-content\/uploads\/2020\/08\/22c-selva-agricu.jpg?resize=350%2C200&ssl=1","width":350,"height":200,"srcset":"https:\/\/i0.wp.com\/www.hoymercedes.com.ar\/principal\/wp-content\/uploads\/2020\/08\/22c-selva-agricu.jpg?resize=350%2C200&ssl=1 1x, https:\/\/i0.wp.com\/www.hoymercedes.com.ar\/principal\/wp-content\/uploads\/2020\/08\/22c-selva-agricu.jpg?resize=525%2C300&ssl=1 1.5x, https:\/\/i0.wp.com\/www.hoymercedes.com.ar\/principal\/wp-content\/uploads\/2020\/08\/22c-selva-agricu.jpg?resize=700%2C400&ssl=1 2x"},"classes":[]},{"id":104531,"url":"https:\/\/www.hoymercedes.com.ar\/principal\/2019\/12\/28\/selva-en-el-brindis-de-fin-de-ano-del-congreso\/","url_meta":{"origin":39295,"position":5},"title":"Selva en el brindis de fin de a\u00f1o del Congreso","author":"hoymercedes","date":"28 diciembre, 2019","format":false,"excerpt":"El diputado nacional\u00a0Carlos Selva\u00a0fue parte, junto al\u00a0presidente de la C\u00e1mara de Diputados de la Naci\u00f3n, de un brindis de fin de a\u00f1o junto a jefes de bloque, legisladores, autoridades del Congreso y periodistas legislativos. \u00abQuiero que entre todos construyamos un Congreso con prestigio, informaci\u00f3n y abierto a la ciudadan\u00eda\u00bb, escribi\u00f3\u2026","rel":"","context":"En \u00abPol\u00edtica Nacional\u00bb","block_context":{"text":"Pol\u00edtica Nacional","link":"https:\/\/www.hoymercedes.com.ar\/principal\/category\/politica-nacional\/"},"img":{"alt_text":"","src":"https:\/\/i0.wp.com\/www.hoymercedes.com.ar\/principal\/wp-content\/uploads\/2019\/12\/28-massa-selva.jpg?resize=350%2C200&ssl=1","width":350,"height":200,"srcset":"https:\/\/i0.wp.com\/www.hoymercedes.com.ar\/principal\/wp-content\/uploads\/2019\/12\/28-massa-selva.jpg?resize=350%2C200&ssl=1 1x, https:\/\/i0.wp.com\/www.hoymercedes.com.ar\/principal\/wp-content\/uploads\/2019\/12\/28-massa-selva.jpg?resize=525%2C300&ssl=1 1.5x, https:\/\/i0.wp.com\/www.hoymercedes.com.ar\/principal\/wp-content\/uploads\/2019\/12\/28-massa-selva.jpg?resize=700%2C400&ssl=1 2x"},"classes":[]}],"_links":{"self":[{"href":"https:\/\/www.hoymercedes.com.ar\/principal\/wp-json\/wp\/v2\/posts\/39295","targetHints":{"allow":["GET"]}}],"collection":[{"href":"https:\/\/www.hoymercedes.com.ar\/principal\/wp-json\/wp\/v2\/posts"}],"about":[{"href":"https:\/\/www.hoymercedes.com.ar\/principal\/wp-json\/wp\/v2\/types\/post"}],"author":[{"embeddable":true,"href":"https:\/\/www.hoymercedes.com.ar\/principal\/wp-json\/wp\/v2\/users\/1"}],"replies":[{"embeddable":true,"href":"https:\/\/www.hoymercedes.com.ar\/principal\/wp-json\/wp\/v2\/comments?post=39295"}],"version-history":[{"count":0,"href":"https:\/\/www.hoymercedes.com.ar\/principal\/wp-json\/wp\/v2\/posts\/39295\/revisions"}],"wp:attachment":[{"href":"https:\/\/www.hoymercedes.com.ar\/principal\/wp-json\/wp\/v2\/media?parent=39295"}],"wp:term":[{"taxonomy":"category","embeddable":true,"href":"https:\/\/www.hoymercedes.com.ar\/principal\/wp-json\/wp\/v2\/categories?post=39295"},{"taxonomy":"post_tag","embeddable":true,"href":"https:\/\/www.hoymercedes.com.ar\/principal\/wp-json\/wp\/v2\/tags?post=39295"}],"curies":[{"name":"wp","href":"https:\/\/api.w.org\/{rel}","templated":true}]}}