{"id":39328,"date":"2015-02-05T08:55:21","date_gmt":"2015-02-05T11:55:21","guid":{"rendered":"http:\/\/www.hoymercedes.com.ar\/principal\/?p=39328"},"modified":"2015-02-05T08:55:21","modified_gmt":"2015-02-05T11:55:21","slug":"de-pedro-estamos-comprometidos-en-seguir-trabajando-por-agilizar-el-acceso-a-la-justicia","status":"publish","type":"post","link":"https:\/\/www.hoymercedes.com.ar\/principal\/2015\/02\/05\/de-pedro-estamos-comprometidos-en-seguir-trabajando-por-agilizar-el-acceso-a-la-justicia\/","title":{"rendered":"De Pedro: \u00abestamos comprometidos en seguir trabajando por agilizar el acceso a la justicia\u00bb"},"content":{"rendered":"<p><a href=\"https:\/\/www.hoymercedes.com.ar\/principal\/wp-content\/uploads\/2015\/02\/wadodepedro.jpg\"><img loading=\"lazy\" decoding=\"async\" data-attachment-id=\"39330\" data-permalink=\"https:\/\/www.hoymercedes.com.ar\/principal\/2015\/02\/05\/de-pedro-estamos-comprometidos-en-seguir-trabajando-por-agilizar-el-acceso-a-la-justicia\/wadodepedro-13\/#main\" data-orig-file=\"https:\/\/www.hoymercedes.com.ar\/principal\/wp-content\/uploads\/2015\/02\/wadodepedro.jpg\" data-orig-size=\"620,426\" data-comments-opened=\"1\" data-image-meta=\"{&quot;aperture&quot;:&quot;0&quot;,&quot;credit&quot;:&quot;&quot;,&quot;camera&quot;:&quot;&quot;,&quot;caption&quot;:&quot;&quot;,&quot;created_timestamp&quot;:&quot;0&quot;,&quot;copyright&quot;:&quot;&quot;,&quot;focal_length&quot;:&quot;0&quot;,&quot;iso&quot;:&quot;0&quot;,&quot;shutter_speed&quot;:&quot;0&quot;,&quot;title&quot;:&quot;&quot;,&quot;orientation&quot;:&quot;0&quot;}\" data-image-title=\"wadodepedro\" data-image-description=\"\" data-image-caption=\"\" data-large-file=\"https:\/\/www.hoymercedes.com.ar\/principal\/wp-content\/uploads\/2015\/02\/wadodepedro.jpg\" class=\"Img2014 aligncenter wp-image-39330 size-full\" title=\"Wado de Pedro\" src=\"https:\/\/www.hoymercedes.com.ar\/principal\/wp-content\/uploads\/2015\/02\/wadodepedro.jpg\" alt=\"wadodepedro\" width=\"620\" height=\"426\" \/><\/a><\/p>\n<p><em><strong>En dialogo con la agencia de noticias Telam el Diputado Nacional Eduardo De Pedro y remarc\u00f3 el compromiso que el Frente para la Victoria tiene para democratizar el Poder Judicial as\u00ed como el hecho de estar comprometidos con agilizar el acceso a la justicia, entre otras cuestiones vinculadas al tema.<\/strong><\/em><\/p>\n<p>Previo a que se reanuden las actividades en el Consejo de la Magistratura, Eduardo de Pedro dialog\u00f3 con T\u00e9lam y manifest\u00f3 el compromiso del Frente para la Victoria para democratizar el poder Judicial.<br \/>\n\u201cDesde la Comisi\u00f3n de Selecci\u00f3n que presido, en particular, y desde nuestro espacio en el Consejo de la Magistratura, en general, estamos comprometidos en seguir trabajando por agilizar el acceso a la justicia de todos los ciudadanos y a seguir democratizando uno de los poderes de la Rep\u00fablica\u201d, se\u00f1al\u00f3.<\/p>\n<p>El consejero destac\u00f3 que \u201cde los 241 cargos que est\u00e1n vacantes en el Poder Judicial en este momento se est\u00e1n llevando adelante distintas instancias para cubrir 200, o sea el 80%. Esto da la pauta de lo mucho que hemos avanzado\u00bb.<\/p>\n<p>En este sentido, el diputado nacional detall\u00f3 que durante 2014 fueron remitidos al Poder Ejecutivo ocho concursos para cubrir 13 vacantes, y que se reactivaron 12 concursos que ya estaban iniciados con el objetivo de cubrir los 41 cargos.<\/p>\n<p>Asimismo, durante el \u00faltimo a\u00f1o se convocaron nuevos concursos para cubrir 160 vacantes, de los cuales los primeros 13 representaron 33 cargos, por lo que se tomaron en el mes de septiembre 786 ex\u00e1menes de oposici\u00f3n sobre un total de 1.283 postulantes inscriptos.<\/p>\n<p>Las evaluaciones se realizaron en la Facultad de Ciencias Exactas y Naturales de la Universidad de Buenos Aires.<\/p>\n<p>En una segunda etapa se convocaron 20 concursos para cubrir 29 vacantes, de los cuales se rindieron tres ex\u00e1menes de oposici\u00f3n en el mes de diciembre en la Facultad de Ciencias Sociales de la UBA.<\/p>\n<p>Los restantes concursos est\u00e1n previstos para los meses de febrero a abril, con m\u00e1s de 2.500 postulantes inscriptos.<\/p>\n<p>A su vez, en diciembre pasado se realiz\u00f3 el sorteo de docentes jurados para activar 32 concursos m\u00e1s que cubrir\u00edan 75 vacantes.<\/p>\n<p>Tambi\u00e9n cabe destacar que en marzo de 2014 fueron aprobados por amplio consenso, los nuevos Reglamentos de Concursos y de Subrogaciones para los Tribunales Inferiores, lo que permiti\u00f3 la reactivaci\u00f3n del funcionamiento de la Comisi\u00f3n.<\/p>\n<p>En relaci\u00f3n al tr\u00e1mite de los Concursos, se abri\u00f3 la convocatoria a los profesores de las Universidades Nacionales de todo el pa\u00eds para conformar las listas de los jurados que evaluar\u00e1n a los postulantes.<\/p>\n<p>En la actualidad, el Consejo tiene un listado de m\u00e1s de 1.900 profesores regulares, a diferencia de los aproximadamente 300 a 500 que exist\u00edan anteriormente, lo que posibilita hacer m\u00e1s concursos garantizando la apertura, la pluralidad y la participaci\u00f3n de todas las Universidades Nacionales del pa\u00eds en la tarea de elegir a los jueces.<\/p>\n<p>En el mismo sentido, se abri\u00f3 la convocatoria a docentes para la Escuela Judicial que depende del Consejo, para ampliar la cantidad de cursos y comisiones, y con ello abarcar un universo m\u00e1s amplio de estudiantes.<\/p>\n<p>Para ello, se incorporaron las previsiones presupuestarias necesarias para la Escuela Judicial en el proyecto de presupuesto que aprob\u00f3 el Consejo para 2015.<\/p>\n<p>Ma\u00f1ana, el Consejo de la Magistratura reanudar\u00e1 sus actividades, por lo que sesionar\u00e1n las comisiones de Selecci\u00f3n de Magistrados y Escuela Judicial, y la Comisi\u00f3n de Disciplina y Acusaci\u00f3n, presidida por Jorge Daniel Candis.<\/p>\n<p>Fuente:Telam<\/p>\n","protected":false},"excerpt":{"rendered":"<p>En dialogo con la agencia de noticias Telam el Diputado Nacional Eduardo De Pedro y remarc\u00f3 el compromiso que el &#8230; <a title=\"De Pedro: \u00abestamos comprometidos en seguir trabajando por agilizar el acceso a la justicia\u00bb\" class=\"read-more\" href=\"https:\/\/www.hoymercedes.com.ar\/principal\/2015\/02\/05\/de-pedro-estamos-comprometidos-en-seguir-trabajando-por-agilizar-el-acceso-a-la-justicia\/\" aria-label=\"Leer m\u00e1s sobre De Pedro: \u00abestamos comprometidos en seguir trabajando por agilizar el acceso a la justicia\u00bb\">Leer m\u00e1s<\/a><\/p>\n","protected":false},"author":1,"featured_media":0,"comment_status":"open","ping_status":"open","sticky":false,"template":"","format":"standard","meta":{"_monsterinsights_skip_tracking":false,"_monsterinsights_sitenote_active":false,"_monsterinsights_sitenote_note":"","_monsterinsights_sitenote_category":0,"jetpack_post_was_ever_published":false,"_jetpack_newsletter_access":"","_jetpack_dont_email_post_to_subs":false,"_jetpack_newsletter_tier_id":0,"_jetpack_memberships_contains_paywalled_content":false,"_jetpack_memberships_contains_paid_content":false,"footnotes":"","jetpack_publicize_message":"","jetpack_publicize_feature_enabled":true,"jetpack_social_post_already_shared":true,"jetpack_social_options":{"image_generator_settings":{"template":"highway","default_image_id":0,"font":"","enabled":false},"version":2},"_wpas_customize_per_network":false},"categories":[8],"tags":[2686,281],"class_list":["post-39328","post","type-post","status-publish","format-standard","hentry","category-sociedad","tag-eduardo-de-pedro","tag-wado-de-pedro","generate-columns","tablet-grid-50","mobile-grid-100","grid-parent","grid-50"],"jetpack_publicize_connections":[],"jetpack_featured_media_url":"","wps_subtitle":"Justicia y sociedad","jetpack_sharing_enabled":true,"_links":{"self":[{"href":"https:\/\/www.hoymercedes.com.ar\/principal\/wp-json\/wp\/v2\/posts\/39328","targetHints":{"allow":["GET"]}}],"collection":[{"href":"https:\/\/www.hoymercedes.com.ar\/principal\/wp-json\/wp\/v2\/posts"}],"about":[{"href":"https:\/\/www.hoymercedes.com.ar\/principal\/wp-json\/wp\/v2\/types\/post"}],"author":[{"embeddable":true,"href":"https:\/\/www.hoymercedes.com.ar\/principal\/wp-json\/wp\/v2\/users\/1"}],"replies":[{"embeddable":true,"href":"https:\/\/www.hoymercedes.com.ar\/principal\/wp-json\/wp\/v2\/comments?post=39328"}],"version-history":[{"count":0,"href":"https:\/\/www.hoymercedes.com.ar\/principal\/wp-json\/wp\/v2\/posts\/39328\/revisions"}],"wp:attachment":[{"href":"https:\/\/www.hoymercedes.com.ar\/principal\/wp-json\/wp\/v2\/media?parent=39328"}],"wp:term":[{"taxonomy":"category","embeddable":true,"href":"https:\/\/www.hoymercedes.com.ar\/principal\/wp-json\/wp\/v2\/categories?post=39328"},{"taxonomy":"post_tag","embeddable":true,"href":"https:\/\/www.hoymercedes.com.ar\/principal\/wp-json\/wp\/v2\/tags?post=39328"}],"curies":[{"name":"wp","href":"https:\/\/api.w.org\/{rel}","templated":true}]}}