{"id":39347,"date":"2015-02-05T21:15:22","date_gmt":"2015-02-06T00:15:22","guid":{"rendered":"http:\/\/www.hoymercedes.com.ar\/principal\/?p=39347"},"modified":"2015-02-06T01:02:36","modified_gmt":"2015-02-06T04:02:36","slug":"ustarroz-junto-a-diego-bossio-inauguraron-udai-en-marcos-paz","status":"publish","type":"post","link":"https:\/\/www.hoymercedes.com.ar\/principal\/2015\/02\/05\/ustarroz-junto-a-diego-bossio-inauguraron-udai-en-marcos-paz\/","title":{"rendered":"Ustarroz junto a Diego Bossio inauguraron UDAI en Marcos Paz"},"content":{"rendered":"<p><a href=\"https:\/\/www.hoymercedes.com.ar\/principal\/wp-content\/uploads\/2015\/02\/bossio-ustarroz-2015.jpg\"><img loading=\"lazy\" decoding=\"async\" data-attachment-id=\"39348\" data-permalink=\"https:\/\/www.hoymercedes.com.ar\/principal\/2015\/02\/05\/ustarroz-junto-a-diego-bossio-inauguraron-udai-en-marcos-paz\/bossio-ustarroz-2015\/#main\" data-orig-file=\"https:\/\/www.hoymercedes.com.ar\/principal\/wp-content\/uploads\/2015\/02\/bossio-ustarroz-2015.jpg\" data-orig-size=\"620,506\" data-comments-opened=\"1\" data-image-meta=\"{&quot;aperture&quot;:&quot;0&quot;,&quot;credit&quot;:&quot;&quot;,&quot;camera&quot;:&quot;&quot;,&quot;caption&quot;:&quot;&quot;,&quot;created_timestamp&quot;:&quot;0&quot;,&quot;copyright&quot;:&quot;&quot;,&quot;focal_length&quot;:&quot;0&quot;,&quot;iso&quot;:&quot;0&quot;,&quot;shutter_speed&quot;:&quot;0&quot;,&quot;title&quot;:&quot;&quot;,&quot;orientation&quot;:&quot;0&quot;}\" data-image-title=\"bossio-ustarroz-2015\" data-image-description=\"\" data-image-caption=\"\" data-large-file=\"https:\/\/www.hoymercedes.com.ar\/principal\/wp-content\/uploads\/2015\/02\/bossio-ustarroz-2015.jpg\" class=\"Img2014 aligncenter wp-image-39348 size-full\" title=\"Diego Bossio, Juan Ignacio Ustarroz\" src=\"https:\/\/www.hoymercedes.com.ar\/principal\/wp-content\/uploads\/2015\/02\/bossio-ustarroz-2015.jpg\" alt=\"bossio-ustarroz-2015\" width=\"620\" height=\"506\" \/><\/a><\/p>\n<p><em><strong>El gerente regional de la ANSES y presidente del bloque de concejales del Frente Mercedino para la Victoria, Juan Ignacio Ustarroz, y el Director Ejecutivo del organismo nacional, Diego Bossio, inauguraron el martes la nueva UDAI de la localidad bonaerense de Marcos Paz, donde se\u00f1alaron \u201cla importancia de mejorar las condiciones de atenci\u00f3n a los vecinos y acercarles las soluciones que necesitan\u201d.<\/strong><\/em><\/p>\n<p>&nbsp;<\/p>\n<p>\u201cNuestra gesti\u00f3n apunta siempre a garantizarle los derechos a la gente \u2013expres\u00f3 Juani Ustarroz-, y en ese sentido la apertura de una nueva UDAI nos permite tener cercan\u00eda con los vecinos para escuchar sus inquietudes y darles una pronta respuesta\u201d.<\/p>\n<p>&nbsp;<\/p>\n<p>Marcos Paz es una de las m\u00e1s de 20 ciudades que dependen directamente de la Regional Mercedes, a cargo de Ustarroz. Tambi\u00e9n estuvo entre las localidades castigadas por las \u00faltimas inundaciones y que fueron asistidas por ANSES a trav\u00e9s de distintas prestaciones.<\/p>\n<p>&nbsp;<\/p>\n<p>En el acto de inauguraci\u00f3n, adem\u00e1s de Bossio y Ustarroz, estuvieron presentes el intendente local, Ricardo Curutchet; y el diputado nacional Edgardo Depetri, entre otros.<\/p>\n<p>&nbsp;<\/p>\n<p>Bossio destac\u00f3: \u201cLa Argentina pas\u00f3 por momentos cr\u00edticos y dif\u00edciles, que dejaron heridas profundas, como el cierre de las f\u00e1bricas y de los ferrocarriles, cuando lo de afuera era mejor que lo de adentro y se perd\u00edan los puestos de trabajo. Pero esa historia la estamos revirtiendo, incluyendo a aquellos que fueron castigados en el pasado\u201d.<\/p>\n<p>&nbsp;<\/p>\n<p>\u201cEl cambio se hace con dirigentes pol\u00edticos que entienden lo que significa ponerse en los zapatos de los m\u00e1s vulnerables \u2013agreg\u00f3-. La historia cambi\u00f3, porque hay un pueblo que cambi\u00f3. Y aunque haya sectores que quieren impregnar de miedo y de desconfianza a la sociedad, los argentinos queremos vivir en paz. Cuando veo a los argentinos hacerse su casa con PRO.CRE.AR., estamos alimentando esa esperanza\u201d.<\/p>\n<p>&nbsp;<\/p>\n<p>En tanto,\u00a0Curutchet\u00a0expres\u00f3:\u00a0\u201c Cuando hay pol\u00edticas de Estado, uno ve m\u00e1s cantidad de jubilaciones y detr\u00e1s de ellas hay personas que muestran un rostro de alegr\u00eda. Mientras haya un argentino con necesidad vamos a estar dando pelea desde el lugar que corresponda. Este es el camino\u201d.<\/p>\n<p>&nbsp;<\/p>\n<p>Los funcionarios tambi\u00e9n entregaron cerca de un centenar de nuevas jubilaciones por moratoria y banderas de ceremonia al Centro Integrador Comunitario\u00a0J\u00f3venes abuelos y al centro\u00a0Marcos Paz. Este \u00faltimo funcionar\u00e1 como Punto de Encuentro ARGENTA.<\/p>\n<p>&nbsp;<\/p>\n<p>Bossio, adem\u00e1s, volvi\u00f3 a elogiar el trabajo de Juani Ustarroz y se\u00f1al\u00f3 que la inauguraci\u00f3n de la nueva UDAI de Marcos Paz es \u201ctambi\u00e9n fruto de sus gestiones, de su preocupaci\u00f3n por llegar a todos los vecinos de las ciudades que componen la regional que conduce\u201d.<\/p>\n<p>&nbsp;<\/p>\n<p>De Ustarroz (Jefatura Regional Bonaerense IV) dependen las UDAI y oficinas de Baradero, Ca\u00f1uelas, Mercedes, Luj\u00e1n, Navarro, Saladillo, San Miguel del Monte, Z\u00e1rate, 25 de Mayo, Capit\u00e1n Sarmiento, Suipacha, Carmen de Areco, Coronel Brandsen, Exaltaci\u00f3n de la Cruz, General Alvear, General Rodr\u00edguez, Lobos, Marcos Paz, M\u00e1ximo Paz, Ranchos, San Andr\u00e9s de Giles, San Antonio de Areco y Vicente Casares. Y ha gestionado la apertura de nuevas dependencias en muchas de ellas (Luj\u00e1n, Las Heras, Roque P\u00e9rez, Mercedes, Suipacha).<\/p>\n<p>&nbsp;<\/p>\n<p>Con todas se articula la prestaci\u00f3n de servicios para jubilados y pensionados y, adem\u00e1s, los muchos programas que se instrumentan desde la ANSES: Procrear para el acceso a la vivienda; Asignaci\u00f3n Universal por Hijo y por Embarazo; Prestaci\u00f3n por Desempleo; Progresar para j\u00f3venes estudiantes; tarjeta Argenta; entrega de decodificadores y antenas de la Televisi\u00f3n Digital Abierta; Conectar Igualdad y m\u00e1s.<\/p>\n<p>Ustarroz tambi\u00e9n ha promovido diferentes acciones de la UDAI Mercedes que est\u00e1n sirviendo como experiencias para sumarlas m\u00e1s tarde a otras dependencias. Entre ellas, la tramitaci\u00f3n del nuevo DNI. \u201cPara nosotros es otro de los motivos de orgullo, un ejemplo de eficacia, transparencia y celeridad. Se instrument\u00f3 para evitarles a los abuelos la obligaci\u00f3n de ir muy temprano al Registro Civil y tener que hacer una fila interminable. Hoy vienen con turno preasignado, les canalizamos el tr\u00e1mite y a los 15 d\u00edas el Ministerio de Interior les env\u00eda el documento a su domicilio\u201d, record\u00f3.<\/p>\n<p>El convenio con comercios y corralones de la ciudad para ofrecerles descuentos a los mercedinos sorteados en el Procrear; los m\u00e1s de 1.500 chicos que reciben la beca del Progresar; el \u00e9xito creciente de la tarjeta Argenta y la articulaci\u00f3n con la C\u00e1mara Econ\u00f3mica para entregar antenas de la TDA a los comercios son otros de los ejemplos concretos de lo que fue la renovaci\u00f3n y relanzamiento de la UDAI local de la ANSES.<\/p>\n<p>&nbsp;<\/p>\n<p>&nbsp;<\/p>\n<p>&nbsp;<\/p>\n<p>&nbsp;<\/p>\n","protected":false},"excerpt":{"rendered":"<p>El gerente regional de la ANSES y presidente del bloque de concejales del Frente Mercedino para la Victoria, Juan Ignacio &#8230; <a title=\"Ustarroz junto a Diego Bossio inauguraron UDAI en Marcos Paz\" class=\"read-more\" href=\"https:\/\/www.hoymercedes.com.ar\/principal\/2015\/02\/05\/ustarroz-junto-a-diego-bossio-inauguraron-udai-en-marcos-paz\/\" aria-label=\"Leer m\u00e1s sobre Ustarroz junto a Diego Bossio inauguraron UDAI en Marcos Paz\">Leer m\u00e1s<\/a><\/p>\n","protected":false},"author":1,"featured_media":0,"comment_status":"open","ping_status":"open","sticky":false,"template":"","format":"standard","meta":{"_monsterinsights_skip_tracking":false,"_monsterinsights_sitenote_active":false,"_monsterinsights_sitenote_note":"","_monsterinsights_sitenote_category":0,"jetpack_post_was_ever_published":false,"_jetpack_newsletter_access":"","_jetpack_dont_email_post_to_subs":false,"_jetpack_newsletter_tier_id":0,"_jetpack_memberships_contains_paywalled_content":false,"_jetpack_memberships_contains_paid_content":false,"footnotes":"","jetpack_publicize_message":"","jetpack_publicize_feature_enabled":true,"jetpack_social_post_already_shared":true,"jetpack_social_options":{"image_generator_settings":{"template":"highway","default_image_id":0,"font":"","enabled":false},"version":2},"_wpas_customize_per_network":false},"categories":[5],"tags":[3702,585],"class_list":["post-39347","post","type-post","status-publish","format-standard","hentry","category-politica","tag-diego-bossio","tag-juan-ustarroz","generate-columns","tablet-grid-50","mobile-grid-100","grid-parent","grid-50"],"jetpack_publicize_connections":[],"jetpack_featured_media_url":"","wps_subtitle":"Beneficio social ","jetpack_sharing_enabled":true,"_links":{"self":[{"href":"https:\/\/www.hoymercedes.com.ar\/principal\/wp-json\/wp\/v2\/posts\/39347","targetHints":{"allow":["GET"]}}],"collection":[{"href":"https:\/\/www.hoymercedes.com.ar\/principal\/wp-json\/wp\/v2\/posts"}],"about":[{"href":"https:\/\/www.hoymercedes.com.ar\/principal\/wp-json\/wp\/v2\/types\/post"}],"author":[{"embeddable":true,"href":"https:\/\/www.hoymercedes.com.ar\/principal\/wp-json\/wp\/v2\/users\/1"}],"replies":[{"embeddable":true,"href":"https:\/\/www.hoymercedes.com.ar\/principal\/wp-json\/wp\/v2\/comments?post=39347"}],"version-history":[{"count":0,"href":"https:\/\/www.hoymercedes.com.ar\/principal\/wp-json\/wp\/v2\/posts\/39347\/revisions"}],"wp:attachment":[{"href":"https:\/\/www.hoymercedes.com.ar\/principal\/wp-json\/wp\/v2\/media?parent=39347"}],"wp:term":[{"taxonomy":"category","embeddable":true,"href":"https:\/\/www.hoymercedes.com.ar\/principal\/wp-json\/wp\/v2\/categories?post=39347"},{"taxonomy":"post_tag","embeddable":true,"href":"https:\/\/www.hoymercedes.com.ar\/principal\/wp-json\/wp\/v2\/tags?post=39347"}],"curies":[{"name":"wp","href":"https:\/\/api.w.org\/{rel}","templated":true}]}}