{"id":39357,"date":"2015-02-06T07:28:23","date_gmt":"2015-02-06T10:28:23","guid":{"rendered":"http:\/\/www.hoymercedes.com.ar\/principal\/?p=39357"},"modified":"2015-02-09T12:34:18","modified_gmt":"2015-02-09T15:34:18","slug":"895-familias-de-mercedes-participan-del-sorteo-de-procrear","status":"publish","type":"post","link":"https:\/\/www.hoymercedes.com.ar\/principal\/2015\/02\/06\/895-familias-de-mercedes-participan-del-sorteo-de-procrear\/","title":{"rendered":"895 familias de Mercedes participan del sorteo de ProCreAr"},"content":{"rendered":"<p><a href=\"https:\/\/www.hoymercedes.com.ar\/principal\/wp-content\/uploads\/2015\/02\/procrear-bossio.jpg\"><img loading=\"lazy\" decoding=\"async\" data-attachment-id=\"39358\" data-permalink=\"https:\/\/www.hoymercedes.com.ar\/principal\/2015\/02\/06\/895-familias-de-mercedes-participan-del-sorteo-de-procrear\/procrear-bossio\/#main\" data-orig-file=\"https:\/\/www.hoymercedes.com.ar\/principal\/wp-content\/uploads\/2015\/02\/procrear-bossio.jpg\" data-orig-size=\"620,348\" data-comments-opened=\"1\" data-image-meta=\"{&quot;aperture&quot;:&quot;0&quot;,&quot;credit&quot;:&quot;&quot;,&quot;camera&quot;:&quot;&quot;,&quot;caption&quot;:&quot;&quot;,&quot;created_timestamp&quot;:&quot;0&quot;,&quot;copyright&quot;:&quot;&quot;,&quot;focal_length&quot;:&quot;0&quot;,&quot;iso&quot;:&quot;0&quot;,&quot;shutter_speed&quot;:&quot;0&quot;,&quot;title&quot;:&quot;&quot;,&quot;orientation&quot;:&quot;0&quot;}\" data-image-title=\"procrear-bossio\" data-image-description=\"\" data-image-caption=\"\" data-large-file=\"https:\/\/www.hoymercedes.com.ar\/principal\/wp-content\/uploads\/2015\/02\/procrear-bossio.jpg\" class=\"Img2014 aligncenter wp-image-39358 size-full\" title=\"Diego Bossio\" src=\"https:\/\/www.hoymercedes.com.ar\/principal\/wp-content\/uploads\/2015\/02\/procrear-bossio.jpg\" alt=\"procrear-bossio\" width=\"620\" height=\"348\" \/><\/a><\/p>\n<p><strong><em>Se realizar\u00e1 en la ciudad de Mar del Plata a trav\u00e9s de Loter\u00eda Nacional con transmisi\u00f3n en vivo de la Televisi\u00f3n P\u00fablica. Se sortean las l\u00edneas Construcci\u00f3n, Refacci\u00f3n, Ampliaci\u00f3n y Terminaci\u00f3n, adem\u00e1s de Compra de terreno y construcci\u00f3n.<\/em><\/strong><\/p>\n<p>Ma\u00f1ana viernes 6 de febrero se llevar\u00e1 a cabo en la ciudad de Mar del Plata el 11\u00ba sorteo de<a href=\"http:\/\/pro.cre.ar\/\" target=\"_blank\" rel=\"noopener\">PRO.CRE.AR<\/a>. BICENTENARIO. En esta oportunidad, 895 familias de la localidad bonaerense de Mercedes tendr\u00e1n la posibilidad de obtener un cr\u00e9dito para construir, refaccionar, ampliar o terminar su vivienda o adquirir un cr\u00e9dito para comprar y edificar. Tambi\u00e9n habr\u00e1 una <strong>instancia de repechaje<\/strong> para aquellos que no salieron sorteados anteriormente.<\/p>\n<p>Al respecto de la pol\u00edtica de cr\u00e9ditos hipotecarios implementada por el Gobierno Nacional, el Director Ejecutivo de la ANSES, <strong>Diego Bossio<\/strong>, expres\u00f3: \u201c<em><a href=\"http:\/\/pro.cre.ar\/\" target=\"_blank\" rel=\"noopener\">PRO.CRE.AR<\/a>. contin\u00faa dando grandes satisfacciones en todas las provincias, pero especialmente en la de Buenos Aires, que es claro ejemplo del \u00e9xito que tiene el programa. La gran repercusi\u00f3n de estos cr\u00e9ditos en los pueblos bonaerenses se nota en la alegr\u00eda que demuestran las familias que est\u00e1n construyendo su casa propia. Llegamos al sorteo n\u00famero 11, que tendr\u00e1 la particularidad de realizarse en Mar del Plata<\/em><em>\u201d<\/em>.<\/p>\n<p>Las familias participantes est\u00e1n recibiendo por correo electr\u00f3nico los datos correspondientes para su identificaci\u00f3n. Luego del sorteo, se comunicar\u00e1 el resultado a cada uno de los inscriptos por la misma v\u00eda, o bien, se podr\u00e1 consultar en la p\u00e1gina web de PROCREAR: <a href=\"http:\/\/procrear.anses.gob.ar\/\" target=\"_blank\" rel=\"noopener\">http:\/\/procrear.anses.gob.ar<\/a>.<\/p>\n<p><strong>Detalle de cada una de las l\u00edneas<\/strong><\/p>\n<table>\n<tbody>\n<tr>\n<td width=\"240\"><strong>Sorteo<\/strong><\/td>\n<td width=\"229\"><strong>Cantidad de inscriptos<\/strong><\/td>\n<\/tr>\n<tr>\n<td width=\"240\"><em>Construcci\u00f3n<\/em><\/td>\n<td width=\"229\">99<\/td>\n<\/tr>\n<tr>\n<td width=\"240\"><em>Refacci\u00f3n\/Ampliaci\u00f3n\/Terminaci\u00f3n<\/em><\/td>\n<td width=\"229\">69<\/td>\n<\/tr>\n<tr>\n<td width=\"240\"><em>Compra de terreno y construcci\u00f3n<\/em><\/td>\n<td width=\"229\">596<\/td>\n<\/tr>\n<tr>\n<td width=\"240\"><em>Repechaje Construcci\u00f3n<\/em><\/td>\n<td width=\"229\">43<\/td>\n<\/tr>\n<tr>\n<td width=\"240\"><em>Repechaje Refacci\u00f3n\/Ampliaci\u00f3n\/Terminaci\u00f3n<\/em><\/td>\n<td width=\"229\">13<\/td>\n<\/tr>\n<tr>\n<td width=\"240\"><em>Repechaje Compra de terreno y construcci\u00f3n<\/em><\/td>\n<td width=\"229\">75<\/td>\n<\/tr>\n<tr>\n<td width=\"240\"><strong><em>Totales<\/em><\/strong><\/td>\n<td width=\"229\"><strong>895<\/strong><\/td>\n<\/tr>\n<\/tbody>\n<\/table>\n<p>&nbsp;<\/p>\n<p><a href=\"http:\/\/pro.cre.ar\/\" target=\"_blank\" rel=\"noopener\">PRO.CRE.AR<\/a>. es la oportunidad que brinda el Estado para que las familias puedan planificar su futuro con esfuerzo y trabajo. Permiti\u00f3 recuperar la tradici\u00f3n del proyecto familiar de la casa propia y la esencia del Plan Eva Per\u00f3n, con el que miles de familias de clase media y popular pudieron acceder a su primer hogar.<\/p>\n<p>Este c\u00edrculo virtuoso solo es posible gracias a que un Estado activo y con capacidad de acci\u00f3n, que acompa\u00f1a a quienes m\u00e1s lo necesitan.<\/p>\n","protected":false},"excerpt":{"rendered":"<p>Se realizar\u00e1 en la ciudad de Mar del Plata a trav\u00e9s de Loter\u00eda Nacional con transmisi\u00f3n en vivo de la &#8230; <a title=\"895 familias de Mercedes participan del sorteo de ProCreAr\" class=\"read-more\" href=\"https:\/\/www.hoymercedes.com.ar\/principal\/2015\/02\/06\/895-familias-de-mercedes-participan-del-sorteo-de-procrear\/\" aria-label=\"Leer m\u00e1s sobre 895 familias de Mercedes participan del sorteo de ProCreAr\">Leer m\u00e1s<\/a><\/p>\n","protected":false},"author":1,"featured_media":0,"comment_status":"open","ping_status":"open","sticky":false,"template":"","format":"standard","meta":{"_monsterinsights_skip_tracking":false,"_monsterinsights_sitenote_active":false,"_monsterinsights_sitenote_note":"","_monsterinsights_sitenote_category":0,"jetpack_post_was_ever_published":false,"_jetpack_newsletter_access":"","_jetpack_dont_email_post_to_subs":false,"_jetpack_newsletter_tier_id":0,"_jetpack_memberships_contains_paywalled_content":false,"_jetpack_memberships_contains_paid_content":false,"footnotes":"","jetpack_publicize_message":"","jetpack_publicize_feature_enabled":true,"jetpack_social_post_already_shared":true,"jetpack_social_options":{"image_generator_settings":{"template":"highway","default_image_id":0,"font":"","enabled":false},"version":2},"_wpas_customize_per_network":false},"categories":[5],"tags":[4,3702,3392],"class_list":["post-39357","post","type-post","status-publish","format-standard","hentry","category-politica","tag-anses","tag-diego-bossio","tag-procrear-mercedes","generate-columns","tablet-grid-50","mobile-grid-100","grid-parent","grid-50"],"jetpack_publicize_connections":[],"jetpack_featured_media_url":"","wps_subtitle":"Desde el Anses ","jetpack_sharing_enabled":true,"jetpack-related-posts":[{"id":38905,"url":"https:\/\/www.hoymercedes.com.ar\/principal\/2015\/01\/08\/procrear-nuevo-sorteo-el-proximo-6-de-febrero\/","url_meta":{"origin":39357,"position":0},"title":"ProCreAr: nuevo sorteo el pr\u00f3ximo 6 de febrero","author":"hoymercedes","date":"8 enero, 2015","format":false,"excerpt":"Los vecinos de Mercedes tendr\u00e1n una nueva posibilidad de acceder a las distintas l\u00edneas crediticias hipotecarias del PROCREAR el pr\u00f3ximo 6 de febrero, fecha en la que se har\u00e1 un nuevo sorteo a trav\u00e9s de Loter\u00eda Nacional, seg\u00fan anunci\u00f3 el gerente regional de la ANSES y presidente del bloque de\u2026","rel":"","context":"En \u00abSociedad\u00bb","block_context":{"text":"Sociedad","link":"https:\/\/www.hoymercedes.com.ar\/principal\/category\/sociedad\/"},"img":{"alt_text":"ProCreAr-Sorteo-2015","src":"https:\/\/i0.wp.com\/www.hoymercedes.com.ar\/principal\/wp-content\/uploads\/2015\/01\/ProCreAr-Sorteo-2015.jpg?resize=350%2C200","width":350,"height":200,"srcset":"https:\/\/i0.wp.com\/www.hoymercedes.com.ar\/principal\/wp-content\/uploads\/2015\/01\/ProCreAr-Sorteo-2015.jpg?resize=350%2C200 1x, https:\/\/i0.wp.com\/www.hoymercedes.com.ar\/principal\/wp-content\/uploads\/2015\/01\/ProCreAr-Sorteo-2015.jpg?resize=525%2C300 1.5x"},"classes":[]},{"id":33973,"url":"https:\/\/www.hoymercedes.com.ar\/principal\/2014\/06\/17\/275-familias-de-mercedes-comienzan-a-tramitar-credito-procrear\/","url_meta":{"origin":39357,"position":1},"title":"275 Familias de Mercedes comienzan a tramitar cr\u00e9dito ProCreAr","author":"hoymercedes","date":"17 junio, 2014","format":false,"excerpt":"\u00a0 (Anses) Luego del noveno sorteo realizado en la Loter\u00eda Nacional, 275 familias de Mercedes resultaron sorteadas para iniciar sus tr\u00e1mites ante el Banco Hipotecario, y de esta manera, acceder a los cr\u00e9ditos de viviendas dePRO.CRE.AR. BICENTENARIO. En todo el pa\u00eds, 137.925 personas fueron sorteadas. El Director Ejecutivo de la\u2026","rel":"","context":"En \u00abSociedad\u00bb","block_context":{"text":"Sociedad","link":"https:\/\/www.hoymercedes.com.ar\/principal\/category\/sociedad\/"},"img":{"alt_text":"bossio-construccion","src":"https:\/\/i0.wp.com\/www.hoymercedes.com.ar\/principal\/wp-content\/uploads\/2014\/06\/bossio-construccion.jpg?resize=350%2C200","width":350,"height":200,"srcset":"https:\/\/i0.wp.com\/www.hoymercedes.com.ar\/principal\/wp-content\/uploads\/2014\/06\/bossio-construccion.jpg?resize=350%2C200 1x, https:\/\/i0.wp.com\/www.hoymercedes.com.ar\/principal\/wp-content\/uploads\/2014\/06\/bossio-construccion.jpg?resize=525%2C300 1.5x"},"classes":[]},{"id":39429,"url":"https:\/\/www.hoymercedes.com.ar\/principal\/2015\/02\/07\/bossio-253-familias-de-mercedes-fueron-sorteadas-para-su-credito-pro-cre-ar\/","url_meta":{"origin":39357,"position":2},"title":"Bossio: \u201c253 familias de mercedes fueron sorteadas para su cr\u00e9dito pro.cre.ar.\u201d","author":"hoymercedes","date":"7 febrero, 2015","format":false,"excerpt":"Lo inform\u00f3 el titular de la ANSES, sobre una nueva instancia del programa de cr\u00e9ditos hipotecarios. En la provincia de Buenos Aires, las familias ganadoras fueron 32.043, quienes ya pueden sacar un turno en la web para ser atendidas en el Banco Hipotecario. Se sortearon las l\u00edneas Construcci\u00f3n, Refacci\u00f3n, Ampliaci\u00f3n\u2026","rel":"","context":"En \u00abPol\u00edtica\u00bb","block_context":{"text":"Pol\u00edtica","link":"https:\/\/www.hoymercedes.com.ar\/principal\/category\/politica\/"},"img":{"alt_text":"procrear-bossio","src":"https:\/\/i0.wp.com\/www.hoymercedes.com.ar\/principal\/wp-content\/uploads\/2015\/02\/procrear-bossio.jpg?resize=350%2C200","width":350,"height":200,"srcset":"https:\/\/i0.wp.com\/www.hoymercedes.com.ar\/principal\/wp-content\/uploads\/2015\/02\/procrear-bossio.jpg?resize=350%2C200 1x, https:\/\/i0.wp.com\/www.hoymercedes.com.ar\/principal\/wp-content\/uploads\/2015\/02\/procrear-bossio.jpg?resize=525%2C300 1.5x"},"classes":[]},{"id":116251,"url":"https:\/\/www.hoymercedes.com.ar\/principal\/2020\/09\/07\/mercedes-seria-el-primer-municipio-en-firmar-convenio-con-procrear\/","url_meta":{"origin":39357,"position":3},"title":"Mercedes ser\u00eda el primer municipio en firmar convenio con Procrear","author":"hoymercedes","date":"7 septiembre, 2020","format":false,"excerpt":"El Procrear reconocer\u00e1 a Mercedes como el primer municipio del pa\u00eds para llevar adelante trabajos que generen la posibilidad que los mercedinos puedan llegar a su casa propia. El gobierno nacional que conduce Alberto Fern\u00e1ndez dio inicio al recreado programa Procrear y la ciudad de Mercedes \u201cpica en punta\u201d para\u2026","rel":"","context":"En \u00abMunicipio\u00bb","block_context":{"text":"Municipio","link":"https:\/\/www.hoymercedes.com.ar\/principal\/category\/municipio\/"},"img":{"alt_text":"","src":"https:\/\/i0.wp.com\/www.hoymercedes.com.ar\/principal\/wp-content\/uploads\/2020\/03\/Ustarroz-hcd-04.03.2020.jpeg?resize=350%2C200&ssl=1","width":350,"height":200,"srcset":"https:\/\/i0.wp.com\/www.hoymercedes.com.ar\/principal\/wp-content\/uploads\/2020\/03\/Ustarroz-hcd-04.03.2020.jpeg?resize=350%2C200&ssl=1 1x, https:\/\/i0.wp.com\/www.hoymercedes.com.ar\/principal\/wp-content\/uploads\/2020\/03\/Ustarroz-hcd-04.03.2020.jpeg?resize=525%2C300&ssl=1 1.5x, https:\/\/i0.wp.com\/www.hoymercedes.com.ar\/principal\/wp-content\/uploads\/2020\/03\/Ustarroz-hcd-04.03.2020.jpeg?resize=700%2C400&ssl=1 2x, https:\/\/i0.wp.com\/www.hoymercedes.com.ar\/principal\/wp-content\/uploads\/2020\/03\/Ustarroz-hcd-04.03.2020.jpeg?resize=1050%2C600&ssl=1 3x, https:\/\/i0.wp.com\/www.hoymercedes.com.ar\/principal\/wp-content\/uploads\/2020\/03\/Ustarroz-hcd-04.03.2020.jpeg?resize=1400%2C800&ssl=1 4x"},"classes":[]},{"id":26819,"url":"https:\/\/www.hoymercedes.com.ar\/principal\/2013\/10\/24\/procrear-mas-de-1500-familas-mercedinas-sorteadas\/","url_meta":{"origin":39357,"position":4},"title":"ProCreAr: m\u00e1s de 1500 familas mercedinas sorteadas","author":"hoymercedes","date":"24 octubre, 2013","format":false,"excerpt":"M\u00e1s de 1.500 vecinos de Mercedes, inscriptos en las diferentes l\u00edneas crediticias, fueron beneficiados este martes en el sorteo del plan PROCREAR Bicentenario realizado a trav\u00e9s de la Loter\u00eda Nacional, inform\u00f3 el gerente regional de la ANSES y primer candidato a concejal por el Frente Mercedino para la Victoria, Juan\u2026","rel":"","context":"En \u00abSociedad\u00bb","block_context":{"text":"Sociedad","link":"https:\/\/www.hoymercedes.com.ar\/principal\/category\/sociedad\/"},"img":{"alt_text":"plan-procrear","src":"https:\/\/i0.wp.com\/www.hoymercedes.com.ar\/principal\/wp-content\/uploads\/2013\/10\/plan-procrear.jpg?resize=350%2C200","width":350,"height":200,"srcset":"https:\/\/i0.wp.com\/www.hoymercedes.com.ar\/principal\/wp-content\/uploads\/2013\/10\/plan-procrear.jpg?resize=350%2C200 1x, https:\/\/i0.wp.com\/www.hoymercedes.com.ar\/principal\/wp-content\/uploads\/2013\/10\/plan-procrear.jpg?resize=525%2C300 1.5x"},"classes":[]},{"id":115830,"url":"https:\/\/www.hoymercedes.com.ar\/principal\/2020\/08\/29\/procrear-sortearon-los-primeros-creditos\/","url_meta":{"origin":39357,"position":5},"title":"PROCREAR: Sortearon los primeros cr\u00e9ditos","author":"hoymercedes","date":"29 agosto, 2020","format":false,"excerpt":"En el marco del Programa de Cr\u00e9dito Argentino (Procrear 2020) este viernes se sorte\u00f3 la primera tanda de 4 l\u00edneas crediticias para la refacci\u00f3n y el mejoramiento de viviendas. Estas herramientas financieras van desde los 50 mil a los 500 mil pesos y todas poseen tasas del 24% anual. El\u2026","rel":"","context":"En \u00abSociedad\u00bb","block_context":{"text":"Sociedad","link":"https:\/\/www.hoymercedes.com.ar\/principal\/category\/sociedad\/"},"img":{"alt_text":"","src":"https:\/\/i0.wp.com\/www.hoymercedes.com.ar\/principal\/wp-content\/uploads\/2020\/08\/SorteoPROCREAR.jpeg?resize=350%2C200&ssl=1","width":350,"height":200,"srcset":"https:\/\/i0.wp.com\/www.hoymercedes.com.ar\/principal\/wp-content\/uploads\/2020\/08\/SorteoPROCREAR.jpeg?resize=350%2C200&ssl=1 1x, https:\/\/i0.wp.com\/www.hoymercedes.com.ar\/principal\/wp-content\/uploads\/2020\/08\/SorteoPROCREAR.jpeg?resize=525%2C300&ssl=1 1.5x, https:\/\/i0.wp.com\/www.hoymercedes.com.ar\/principal\/wp-content\/uploads\/2020\/08\/SorteoPROCREAR.jpeg?resize=700%2C400&ssl=1 2x"},"classes":[]}],"_links":{"self":[{"href":"https:\/\/www.hoymercedes.com.ar\/principal\/wp-json\/wp\/v2\/posts\/39357","targetHints":{"allow":["GET"]}}],"collection":[{"href":"https:\/\/www.hoymercedes.com.ar\/principal\/wp-json\/wp\/v2\/posts"}],"about":[{"href":"https:\/\/www.hoymercedes.com.ar\/principal\/wp-json\/wp\/v2\/types\/post"}],"author":[{"embeddable":true,"href":"https:\/\/www.hoymercedes.com.ar\/principal\/wp-json\/wp\/v2\/users\/1"}],"replies":[{"embeddable":true,"href":"https:\/\/www.hoymercedes.com.ar\/principal\/wp-json\/wp\/v2\/comments?post=39357"}],"version-history":[{"count":0,"href":"https:\/\/www.hoymercedes.com.ar\/principal\/wp-json\/wp\/v2\/posts\/39357\/revisions"}],"wp:attachment":[{"href":"https:\/\/www.hoymercedes.com.ar\/principal\/wp-json\/wp\/v2\/media?parent=39357"}],"wp:term":[{"taxonomy":"category","embeddable":true,"href":"https:\/\/www.hoymercedes.com.ar\/principal\/wp-json\/wp\/v2\/categories?post=39357"},{"taxonomy":"post_tag","embeddable":true,"href":"https:\/\/www.hoymercedes.com.ar\/principal\/wp-json\/wp\/v2\/tags?post=39357"}],"curies":[{"name":"wp","href":"https:\/\/api.w.org\/{rel}","templated":true}]}}