{"id":3942,"date":"2011-05-03T03:06:08","date_gmt":"2011-05-03T03:06:08","guid":{"rendered":"http:\/\/www.hoymercedes.com.ar\/principal\/?p=3942"},"modified":"2011-05-03T03:06:08","modified_gmt":"2011-05-03T03:06:08","slug":"dieron-comienzo-tareas-de-limpieza-en-el-ex-ferrocarril-belgrano","status":"publish","type":"post","link":"https:\/\/www.hoymercedes.com.ar\/principal\/2011\/05\/03\/dieron-comienzo-tareas-de-limpieza-en-el-ex-ferrocarril-belgrano\/","title":{"rendered":"Dieron comienzo tareas de limpieza en el ex Ferrocarril Belgrano"},"content":{"rendered":"<p>Desde este lunes personal perteneciente al municipio se encuentra avocado a la tarea de cortar los yuyos y eliminar las malezas en un importante sector de los terrenos ferroviarios pertenecientes a la ex L\u00ednea Belgrano, es decir la por nosotros conocido como la Trocha.<\/p>\n<p>Las tareas que por cierto no son para nada simples debido a la existencia de una importante cantidad de bolsas de residuos que la gente tira pensando que total si est\u00e1 con los pastos como estaban nada se perd\u00eda con tirar la bolsa de residuos en el lugar como si realmente el servicio de recolecci\u00f3n de la ciudad no funcione como corresponde porque si hay algo entre las cosas que se podr\u00edan criticar de la actual gesti\u00f3n municipal que  es criticable en varios aspectos, es justamente la prestaci\u00f3n de dicho servicio.<\/p>\n<div align=\"center\">\n<figure id=\"attachment_3944\" aria-describedby=\"caption-attachment-3944\" style=\"width: 490px\" class=\"wp-caption aligncenter\"><a href=\"https:\/\/www.hoymercedes.com.ar\/principal\/wp-content\/uploads\/2011\/05\/ff-belgrano.jpg\"><img loading=\"lazy\" decoding=\"async\" data-attachment-id=\"3944\" data-permalink=\"https:\/\/www.hoymercedes.com.ar\/principal\/2011\/05\/03\/dieron-comienzo-tareas-de-limpieza-en-el-ex-ferrocarril-belgrano\/ff-belgrano\/#main\" data-orig-file=\"https:\/\/www.hoymercedes.com.ar\/principal\/wp-content\/uploads\/2011\/05\/ff-belgrano.jpg\" data-orig-size=\"500,375\" data-comments-opened=\"1\" data-image-meta=\"{&quot;aperture&quot;:&quot;5.2&quot;,&quot;credit&quot;:&quot;&quot;,&quot;camera&quot;:&quot;COOLPIX L10&quot;,&quot;caption&quot;:&quot;&quot;,&quot;created_timestamp&quot;:&quot;1304158005&quot;,&quot;copyright&quot;:&quot;Copyright 2006&quot;,&quot;focal_length&quot;:&quot;18.6&quot;,&quot;iso&quot;:&quot;64&quot;,&quot;shutter_speed&quot;:&quot;0.016666666666667&quot;,&quot;title&quot;:&quot;&quot;}\" data-image-title=\"Limpieza Terrenos linderos al Ferrocarril Belgrano\" data-image-description=\"&lt;p&gt;Limpieza Terrenos linderos al Ferrocarril Belgrano&lt;\/p&gt;\n\" data-image-caption=\"&lt;p&gt;Limpieza Terrenos linderos al Ferrocarril Belgrano&lt;\/p&gt;\n\" data-large-file=\"https:\/\/www.hoymercedes.com.ar\/principal\/wp-content\/uploads\/2011\/05\/ff-belgrano.jpg\" class=\"size-full wp-image-3944\" title=\"Limpieza Terrenos linderos al Ferrocarril Belgrano\" src=\"https:\/\/www.hoymercedes.com.ar\/principal\/wp-content\/uploads\/2011\/05\/ff-belgrano.jpg\" alt=\"Limpieza Terrenos linderos al Ferrocarril Belgrano\" width=\"500\" height=\"375\" \/><\/a><figcaption id=\"caption-attachment-3944\" class=\"wp-caption-text\">Limpieza Terrenos linderos al Ferrocarril Belgrano<\/figcaption><\/figure>\n<\/div>\n<p>Los trabajadores municipales desarrollan sus tareas con el apoyo de un tractor al que se le anex\u00f3 una importante cortadora de yuyos mec\u00e1nica y un cambi\u00f3n que se encarga de retirar del lugar las mencionadas bolsas con basura como as\u00ed tambi\u00e9n la gran cantidad de botellas de vidrio de diferentes bebidas sin contar las de pl\u00e1sticos pertenecientes a jugos o gaseosas.<\/p>\n<p>En determinados casos los trabajadores del municipio se ven obligados a utilizar machetes de mano para poder desmalezar los arbustos que han crecido.<\/p>\n<div align=\"center\">\n<figure id=\"attachment_3944\" aria-describedby=\"caption-attachment-3944\" style=\"width: 490px\" class=\"wp-caption aligncenter\"><a href=\"https:\/\/www.hoymercedes.com.ar\/principal\/wp-content\/uploads\/2011\/05\/ff-belgranoII.jpg\"><img loading=\"lazy\" decoding=\"async\" data-attachment-id=\"3944\" data-permalink=\"https:\/\/www.hoymercedes.com.ar\/principal\/2011\/05\/03\/dieron-comienzo-tareas-de-limpieza-en-el-ex-ferrocarril-belgrano\/ff-belgrano\/#main\" data-orig-file=\"https:\/\/www.hoymercedes.com.ar\/principal\/wp-content\/uploads\/2011\/05\/ff-belgrano.jpg\" data-orig-size=\"500,375\" data-comments-opened=\"1\" data-image-meta=\"{&quot;aperture&quot;:&quot;5.2&quot;,&quot;credit&quot;:&quot;&quot;,&quot;camera&quot;:&quot;COOLPIX L10&quot;,&quot;caption&quot;:&quot;&quot;,&quot;created_timestamp&quot;:&quot;1304158005&quot;,&quot;copyright&quot;:&quot;Copyright 2006&quot;,&quot;focal_length&quot;:&quot;18.6&quot;,&quot;iso&quot;:&quot;64&quot;,&quot;shutter_speed&quot;:&quot;0.016666666666667&quot;,&quot;title&quot;:&quot;&quot;}\" data-image-title=\"Limpieza Terrenos linderos al Ferrocarril Belgrano\" data-image-description=\"&lt;p&gt;Limpieza Terrenos linderos al Ferrocarril Belgrano&lt;\/p&gt;\n\" data-image-caption=\"&lt;p&gt;Limpieza Terrenos linderos al Ferrocarril Belgrano&lt;\/p&gt;\n\" data-large-file=\"https:\/\/www.hoymercedes.com.ar\/principal\/wp-content\/uploads\/2011\/05\/ff-belgrano.jpg\" class=\"size-full wp-image-3944\" title=\"Limpieza Terrenos linderos al Ferrocarril Belgrano\" src=\"https:\/\/www.hoymercedes.com.ar\/principal\/wp-content\/uploads\/2011\/05\/ff-belgranoII.jpg\" alt=\"Limpieza Terrenos linderos al Ferrocarril Belgrano\" width=\"500\" height=\"375\" \/><\/a><figcaption id=\"caption-attachment-3944\" class=\"wp-caption-text\">Limpieza Terrenos linderos al Ferrocarril Belgrano<\/figcaption><\/figure>\n<\/div>\n<p>Vale la pena recordar que por dichos terrenos se han contruido a trav\u00e9s del tiempo variuos senderos o peque\u00f1as l\u00edneas de caminos que sirve para trasladarse desde 40 a 42 y viceversa, siendo muy utilizados por transe\u00fantes, bicicletas y hasta motos de diferentes cilindradas que de esa manera evitan tener que ir hasta la 29 o hasta la 15 para cruzar por donde se encuentran las barreras, resultando los alumnos de primaria y secundaria que por ejemplo concurren a la Escuela 10 o al Colegio Nacional los que m\u00e1s utilizan dichos senderos en esta \u00e9poca del a\u00f1o con el l\u00f3gico peligro que representa para la seguridad de os mismos los pastos que tienen una altura muy fuera de lo normal.<\/p>\n<p>&nbsp;<\/p>\n","protected":false},"excerpt":{"rendered":"<p>Desde este lunes personal perteneciente al municipio se encuentra avocado a la tarea de cortar los yuyos y eliminar las &#8230; <a title=\"Dieron comienzo tareas de limpieza en el ex Ferrocarril Belgrano\" class=\"read-more\" href=\"https:\/\/www.hoymercedes.com.ar\/principal\/2011\/05\/03\/dieron-comienzo-tareas-de-limpieza-en-el-ex-ferrocarril-belgrano\/\" aria-label=\"Leer m\u00e1s sobre Dieron comienzo tareas de limpieza en el ex Ferrocarril Belgrano\">Leer m\u00e1s<\/a><\/p>\n","protected":false},"author":1,"featured_media":0,"comment_status":"open","ping_status":"open","sticky":false,"template":"","format":"standard","meta":{"_monsterinsights_skip_tracking":false,"_monsterinsights_sitenote_active":false,"_monsterinsights_sitenote_note":"","_monsterinsights_sitenote_category":0,"jetpack_post_was_ever_published":false,"_jetpack_newsletter_access":"","_jetpack_dont_email_post_to_subs":false,"_jetpack_newsletter_tier_id":0,"_jetpack_memberships_contains_paywalled_content":false,"_jetpack_memberships_contains_paid_content":false,"footnotes":"","jetpack_publicize_message":"","jetpack_publicize_feature_enabled":true,"jetpack_social_post_already_shared":false,"jetpack_social_options":{"image_generator_settings":{"template":"highway","default_image_id":0,"font":"","enabled":false},"version":2},"_wpas_customize_per_network":false},"categories":[30],"tags":[762,761,197],"class_list":["post-3942","post","type-post","status-publish","format-standard","hentry","category-municipio","tag-desmalezamiento","tag-ferrocarril-belgrano","tag-municipalidad-de-mercedes","generate-columns","tablet-grid-50","mobile-grid-100","grid-parent","grid-50"],"jetpack_publicize_connections":[],"jetpack_featured_media_url":"","wps_subtitle":"","jetpack_sharing_enabled":true,"_links":{"self":[{"href":"https:\/\/www.hoymercedes.com.ar\/principal\/wp-json\/wp\/v2\/posts\/3942","targetHints":{"allow":["GET"]}}],"collection":[{"href":"https:\/\/www.hoymercedes.com.ar\/principal\/wp-json\/wp\/v2\/posts"}],"about":[{"href":"https:\/\/www.hoymercedes.com.ar\/principal\/wp-json\/wp\/v2\/types\/post"}],"author":[{"embeddable":true,"href":"https:\/\/www.hoymercedes.com.ar\/principal\/wp-json\/wp\/v2\/users\/1"}],"replies":[{"embeddable":true,"href":"https:\/\/www.hoymercedes.com.ar\/principal\/wp-json\/wp\/v2\/comments?post=3942"}],"version-history":[{"count":0,"href":"https:\/\/www.hoymercedes.com.ar\/principal\/wp-json\/wp\/v2\/posts\/3942\/revisions"}],"wp:attachment":[{"href":"https:\/\/www.hoymercedes.com.ar\/principal\/wp-json\/wp\/v2\/media?parent=3942"}],"wp:term":[{"taxonomy":"category","embeddable":true,"href":"https:\/\/www.hoymercedes.com.ar\/principal\/wp-json\/wp\/v2\/categories?post=3942"},{"taxonomy":"post_tag","embeddable":true,"href":"https:\/\/www.hoymercedes.com.ar\/principal\/wp-json\/wp\/v2\/tags?post=3942"}],"curies":[{"name":"wp","href":"https:\/\/api.w.org\/{rel}","templated":true}]}}