{"id":39429,"date":"2015-02-07T23:29:34","date_gmt":"2015-02-08T02:29:34","guid":{"rendered":"http:\/\/www.hoymercedes.com.ar\/principal\/?p=39429"},"modified":"2015-02-12T12:38:56","modified_gmt":"2015-02-12T15:38:56","slug":"bossio-253-familias-de-mercedes-fueron-sorteadas-para-su-credito-pro-cre-ar","status":"publish","type":"post","link":"https:\/\/www.hoymercedes.com.ar\/principal\/2015\/02\/07\/bossio-253-familias-de-mercedes-fueron-sorteadas-para-su-credito-pro-cre-ar\/","title":{"rendered":"Bossio: \u201c253 familias de mercedes fueron sorteadas para su cr\u00e9dito pro.cre.ar.\u201d"},"content":{"rendered":"<p><a href=\"https:\/\/www.hoymercedes.com.ar\/principal\/wp-content\/uploads\/2015\/02\/procrear-bossio.jpg\"><img loading=\"lazy\" decoding=\"async\" data-attachment-id=\"39358\" data-permalink=\"https:\/\/www.hoymercedes.com.ar\/principal\/2015\/02\/06\/895-familias-de-mercedes-participan-del-sorteo-de-procrear\/procrear-bossio\/#main\" data-orig-file=\"https:\/\/www.hoymercedes.com.ar\/principal\/wp-content\/uploads\/2015\/02\/procrear-bossio.jpg\" data-orig-size=\"620,348\" data-comments-opened=\"1\" data-image-meta=\"{&quot;aperture&quot;:&quot;0&quot;,&quot;credit&quot;:&quot;&quot;,&quot;camera&quot;:&quot;&quot;,&quot;caption&quot;:&quot;&quot;,&quot;created_timestamp&quot;:&quot;0&quot;,&quot;copyright&quot;:&quot;&quot;,&quot;focal_length&quot;:&quot;0&quot;,&quot;iso&quot;:&quot;0&quot;,&quot;shutter_speed&quot;:&quot;0&quot;,&quot;title&quot;:&quot;&quot;,&quot;orientation&quot;:&quot;0&quot;}\" data-image-title=\"procrear-bossio\" data-image-description=\"\" data-image-caption=\"\" data-large-file=\"https:\/\/www.hoymercedes.com.ar\/principal\/wp-content\/uploads\/2015\/02\/procrear-bossio.jpg\" class=\"Img2014 aligncenter wp-image-39358 size-full\" title=\"ProCreAr, Mercedes, procrear\" src=\"https:\/\/www.hoymercedes.com.ar\/principal\/wp-content\/uploads\/2015\/02\/procrear-bossio.jpg\" alt=\"procrear-bossio\" width=\"620\" height=\"348\" \/><\/a><\/p>\n<p><em><strong>Lo inform\u00f3 el titular de la ANSES, sobre una nueva instancia del programa de cr\u00e9ditos hipotecarios. En la provincia de Buenos Aires, las familias ganadoras fueron 32.043, quienes ya pueden sacar un turno en la web para ser atendidas en el Banco Hipotecario. Se sortearon las l\u00edneas Construcci\u00f3n, Refacci\u00f3n, Ampliaci\u00f3n y Terminaci\u00f3n, adem\u00e1s de Compra de terreno y construcci\u00f3n.<\/strong><\/em><\/p>\n<p>El Director Ejecutivo de la ANSES y Presidente de PRO.CRE.AR., Diego Bossio, inform\u00f3 que \u201cen el und\u00e9cimo sorteo de PRO.CRE.AR., que se llev\u00f3 a cabo ayer en Mar del Plata, 253 familias de Mercedes salieron sorteadas y ya est\u00e1n tramitando su cr\u00e9dito hipotecario\u201d. En la provincia de Buenos Aires, fueron 32.043 las familias ganadoras de un total de 114.066 inscriptas.<\/p>\n<p>\u201cPRO.CRE.AR. es una realidad innegable, un programa que cumple el sue\u00f1o de la casa propia a miles de argentinos. Adem\u00e1s, genera trabajo genuino para miles de compatriotas. Y para que haya absoluta transparencia, la Presidenta tom\u00f3 la decisi\u00f3n de que los sorteos se efect\u00faen a trav\u00e9s de Loter\u00eda Nacional y sean transmitidos por la Televisi\u00f3n P\u00fablica\u201d, agreg\u00f3 Bossio.<\/p>\n<p>Luego de finalizado el sorteo, los participantes recibieron un correo electr\u00f3nico enviado por la ANSES en el que se les inform\u00f3 su resultado. Los ganadores deber\u00e1n ingresar en www.procrear.anses.gob.ar para solicitar un turno de atenci\u00f3n en el Banco Hipotecario.<\/p>\n<p>PRO.CRE.AR. cumple el sue\u00f1o de la casa propia y tambi\u00e9n dinamiza la econom\u00eda y genera miles de puestos de trabajo. As\u00ed, por cada casa que se construye se generan m\u00e1s de 3 puestos de trabajo directos y se crean m\u00e1s de 6 puestos indirectos aproximadamente cada 10 viviendas.<\/p>\n<p><strong>Descripci\u00f3n de las l\u00edneas de cr\u00e9dito<\/strong><\/p>\n<p>Construcci\u00f3n est\u00e1 destinada a aquellas familias que cuenten con un terreno propio o de un familiar directo y que deseen acceder a un cr\u00e9dito hipotecario para la construcci\u00f3n de una vivienda \u00fanica, familiar y de ocupaci\u00f3n permanente. La construcci\u00f3n de la vivienda puede ser en base a un proyecto propio o de alguno de los prototipos de vivienda que pone a disposici\u00f3n el Programa. Se recuerda que en esta l\u00ednea de PRO.CRE.AR. se financia \u00fanicamente la construcci\u00f3n de la vivienda.<\/p>\n<p>En tanto, Refacci\u00f3n\/ Ampliaci\u00f3n \/ Terminaci\u00f3n est\u00e1n destinadas a familias que cuentan con una vivienda, ya sea en un terreno propio o de un familiar directo (padre, hijo, c\u00f3nyuge o concubino\/a), y que deseen hacer mejoras en la vivienda (sin ampliar metros) como instalaciones de red, alba\u00f1iler\u00eda, techos y revestimientos, compra de artefactos y equipamiento; o bien ampliarla o terminarla. Dichas l\u00edneas responden a tasas que van desde 2% al 11%, plazos de hasta 15 a\u00f1os y montos de hasta $260.000. Para la ampliaci\u00f3n, la vivienda no podr\u00e1 superar los 50 m2; para la terminaci\u00f3n, los 150 m2.<\/p>\n<p>Por su parte, Compra de Terreno y Construcci\u00f3n est\u00e1 destinada a familias que a\u00fan no disponen de un terreno y quieren construir su vivienda \u00fanica, familiar y de ocupaci\u00f3n permanente. Esta l\u00ednea de cr\u00e9dito tiene como objetivo financiar la compra de hasta el 100% del valor del terreno y hasta el 100% del proyecto de obra restante sin superar los montos m\u00e1ximos establecidos para esta l\u00ednea. El dise\u00f1o de la vivienda a construir debe corresponder a uno de los modelos de casas que PRO.CRE.AR. ofrece en forma gratuita a sus beneficiarios. Esto permite ahorrar tiempo y costos en la realizaci\u00f3n de la obra.<\/p>\n<p>Importante: el hecho de haber obtenido un turno en los sorteos no garantiza la efectiva obtenci\u00f3n del cr\u00e9dito, el cual estar\u00e1 sujeto al efectivo cumplimiento de las pol\u00edticas crediticias del programa en un plazo de 90 d\u00edas corridos desde la publicaci\u00f3n de los resultados del sorteo.<\/p>\n","protected":false},"excerpt":{"rendered":"<p>Lo inform\u00f3 el titular de la ANSES, sobre una nueva instancia del programa de cr\u00e9ditos hipotecarios. En la provincia de &#8230; <a title=\"Bossio: \u201c253 familias de mercedes fueron sorteadas para su cr\u00e9dito pro.cre.ar.\u201d\" class=\"read-more\" href=\"https:\/\/www.hoymercedes.com.ar\/principal\/2015\/02\/07\/bossio-253-familias-de-mercedes-fueron-sorteadas-para-su-credito-pro-cre-ar\/\" aria-label=\"Leer m\u00e1s sobre Bossio: \u201c253 familias de mercedes fueron sorteadas para su cr\u00e9dito pro.cre.ar.\u201d\">Leer m\u00e1s<\/a><\/p>\n","protected":false},"author":1,"featured_media":0,"comment_status":"open","ping_status":"open","sticky":false,"template":"","format":"standard","meta":{"_monsterinsights_skip_tracking":false,"_monsterinsights_sitenote_active":false,"_monsterinsights_sitenote_note":"","_monsterinsights_sitenote_category":0,"jetpack_post_was_ever_published":false,"_jetpack_newsletter_access":"","_jetpack_dont_email_post_to_subs":false,"_jetpack_newsletter_tier_id":0,"_jetpack_memberships_contains_paywalled_content":false,"_jetpack_memberships_contains_paid_content":false,"footnotes":"","jetpack_publicize_message":"","jetpack_publicize_feature_enabled":true,"jetpack_social_post_already_shared":true,"jetpack_social_options":{"image_generator_settings":{"template":"highway","default_image_id":0,"font":"","enabled":false},"version":2},"_wpas_customize_per_network":false},"categories":[5],"tags":[3702,3392,6905],"class_list":["post-39429","post","type-post","status-publish","format-standard","hentry","category-politica","tag-diego-bossio","tag-procrear-mercedes","tag-sorteos-procrear","generate-columns","tablet-grid-50","mobile-grid-100","grid-parent","grid-50"],"jetpack_publicize_connections":[],"jetpack_featured_media_url":"","wps_subtitle":"Und\u00e9cimo sorteo en Loter\u00eda Nacional","jetpack_sharing_enabled":true,"jetpack-related-posts":[{"id":33973,"url":"https:\/\/www.hoymercedes.com.ar\/principal\/2014\/06\/17\/275-familias-de-mercedes-comienzan-a-tramitar-credito-procrear\/","url_meta":{"origin":39429,"position":0},"title":"275 Familias de Mercedes comienzan a tramitar cr\u00e9dito ProCreAr","author":"hoymercedes","date":"17 junio, 2014","format":false,"excerpt":"\u00a0 (Anses) Luego del noveno sorteo realizado en la Loter\u00eda Nacional, 275 familias de Mercedes resultaron sorteadas para iniciar sus tr\u00e1mites ante el Banco Hipotecario, y de esta manera, acceder a los cr\u00e9ditos de viviendas dePRO.CRE.AR. BICENTENARIO. En todo el pa\u00eds, 137.925 personas fueron sorteadas. El Director Ejecutivo de la\u2026","rel":"","context":"En \u00abSociedad\u00bb","block_context":{"text":"Sociedad","link":"https:\/\/www.hoymercedes.com.ar\/principal\/category\/sociedad\/"},"img":{"alt_text":"bossio-construccion","src":"https:\/\/i0.wp.com\/www.hoymercedes.com.ar\/principal\/wp-content\/uploads\/2014\/06\/bossio-construccion.jpg?resize=350%2C200","width":350,"height":200,"srcset":"https:\/\/i0.wp.com\/www.hoymercedes.com.ar\/principal\/wp-content\/uploads\/2014\/06\/bossio-construccion.jpg?resize=350%2C200 1x, https:\/\/i0.wp.com\/www.hoymercedes.com.ar\/principal\/wp-content\/uploads\/2014\/06\/bossio-construccion.jpg?resize=525%2C300 1.5x"},"classes":[]},{"id":31889,"url":"https:\/\/www.hoymercedes.com.ar\/principal\/2014\/04\/16\/procrear-mercedes-516-familias-accedieron-a-la-primera-vivienda\/","url_meta":{"origin":39429,"position":1},"title":"ProCreAr Mercedes: 516 familias accedieron a la primera vivienda","author":"hoymercedes","date":"16 abril, 2014","format":false,"excerpt":"(Anses) Desde su presentaci\u00f3n en junio de 2012, el Programa Cr\u00e9dito Argentino del Bicentenario para la Vivienda \u00danica Familiar (PRO.CRE.AR.) puso en marcha en Mercedes 516 viviendas. De ese total, 274 pertenecen a familias con terreno propio y las 242 restantes, al Desarrollo Urban\u00edstico para aquellas que no poseen uno.\u2026","rel":"","context":"En \u00abSociedad\u00bb","block_context":{"text":"Sociedad","link":"https:\/\/www.hoymercedes.com.ar\/principal\/category\/sociedad\/"},"img":{"alt_text":"procrear","src":"https:\/\/i0.wp.com\/www.hoymercedes.com.ar\/principal\/wp-content\/uploads\/2014\/04\/procrear.jpg?resize=350%2C200","width":350,"height":200,"srcset":"https:\/\/i0.wp.com\/www.hoymercedes.com.ar\/principal\/wp-content\/uploads\/2014\/04\/procrear.jpg?resize=350%2C200 1x, https:\/\/i0.wp.com\/www.hoymercedes.com.ar\/principal\/wp-content\/uploads\/2014\/04\/procrear.jpg?resize=525%2C300 1.5x"},"classes":[]},{"id":33478,"url":"https:\/\/www.hoymercedes.com.ar\/principal\/2014\/06\/02\/bossio-237-familias-pro-cre-ar-de-mercedes-se-anotaron-en-el-sorteo-del-10-de-junio\/","url_meta":{"origin":39429,"position":2},"title":"Bossio: \u201c237 Familias Pro.Cre.Ar de Mercedes se anotaron en el sorteo del 10 de junio\u00bb","author":"hoymercedes","date":"2 junio, 2014","format":false,"excerpt":"Las l\u00edneas que se sortear\u00e1n ser\u00e1n las de Construcci\u00f3n, Ampliaci\u00f3n\/Terminaci\u00f3n y Refacci\u00f3n. Aquellos interesados tienen tiempo hasta el pr\u00f3ximo martes para inscribirse a trav\u00e9s de la p\u00e1gina web del programa de cr\u00e9ditos hipotecarios. En toda la provincia de Buenos Aires ya son 50.878 las familias que participar\u00e1n. \u201cEl pr\u00f3ximo martes\u2026","rel":"","context":"En \u00abSociedad\u00bb","block_context":{"text":"Sociedad","link":"https:\/\/www.hoymercedes.com.ar\/principal\/category\/sociedad\/"},"img":{"alt_text":"diegobossio","src":"https:\/\/i0.wp.com\/www.hoymercedes.com.ar\/principal\/wp-content\/uploads\/2014\/06\/diegobossio.jpg?resize=350%2C200","width":350,"height":200,"srcset":"https:\/\/i0.wp.com\/www.hoymercedes.com.ar\/principal\/wp-content\/uploads\/2014\/06\/diegobossio.jpg?resize=350%2C200 1x, https:\/\/i0.wp.com\/www.hoymercedes.com.ar\/principal\/wp-content\/uploads\/2014\/06\/diegobossio.jpg?resize=525%2C300 1.5x"},"classes":[]},{"id":39357,"url":"https:\/\/www.hoymercedes.com.ar\/principal\/2015\/02\/06\/895-familias-de-mercedes-participan-del-sorteo-de-procrear\/","url_meta":{"origin":39429,"position":3},"title":"895 familias de Mercedes participan del sorteo de ProCreAr","author":"hoymercedes","date":"6 febrero, 2015","format":false,"excerpt":"Se realizar\u00e1 en la ciudad de Mar del Plata a trav\u00e9s de Loter\u00eda Nacional con transmisi\u00f3n en vivo de la Televisi\u00f3n P\u00fablica. Se sortean las l\u00edneas Construcci\u00f3n, Refacci\u00f3n, Ampliaci\u00f3n y Terminaci\u00f3n, adem\u00e1s de Compra de terreno y construcci\u00f3n. Ma\u00f1ana viernes 6 de febrero se llevar\u00e1 a cabo en la ciudad\u2026","rel":"","context":"En \u00abPol\u00edtica\u00bb","block_context":{"text":"Pol\u00edtica","link":"https:\/\/www.hoymercedes.com.ar\/principal\/category\/politica\/"},"img":{"alt_text":"procrear-bossio","src":"https:\/\/i0.wp.com\/www.hoymercedes.com.ar\/principal\/wp-content\/uploads\/2015\/02\/procrear-bossio.jpg?resize=350%2C200","width":350,"height":200,"srcset":"https:\/\/i0.wp.com\/www.hoymercedes.com.ar\/principal\/wp-content\/uploads\/2015\/02\/procrear-bossio.jpg?resize=350%2C200 1x, https:\/\/i0.wp.com\/www.hoymercedes.com.ar\/principal\/wp-content\/uploads\/2015\/02\/procrear-bossio.jpg?resize=525%2C300 1.5x"},"classes":[]},{"id":33698,"url":"https:\/\/www.hoymercedes.com.ar\/principal\/2014\/06\/08\/diego-bossio-411-familias-de-mercedes-participaran-del-noveno-sorteo-de-pro-crear\/","url_meta":{"origin":39429,"position":4},"title":"Diego Bossio: \u201c411 familias de Mercedes participar\u00e1n del noveno sorteo de Pro.CreAr\u00bb","author":"hoymercedes","date":"8 junio, 2014","format":false,"excerpt":"El\u00a0pr\u00f3ximo\u00a0sorteo\u00a0de ProCre Ar se realizar\u00e1 en Loter\u00eda Nacional y ser\u00e1 transmitido en vivo a trav\u00e9s de la Televisi\u00f3n\u00a0P\u00fablica y las webs de la ANSES y T\u00e9lam a partir las 8 de la ma\u00f1ana. El pr\u00f3ximo martes 10 de junio se llevar\u00e1 a cabo el noveno sorteo de PRO.CRE.AR. BICENTENARIO. En\u2026","rel":"","context":"En \u00abPol\u00edtica\u00bb","block_context":{"text":"Pol\u00edtica","link":"https:\/\/www.hoymercedes.com.ar\/principal\/category\/politica\/"},"img":{"alt_text":"DiegoBossio","src":"https:\/\/i0.wp.com\/www.hoymercedes.com.ar\/principal\/wp-content\/uploads\/2014\/06\/DiegoBossio.jpg?resize=350%2C200","width":350,"height":200,"srcset":"https:\/\/i0.wp.com\/www.hoymercedes.com.ar\/principal\/wp-content\/uploads\/2014\/06\/DiegoBossio.jpg?resize=350%2C200 1x, https:\/\/i0.wp.com\/www.hoymercedes.com.ar\/principal\/wp-content\/uploads\/2014\/06\/DiegoBossio.jpg?resize=525%2C300 1.5x"},"classes":[]},{"id":38507,"url":"https:\/\/www.hoymercedes.com.ar\/principal\/2014\/12\/16\/diego-bossio-evidentemente-habia-una-necesidad-al-entregar-113-jubilaciones-en-mercedes\/","url_meta":{"origin":39429,"position":5},"title":"Diego Bossio: \u201cevidentemente hab\u00eda una necesidad\u201d, al entregar 113 jubilaciones en Mercedes","author":"hoymercedes","date":"16 diciembre, 2014","format":false,"excerpt":"Son 1000 en Mercedes en el \u00faltimo tiempo. El m\u00e1ximo responsable del ANSES visit\u00f3 Mercedes y estuvo en el Club Estudiantes. Dialog\u00f3 con los medios y llev\u00f3 a cabo la entrega de beneficios a quienes se jubilaron recientemente. M\u00e1s de 100 Mercedinos se acumulan y en esta ocasi\u00f3n se entreg\u00f3\u2026","rel":"","context":"En \u00abSociedad\u00bb","block_context":{"text":"Sociedad","link":"https:\/\/www.hoymercedes.com.ar\/principal\/category\/sociedad\/"},"img":{"alt_text":"Juan Ustarroz, Diego Bossio, Mercedes, Fernando San Pedro","src":"https:\/\/i0.wp.com\/www.hoymercedes.com.ar\/principal\/wp-content\/uploads\/2014\/12\/BossioMercedes-2014.jpg?resize=350%2C200","width":350,"height":200,"srcset":"https:\/\/i0.wp.com\/www.hoymercedes.com.ar\/principal\/wp-content\/uploads\/2014\/12\/BossioMercedes-2014.jpg?resize=350%2C200 1x, https:\/\/i0.wp.com\/www.hoymercedes.com.ar\/principal\/wp-content\/uploads\/2014\/12\/BossioMercedes-2014.jpg?resize=525%2C300 1.5x"},"classes":[]}],"_links":{"self":[{"href":"https:\/\/www.hoymercedes.com.ar\/principal\/wp-json\/wp\/v2\/posts\/39429","targetHints":{"allow":["GET"]}}],"collection":[{"href":"https:\/\/www.hoymercedes.com.ar\/principal\/wp-json\/wp\/v2\/posts"}],"about":[{"href":"https:\/\/www.hoymercedes.com.ar\/principal\/wp-json\/wp\/v2\/types\/post"}],"author":[{"embeddable":true,"href":"https:\/\/www.hoymercedes.com.ar\/principal\/wp-json\/wp\/v2\/users\/1"}],"replies":[{"embeddable":true,"href":"https:\/\/www.hoymercedes.com.ar\/principal\/wp-json\/wp\/v2\/comments?post=39429"}],"version-history":[{"count":0,"href":"https:\/\/www.hoymercedes.com.ar\/principal\/wp-json\/wp\/v2\/posts\/39429\/revisions"}],"wp:attachment":[{"href":"https:\/\/www.hoymercedes.com.ar\/principal\/wp-json\/wp\/v2\/media?parent=39429"}],"wp:term":[{"taxonomy":"category","embeddable":true,"href":"https:\/\/www.hoymercedes.com.ar\/principal\/wp-json\/wp\/v2\/categories?post=39429"},{"taxonomy":"post_tag","embeddable":true,"href":"https:\/\/www.hoymercedes.com.ar\/principal\/wp-json\/wp\/v2\/tags?post=39429"}],"curies":[{"name":"wp","href":"https:\/\/api.w.org\/{rel}","templated":true}]}}