{"id":39437,"date":"2015-02-09T00:07:51","date_gmt":"2015-02-09T03:07:51","guid":{"rendered":"http:\/\/www.hoymercedes.com.ar\/principal\/?p=39437"},"modified":"2015-02-12T12:42:38","modified_gmt":"2015-02-12T15:42:38","slug":"ruta-n41-otra-vez-escenario-de-un-accidente","status":"publish","type":"post","link":"https:\/\/www.hoymercedes.com.ar\/principal\/2015\/02\/09\/ruta-n41-otra-vez-escenario-de-un-accidente\/","title":{"rendered":"Ruta N\u00b041: otra vez escenario de un accidente"},"content":{"rendered":"<p><a href=\"https:\/\/www.hoymercedes.com.ar\/principal\/wp-content\/uploads\/2015\/02\/accidente-r41.jpg\"><img loading=\"lazy\" decoding=\"async\" data-attachment-id=\"39440\" data-permalink=\"https:\/\/www.hoymercedes.com.ar\/principal\/2015\/02\/09\/ruta-n41-otra-vez-escenario-de-un-accidente\/accidente-r41\/#main\" data-orig-file=\"https:\/\/www.hoymercedes.com.ar\/principal\/wp-content\/uploads\/2015\/02\/accidente-r41.jpg\" data-orig-size=\"620,417\" data-comments-opened=\"1\" data-image-meta=\"{&quot;aperture&quot;:&quot;0&quot;,&quot;credit&quot;:&quot;&quot;,&quot;camera&quot;:&quot;&quot;,&quot;caption&quot;:&quot;&quot;,&quot;created_timestamp&quot;:&quot;0&quot;,&quot;copyright&quot;:&quot;&quot;,&quot;focal_length&quot;:&quot;0&quot;,&quot;iso&quot;:&quot;0&quot;,&quot;shutter_speed&quot;:&quot;0&quot;,&quot;title&quot;:&quot;&quot;,&quot;orientation&quot;:&quot;0&quot;}\" data-image-title=\"accidente-r41\" data-image-description=\"\" data-image-caption=\"\" data-large-file=\"https:\/\/www.hoymercedes.com.ar\/principal\/wp-content\/uploads\/2015\/02\/accidente-r41.jpg\" class=\"Img2014 aligncenter wp-image-39440 size-full\" title=\"Accidente Ruta N\u00b041\" src=\"https:\/\/www.hoymercedes.com.ar\/principal\/wp-content\/uploads\/2015\/02\/accidente-r41.jpg\" alt=\"accidente-r41\" width=\"620\" height=\"417\" \/><\/a><\/p>\n<p><em><strong>La Ruta Provincial N\u00b041 fue nuevamente escenario de un accidente de tr\u00e1nsito. En esta ocasi\u00f3n no fue sobre nuestra jurisdicci\u00f3n, pero, si la v\u00eda que tanto utilizamos los mercedinos y que suma un nuevo choque, siendo, los contabilizados en la zona, seis en diez d\u00edas.<\/strong><\/em><\/p>\n<p>En esta ocasi\u00f3n se trat\u00f3 del choque entre dos autom\u00f3viles y una camioneta. Hubo heridos atendidos en el hospital de San Antonio de Areco. El accidente fue antes de las 19.oohs, cerca del Aeroclub del lugar, en el tramo Areco &#8211; Villa Lia, tambi\u00e9n cercanos al cruce de RP41 y RP31, que es de tierra.<\/p>\n<p>La noticia gener\u00f3 una nueva preoupaci\u00f3n a los integrante de la Uni\u00f3n de Usuarios Viales, en especial al representante de San Antonio de Areno, Guillermo Guevara, referente con fluido di\u00e1logo y accionar con los mercedinos Mosso y Retegui, entre otros.<\/p>\n<p>La preocupaci\u00f3n es constante. Esta ruta es un camino muy transitado, pero, como vemos, la inseguridad que presenta sigue siendo enorme.<\/p>\n<p>&nbsp;<\/p>\n","protected":false},"excerpt":{"rendered":"<p>La Ruta Provincial N\u00b041 fue nuevamente escenario de un accidente de tr\u00e1nsito. En esta ocasi\u00f3n no fue sobre nuestra jurisdicci\u00f3n, &#8230; <a title=\"Ruta N\u00b041: otra vez escenario de un accidente\" class=\"read-more\" href=\"https:\/\/www.hoymercedes.com.ar\/principal\/2015\/02\/09\/ruta-n41-otra-vez-escenario-de-un-accidente\/\" aria-label=\"Leer m\u00e1s sobre Ruta N\u00b041: otra vez escenario de un accidente\">Leer m\u00e1s<\/a><\/p>\n","protected":false},"author":1,"featured_media":0,"comment_status":"open","ping_status":"open","sticky":false,"template":"","format":"standard","meta":{"_monsterinsights_skip_tracking":false,"_monsterinsights_sitenote_active":false,"_monsterinsights_sitenote_note":"","_monsterinsights_sitenote_category":0,"jetpack_post_was_ever_published":false,"_jetpack_newsletter_access":"","_jetpack_dont_email_post_to_subs":false,"_jetpack_newsletter_tier_id":0,"_jetpack_memberships_contains_paywalled_content":false,"_jetpack_memberships_contains_paid_content":false,"footnotes":"","jetpack_publicize_message":"","jetpack_publicize_feature_enabled":true,"jetpack_social_post_already_shared":true,"jetpack_social_options":{"image_generator_settings":{"template":"highway","default_image_id":0,"font":"","enabled":false},"version":2},"_wpas_customize_per_network":false},"categories":[8],"tags":[942,2427],"class_list":["post-39437","post","type-post","status-publish","format-standard","hentry","category-sociedad","tag-accidente-ruta-41","tag-san-antonio-de-areco","generate-columns","tablet-grid-50","mobile-grid-100","grid-parent","grid-50"],"jetpack_publicize_connections":[],"jetpack_featured_media_url":"","wps_subtitle":"6 accidentes en 10 d\u00edas","jetpack_sharing_enabled":true,"_links":{"self":[{"href":"https:\/\/www.hoymercedes.com.ar\/principal\/wp-json\/wp\/v2\/posts\/39437","targetHints":{"allow":["GET"]}}],"collection":[{"href":"https:\/\/www.hoymercedes.com.ar\/principal\/wp-json\/wp\/v2\/posts"}],"about":[{"href":"https:\/\/www.hoymercedes.com.ar\/principal\/wp-json\/wp\/v2\/types\/post"}],"author":[{"embeddable":true,"href":"https:\/\/www.hoymercedes.com.ar\/principal\/wp-json\/wp\/v2\/users\/1"}],"replies":[{"embeddable":true,"href":"https:\/\/www.hoymercedes.com.ar\/principal\/wp-json\/wp\/v2\/comments?post=39437"}],"version-history":[{"count":0,"href":"https:\/\/www.hoymercedes.com.ar\/principal\/wp-json\/wp\/v2\/posts\/39437\/revisions"}],"wp:attachment":[{"href":"https:\/\/www.hoymercedes.com.ar\/principal\/wp-json\/wp\/v2\/media?parent=39437"}],"wp:term":[{"taxonomy":"category","embeddable":true,"href":"https:\/\/www.hoymercedes.com.ar\/principal\/wp-json\/wp\/v2\/categories?post=39437"},{"taxonomy":"post_tag","embeddable":true,"href":"https:\/\/www.hoymercedes.com.ar\/principal\/wp-json\/wp\/v2\/tags?post=39437"}],"curies":[{"name":"wp","href":"https:\/\/api.w.org\/{rel}","templated":true}]}}