{"id":39473,"date":"2015-02-10T08:32:00","date_gmt":"2015-02-10T11:32:00","guid":{"rendered":"http:\/\/www.hoymercedes.com.ar\/principal\/?p=39473"},"modified":"2015-02-10T08:32:25","modified_gmt":"2015-02-10T11:32:25","slug":"39473","status":"publish","type":"post","link":"https:\/\/www.hoymercedes.com.ar\/principal\/2015\/02\/10\/39473\/","title":{"rendered":"Muri\u00f3 la mujer salvajemente golpeada cuyo hijo est\u00e1 detenido"},"content":{"rendered":"<p><em><strong>Falleci\u00f3, tras m\u00e1s de un mes de internaci\u00f3n, Noem\u00ed Zunino de Milesi, de 74 a\u00f1os de edad, quien fuera brutalmente golpeada y por tal situaci\u00f3n se encuentra detenido su hijo bajo investigaci\u00f3n judicial de los hechos. Todo sucedi\u00f3 el pasado 28 de diciembre, pero, se conoci\u00f3 tiempo despu\u00e9s. Noemi Zunino de Milesi ten\u00eda 74 a\u00f1os de edad.<\/strong><\/em><\/p>\n<p>La causa est\u00e1 caratulada como \u201cLesiones graves calificadas por el v\u00ednculo\u201d, con intervenci\u00f3n de la UFI N\u00ba 3 a cargo del doctor Pedro Illanes. Fueron las pericias m\u00e9dicas las que alertaron la cuesti\u00f3n y la justicia tras o\u00edr al hijo decidi\u00f3 dejarlo detenido mientras investiga si tiene algo que ver, si fue \u00e9l quien le propin\u00f3 la golpiza o no.<\/p>\n<p>Berta Noem\u00ed Zunino de Milesi fue encontrada brutalmente golpeada y as\u00ed fue que se la traslad\u00f3 a la Cl\u00ednica de nuestra ciudad, donde estuvo en un estado complejo de salud hasta que el pasado domingo falleciera. Su hijo, el abogado Marcelo Milesi, de 46, fue quien dio las explicaciones de c\u00f3mo encontr\u00f3 a su madre, narraci\u00f3n que no conform\u00f3 a la polic\u00eda ni a la justicia y es por ello que a\u00fan hoy se encuentra alojado en la comisar\u00eda de calle 37.<\/p>\n<p>Sin resolverse de momento el estado judicial del hijo, se estima que la muerte de Berta podr\u00eda modificar el tema, d\u00e1ndole mayor gravedad a la potencial acusaci\u00f3n judicial que lleva adelante el fiscal Illanez.<\/p>\n<p>&nbsp;<\/p>\n<p>&nbsp;<\/p>\n","protected":false},"excerpt":{"rendered":"<p>Falleci\u00f3, tras m\u00e1s de un mes de internaci\u00f3n, Noem\u00ed Zunino de Milesi, de 74 a\u00f1os de edad, quien fuera brutalmente &#8230; <a title=\"Muri\u00f3 la mujer salvajemente golpeada cuyo hijo est\u00e1 detenido\" class=\"read-more\" href=\"https:\/\/www.hoymercedes.com.ar\/principal\/2015\/02\/10\/39473\/\" aria-label=\"Leer m\u00e1s sobre Muri\u00f3 la mujer salvajemente golpeada cuyo hijo est\u00e1 detenido\">Leer m\u00e1s<\/a><\/p>\n","protected":false},"author":1,"featured_media":0,"comment_status":"open","ping_status":"open","sticky":false,"template":"","format":"standard","meta":{"_monsterinsights_skip_tracking":false,"_monsterinsights_sitenote_active":false,"_monsterinsights_sitenote_note":"","_monsterinsights_sitenote_category":0,"jetpack_post_was_ever_published":false,"_jetpack_newsletter_access":"","_jetpack_dont_email_post_to_subs":false,"_jetpack_newsletter_tier_id":0,"_jetpack_memberships_contains_paywalled_content":false,"_jetpack_memberships_contains_paid_content":false,"footnotes":"","jetpack_publicize_message":"","jetpack_publicize_feature_enabled":true,"jetpack_social_post_already_shared":true,"jetpack_social_options":{"image_generator_settings":{"template":"highway","default_image_id":0,"font":"","enabled":false},"version":2},"_wpas_customize_per_network":false},"categories":[85],"tags":[4647,6914,6915],"class_list":["post-39473","post","type-post","status-publish","format-standard","hentry","category-policial","tag-asesinato","tag-fallecio-noemi-zunino-de-milesi","tag-marcelo-milesi","generate-columns","tablet-grid-50","mobile-grid-100","grid-parent","grid-50"],"jetpack_publicize_connections":[],"jetpack_featured_media_url":"","wps_subtitle":"Investiga la justicia y la polic\u00eda ","jetpack_sharing_enabled":true,"_links":{"self":[{"href":"https:\/\/www.hoymercedes.com.ar\/principal\/wp-json\/wp\/v2\/posts\/39473","targetHints":{"allow":["GET"]}}],"collection":[{"href":"https:\/\/www.hoymercedes.com.ar\/principal\/wp-json\/wp\/v2\/posts"}],"about":[{"href":"https:\/\/www.hoymercedes.com.ar\/principal\/wp-json\/wp\/v2\/types\/post"}],"author":[{"embeddable":true,"href":"https:\/\/www.hoymercedes.com.ar\/principal\/wp-json\/wp\/v2\/users\/1"}],"replies":[{"embeddable":true,"href":"https:\/\/www.hoymercedes.com.ar\/principal\/wp-json\/wp\/v2\/comments?post=39473"}],"version-history":[{"count":0,"href":"https:\/\/www.hoymercedes.com.ar\/principal\/wp-json\/wp\/v2\/posts\/39473\/revisions"}],"wp:attachment":[{"href":"https:\/\/www.hoymercedes.com.ar\/principal\/wp-json\/wp\/v2\/media?parent=39473"}],"wp:term":[{"taxonomy":"category","embeddable":true,"href":"https:\/\/www.hoymercedes.com.ar\/principal\/wp-json\/wp\/v2\/categories?post=39473"},{"taxonomy":"post_tag","embeddable":true,"href":"https:\/\/www.hoymercedes.com.ar\/principal\/wp-json\/wp\/v2\/tags?post=39473"}],"curies":[{"name":"wp","href":"https:\/\/api.w.org\/{rel}","templated":true}]}}