{"id":39476,"date":"2015-02-10T14:56:24","date_gmt":"2015-02-10T17:56:24","guid":{"rendered":"http:\/\/www.hoymercedes.com.ar\/principal\/?p=39476"},"modified":"2015-02-10T15:28:22","modified_gmt":"2015-02-10T18:28:22","slug":"ustarroz-gestiono-el-arribo-del-programa-sonrisa-para-todos-de-asistencia-gratuita","status":"publish","type":"post","link":"https:\/\/www.hoymercedes.com.ar\/principal\/2015\/02\/10\/ustarroz-gestiono-el-arribo-del-programa-sonrisa-para-todos-de-asistencia-gratuita\/","title":{"rendered":"Ustarroz gestion\u00f3 el arribo del programa \u00abSonrisa para todos\u00bb de asistencia odontol\u00f3gica gratuita"},"content":{"rendered":"<p><a href=\"https:\/\/www.hoymercedes.com.ar\/principal\/wp-content\/uploads\/2015\/02\/desarrollosocial-mercedes.jpg\"><img loading=\"lazy\" decoding=\"async\" data-attachment-id=\"39477\" data-permalink=\"https:\/\/www.hoymercedes.com.ar\/principal\/2015\/02\/10\/ustarroz-gestiono-el-arribo-del-programa-sonrisa-para-todos-de-asistencia-gratuita\/desarrollosocial-mercedes\/#main\" data-orig-file=\"https:\/\/www.hoymercedes.com.ar\/principal\/wp-content\/uploads\/2015\/02\/desarrollosocial-mercedes.jpg\" data-orig-size=\"620,420\" data-comments-opened=\"1\" data-image-meta=\"{&quot;aperture&quot;:&quot;0&quot;,&quot;credit&quot;:&quot;&quot;,&quot;camera&quot;:&quot;&quot;,&quot;caption&quot;:&quot;&quot;,&quot;created_timestamp&quot;:&quot;0&quot;,&quot;copyright&quot;:&quot;&quot;,&quot;focal_length&quot;:&quot;0&quot;,&quot;iso&quot;:&quot;0&quot;,&quot;shutter_speed&quot;:&quot;0&quot;,&quot;title&quot;:&quot;&quot;,&quot;orientation&quot;:&quot;0&quot;}\" data-image-title=\"desarrollosocial-mercedes\" data-image-description=\"\" data-image-caption=\"\" data-large-file=\"https:\/\/www.hoymercedes.com.ar\/principal\/wp-content\/uploads\/2015\/02\/desarrollosocial-mercedes.jpg\" class=\"Img2014 aligncenter wp-image-39477 size-full\" src=\"https:\/\/www.hoymercedes.com.ar\/principal\/wp-content\/uploads\/2015\/02\/desarrollosocial-mercedes.jpg\" alt=\"desarrollosocial-mercedes\" width=\"620\" height=\"420\" \/><\/a><\/p>\n<p><em><strong>Todos los vecinos que lo necesiten podr\u00e1n inscribirse a partir de este mi\u00e9rcoles en el programa \u2018Argentina Sonr\u00ede\u2019 de asistencia odontol\u00f3gica gratuita, implementado por el Ministerio de Salud de la Naci\u00f3n, que llegar\u00e1 a nuestra ciudad tras gestiones del bloque de concejales del Frente Mercedino para la Victoria, presidido por Juan Ignacio Ustarroz.<\/strong><\/em><\/p>\n<p>\u201cEstamos realmente muy contentos por la r\u00e1pida respuesta que hemos tenido desde el Ministerio de Salud nacional para la llegada de este programa, que ser\u00e1 muy beneficioso para todos los vecinos de nuestra ciudad\u201d, adelant\u00f3 Juani Ustarroz<\/p>\n<p>\u201cLas gestiones para el arribo a la ciudad de \u2018Argentina Sonr\u00ede\u2019 van en el camino de nuestra preocupaci\u00f3n permanente por la salud p\u00fablica de todos los vecinos. Del mismo modo que desde nuestro espacio hemos trabajado incansablemente para el crecimiento del hospital Blas Dubarry, o lo que fue hace unos meses la llegada del programa de cirug\u00edas reconstructivas gratuitas \u2018Patria Solidaria\u2019, por dar dos ejemplos, la salud dental es tambi\u00e9n una prioridad y este plan viene a dar la cobertura necesaria\u201d, agreg\u00f3 el concejal.<\/p>\n<p>En Mercedes, el programa estar\u00e1 articulado justamente con el servicio odontol\u00f3gico del hospital Dubarry y el Centro de Referencia del Ministerio de Desarrollo Social nacional.<\/p>\n<p>En principio, los vecinos interesados deber\u00e1n presentarse a partir de ma\u00f1ana en el Centro de Referencia (2 y 11, ex instituto Mart\u00edn Rodr\u00edguez), de lunes a viernes de 8 a 15. All\u00ed les dar\u00e1n un turno para asistir al hospital Blas Dubarry, donde los especialistas har\u00e1n un diagn\u00f3stico que ser\u00e1 entregado al servicio m\u00e9dico del programa propiamente dicho.<\/p>\n<p>Las atenciones se har\u00e1n en camiones especialmente equipados para el desarrollo del plan, que se instalar\u00e1n en el play\u00f3n de la vieja estaci\u00f3n La Trocha (avenida 40 y calle 21), a partir del mi\u00e9rcoles de la semana pr\u00f3xima (17 de febrero). Los pacientes tendr\u00e1n tambi\u00e9n un sistema de turnos predeterminados por una cuesti\u00f3n de organizaci\u00f3n.<\/p>\n<p>\u201cLo que queremos es que el programa llegue a cada uno de los mercedinos que lo necesite, por eso vamos a trabajar fuertemente para optimizar tiempo y recursos y vamos a darle toda la difusi\u00f3n que sea necesaria, a trav\u00e9s de los medios de comunicaci\u00f3n y tambi\u00e9n pedimos la ayuda de la propia gente, que informe a su vecino de la existencia de este plan en nuestra ciudad para que pueda aprovecharlo\u201d, explic\u00f3 Ustarroz.<\/p>\n<p>\u201cDe todos modos, est\u00e1n hechas las gestiones anticipadas para garantizarnos que los camiones de \u2018Argentina Sonr\u00ede\u2019 est\u00e9n en nuestra ciudad hasta que sea necesario y no quede un solo vecino con necesidades insatisfechas respecto de su salud dental\u201d, agreg\u00f3.<\/p>\n<p>\u2018Argentina Sonr\u00ede\u2019, lanzado por la presidenta de la Naci\u00f3n, Cristina Fern\u00e1ndez de Kirchner, a finales del a\u00f1o pasado, est\u00e1 pensado para que los sectores m\u00e1s vulnerables del pa\u00eds puedan acceder a un servicio odontol\u00f3gico de calidad que, como dijo el presidente de los concejales del Frente Mercedino, \u201cen much\u00edsimos casos son muy caros\u201d.<\/p>\n<p>El objetivo estrat\u00e9gico del plan \u00abArgentina sonr\u00ede\u00bb es \u00abllevar atenci\u00f3n en salud bucodental a los lugares m\u00e1s rec\u00f3nditos de la geograf\u00eda argentina asegurando el acceso universal al derecho a la salud de cada ciudadano\u00bb. Las unidades m\u00f3viles sanitarias con especialidad odontol\u00f3gica dise\u00f1adas y provistas de equipamiento con tecnolog\u00eda m\u00e9dica rob\u00f3tica 3D, estar\u00e1n realizando, prevenci\u00f3n, atenci\u00f3n y rehabilitaci\u00f3n bucodental<\/p>\n<p>El programa podr\u00e1 realizar pr\u00e1cticas como limpieza, arreglo de caries, tratamiento de conducto, extracciones dentales y esc\u00e1ner con colocaci\u00f3n de pr\u00f3tesis fijas y removibles.<\/p>\n<p>&nbsp;<\/p>\n<p>\u201cEl plan no solamente incluye herramientas de \u00faltima tecnolog\u00eda sino tambi\u00e9n un gran recurso humano, con especialistas de primer nivel. Ojal\u00e1 tengamos una convocatoria importante y podamos garantizar que el operativo llegue a cada uno de los rincones de nuestra ciudad, como est\u00e1 sucediendo desde hace casi dos meses con el programa de salud comunitaria con distintas especialidades m\u00e9dicas\u201d, concluy\u00f3 Ustarroz.<\/p>\n<p>&nbsp;<\/p>\n<p>&nbsp;<\/p>\n<p>&nbsp;<\/p>\n","protected":false},"excerpt":{"rendered":"<p>Todos los vecinos que lo necesiten podr\u00e1n inscribirse a partir de este mi\u00e9rcoles en el programa \u2018Argentina Sonr\u00ede\u2019 de asistencia &#8230; <a title=\"Ustarroz gestion\u00f3 el arribo del programa \u00abSonrisa para todos\u00bb de asistencia odontol\u00f3gica gratuita\" class=\"read-more\" href=\"https:\/\/www.hoymercedes.com.ar\/principal\/2015\/02\/10\/ustarroz-gestiono-el-arribo-del-programa-sonrisa-para-todos-de-asistencia-gratuita\/\" aria-label=\"Leer m\u00e1s sobre Ustarroz gestion\u00f3 el arribo del programa \u00abSonrisa para todos\u00bb de asistencia odontol\u00f3gica gratuita\">Leer m\u00e1s<\/a><\/p>\n","protected":false},"author":1,"featured_media":0,"comment_status":"open","ping_status":"open","sticky":false,"template":"","format":"standard","meta":{"_monsterinsights_skip_tracking":false,"_monsterinsights_sitenote_active":false,"_monsterinsights_sitenote_note":"","_monsterinsights_sitenote_category":0,"jetpack_post_was_ever_published":false,"_jetpack_newsletter_access":"","_jetpack_dont_email_post_to_subs":false,"_jetpack_newsletter_tier_id":0,"_jetpack_memberships_contains_paywalled_content":false,"_jetpack_memberships_contains_paid_content":false,"footnotes":"","jetpack_publicize_message":"","jetpack_publicize_feature_enabled":true,"jetpack_social_post_already_shared":true,"jetpack_social_options":{"image_generator_settings":{"template":"highway","default_image_id":0,"font":"","enabled":false},"version":2},"_wpas_customize_per_network":false},"categories":[5],"tags":[6916,424],"class_list":["post-39476","post","type-post","status-publish","format-standard","hentry","category-politica","tag-sonrisa-para-todos","tag-ustarroz","generate-columns","tablet-grid-50","mobile-grid-100","grid-parent","grid-50"],"jetpack_publicize_connections":[],"jetpack_featured_media_url":"","wps_subtitle":"Beneficio social ","jetpack_sharing_enabled":true,"jetpack-related-posts":[{"id":41291,"url":"https:\/\/www.hoymercedes.com.ar\/principal\/2015\/04\/29\/programa-argentina-sonrie-los-primeros-inscriptos-ya-tuvieron-el-alta-odontologica\/","url_meta":{"origin":39476,"position":0},"title":"Programa Argentina Sonr\u00ede: los primeros inscriptos ya tuvieron el alta odontol\u00f3gica","author":"hoymercedes","date":"29 abril, 2015","format":false,"excerpt":"El programa de asistencia odontol\u00f3gica gratuita \u201cArgentina Sonr\u00ede\u201d, implementado por el Ministerio de Salud de la Naci\u00f3n y cuya llegada a nuestra ciudad fue gestionada por el presidente del bloque de concejales del Frente Mercedino para la Victoria, Juan Ignacio Ustarroz, ya comenz\u00f3 a dar de alta a los primeros\u2026","rel":"","context":"En \u00abSociedad\u00bb","block_context":{"text":"Sociedad","link":"https:\/\/www.hoymercedes.com.ar\/principal\/category\/sociedad\/"},"img":{"alt_text":"","src":"https:\/\/i0.wp.com\/www.hoymercedes.com.ar\/principal\/wp-content\/uploads\/2015\/04\/Argentina.Sonrie.jpg?resize=350%2C200&ssl=1","width":350,"height":200,"srcset":"https:\/\/i0.wp.com\/www.hoymercedes.com.ar\/principal\/wp-content\/uploads\/2015\/04\/Argentina.Sonrie.jpg?resize=350%2C200&ssl=1 1x, https:\/\/i0.wp.com\/www.hoymercedes.com.ar\/principal\/wp-content\/uploads\/2015\/04\/Argentina.Sonrie.jpg?resize=525%2C300&ssl=1 1.5x"},"classes":[]},{"id":43315,"url":"https:\/\/www.hoymercedes.com.ar\/principal\/2015\/07\/23\/programa-argentina-sonrie-entrego-su-primera-protesis-completa-en-mercedes\/","url_meta":{"origin":39476,"position":1},"title":"Programa \u00abArgentina sonr\u00ede\u00bb entrego su primera pr\u00f3tesis completa en mercedes","author":"hoymercedes","date":"23 julio, 2015","format":false,"excerpt":"El programa nacional de asistencia odontol\u00f3gica gratuita \u201cArgentina Sonr\u00ede\u201d, que funciona desde febrero de este a\u00f1o en el predio recuperado de la vieja estaci\u00f3n Trocha y lleg\u00f3 a nuestra ciudad despu\u00e9s de gestiones del presidente del bloque de concejales y precandidato a intendente del Frente Mercedino para la Victoria, Juan\u2026","rel":"","context":"En \u00abSociedad\u00bb","block_context":{"text":"Sociedad","link":"https:\/\/www.hoymercedes.com.ar\/principal\/category\/sociedad\/"},"img":{"alt_text":"","src":"https:\/\/i0.wp.com\/www.hoymercedes.com.ar\/principal\/wp-content\/uploads\/2015\/07\/ustarroz.jpg?resize=350%2C200&ssl=1","width":350,"height":200,"srcset":"https:\/\/i0.wp.com\/www.hoymercedes.com.ar\/principal\/wp-content\/uploads\/2015\/07\/ustarroz.jpg?resize=350%2C200&ssl=1 1x, https:\/\/i0.wp.com\/www.hoymercedes.com.ar\/principal\/wp-content\/uploads\/2015\/07\/ustarroz.jpg?resize=525%2C300&ssl=1 1.5x"},"classes":[]},{"id":46956,"url":"https:\/\/www.hoymercedes.com.ar\/principal\/2016\/01\/25\/ustarroz-gestiono-la-continuidad-del-programa-argentina-sonrie\/","url_meta":{"origin":39476,"position":2},"title":"Ustarroz gestion\u00f3 la continuidad del programa \u00abArgentina Sonr\u00ede\u00bb","author":"hoymercedes","date":"25 enero, 2016","format":false,"excerpt":"A ra\u00edz del cambio de gobierno en todos los niveles el Programa Nacional Argentina Sonr\u00ede hab\u00eda quedado sin efecto y solamente en nuestra ciudad hay m\u00e1s de 100 pacientes que no ten\u00edan finalizado el tratamiento. Argentina Sonr\u00ede es un Programa Nacional que brinda atenci\u00f3n odontol\u00f3gica a todas aquellas personas que\u2026","rel":"","context":"En \u00abMunicipio\u00bb","block_context":{"text":"Municipio","link":"https:\/\/www.hoymercedes.com.ar\/principal\/category\/municipio\/"},"img":{"alt_text":"","src":"https:\/\/i0.wp.com\/www.hoymercedes.com.ar\/principal\/wp-content\/uploads\/2015\/04\/Argentina.Sonrie.jpg?resize=350%2C200&ssl=1","width":350,"height":200,"srcset":"https:\/\/i0.wp.com\/www.hoymercedes.com.ar\/principal\/wp-content\/uploads\/2015\/04\/Argentina.Sonrie.jpg?resize=350%2C200&ssl=1 1x, https:\/\/i0.wp.com\/www.hoymercedes.com.ar\/principal\/wp-content\/uploads\/2015\/04\/Argentina.Sonrie.jpg?resize=525%2C300&ssl=1 1.5x"},"classes":[]},{"id":47563,"url":"https:\/\/www.hoymercedes.com.ar\/principal\/2016\/03\/04\/con-recursos-municipales-continuara-el-programa-argentina-sonrie\/","url_meta":{"origin":39476,"position":3},"title":"Con recursos municipales continuar\u00e1 el programa \u00abArgentina Sonr\u00ede\u00bb","author":"hoymercedes","date":"4 marzo, 2016","format":false,"excerpt":"Luego de la suspensi\u00f3n del Plan \u201cArgentina Sonr\u00ede\u201d, muchos vecinos de la ciudad de quedaron con la mitad del tratamiento realizado, y otros con turnos asignados que nunca fueron atendidos. Ante esta preocupaci\u00f3n el Jefe Comunal Dr. Ustarroz se moviliz\u00f3 a las \u00e1reas del nuevo gobierno nacional para destrabar esta\u2026","rel":"","context":"En \u00abSociedad\u00bb","block_context":{"text":"Sociedad","link":"https:\/\/www.hoymercedes.com.ar\/principal\/category\/sociedad\/"},"img":{"alt_text":"Ustarroz-Casiani","src":"https:\/\/i0.wp.com\/www.hoymercedes.com.ar\/principal\/wp-content\/uploads\/2016\/03\/Ustarroz-Casiani-630x420.jpg?resize=350%2C200","width":350,"height":200,"srcset":"https:\/\/i0.wp.com\/www.hoymercedes.com.ar\/principal\/wp-content\/uploads\/2016\/03\/Ustarroz-Casiani-630x420.jpg?resize=350%2C200 1x, https:\/\/i0.wp.com\/www.hoymercedes.com.ar\/principal\/wp-content\/uploads\/2016\/03\/Ustarroz-Casiani-630x420.jpg?resize=525%2C300 1.5x"},"classes":[]},{"id":52772,"url":"https:\/\/www.hoymercedes.com.ar\/principal\/2016\/07\/22\/presentaron-programa-municipal-de-salud-odontologica\/","url_meta":{"origin":39476,"position":4},"title":"Presentaron Programa Municipal de Salud Odontol\u00f3gica","author":"hoymercedes","date":"22 julio, 2016","format":false,"excerpt":"En la ma\u00f1ana de este viernes, el Intendente Municipal Juan Ignacio Ustarroz y el Secretario de Salud Pablo Cassiani, presentaron el Programa Municipal de Salud Odontol\u00f3gica. Este programa incluye tres planes: Mercedes Sonr\u00ede, la creaci\u00f3n de consultorios odontol\u00f3gicos en los CAPS y un convenio con la UNLP para que j\u00f3venes\u2026","rel":"","context":"En \u00abMunicipio\u00bb","block_context":{"text":"Municipio","link":"https:\/\/www.hoymercedes.com.ar\/principal\/category\/municipio\/"},"img":{"alt_text":"","src":"https:\/\/i0.wp.com\/www.hoymercedes.com.ar\/principal\/wp-content\/uploads\/2016\/07\/22-mercedes-sonrie-2.jpg?resize=350%2C200&ssl=1","width":350,"height":200},"classes":[]},{"id":41001,"url":"https:\/\/www.hoymercedes.com.ar\/principal\/2015\/04\/21\/41001\/","url_meta":{"origin":39476,"position":5},"title":"Vecinos recibieron anteojos gratuitos del Ministerio de Salud de la Naci\u00f3n","author":"hoymercedes","date":"21 abril, 2015","format":false,"excerpt":"Unos 40 vecinos de diferentes barrios de nuestra ciudad recibieron anteojos gratuitos que les fueron recetados durante el operativo que, gestionado por el presidente del bloque de concejales del Frente para la Victoria, Juan Ignacio Ustarroz, realizaron recientemente equipos del Ministerio de Salud de la Naci\u00f3n en puntos estrat\u00e9gicos de\u2026","rel":"","context":"En \u00abPol\u00edtica\u00bb","block_context":{"text":"Pol\u00edtica","link":"https:\/\/www.hoymercedes.com.ar\/principal\/category\/politica\/"},"img":{"alt_text":"","src":"https:\/\/i0.wp.com\/www.hoymercedes.com.ar\/principal\/wp-content\/uploads\/2015\/04\/anteojos-ustarroz-desarrollosocial.jpg?resize=350%2C200&ssl=1","width":350,"height":200,"srcset":"https:\/\/i0.wp.com\/www.hoymercedes.com.ar\/principal\/wp-content\/uploads\/2015\/04\/anteojos-ustarroz-desarrollosocial.jpg?resize=350%2C200&ssl=1 1x, https:\/\/i0.wp.com\/www.hoymercedes.com.ar\/principal\/wp-content\/uploads\/2015\/04\/anteojos-ustarroz-desarrollosocial.jpg?resize=525%2C300&ssl=1 1.5x"},"classes":[]}],"_links":{"self":[{"href":"https:\/\/www.hoymercedes.com.ar\/principal\/wp-json\/wp\/v2\/posts\/39476","targetHints":{"allow":["GET"]}}],"collection":[{"href":"https:\/\/www.hoymercedes.com.ar\/principal\/wp-json\/wp\/v2\/posts"}],"about":[{"href":"https:\/\/www.hoymercedes.com.ar\/principal\/wp-json\/wp\/v2\/types\/post"}],"author":[{"embeddable":true,"href":"https:\/\/www.hoymercedes.com.ar\/principal\/wp-json\/wp\/v2\/users\/1"}],"replies":[{"embeddable":true,"href":"https:\/\/www.hoymercedes.com.ar\/principal\/wp-json\/wp\/v2\/comments?post=39476"}],"version-history":[{"count":0,"href":"https:\/\/www.hoymercedes.com.ar\/principal\/wp-json\/wp\/v2\/posts\/39476\/revisions"}],"wp:attachment":[{"href":"https:\/\/www.hoymercedes.com.ar\/principal\/wp-json\/wp\/v2\/media?parent=39476"}],"wp:term":[{"taxonomy":"category","embeddable":true,"href":"https:\/\/www.hoymercedes.com.ar\/principal\/wp-json\/wp\/v2\/categories?post=39476"},{"taxonomy":"post_tag","embeddable":true,"href":"https:\/\/www.hoymercedes.com.ar\/principal\/wp-json\/wp\/v2\/tags?post=39476"}],"curies":[{"name":"wp","href":"https:\/\/api.w.org\/{rel}","templated":true}]}}