{"id":39485,"date":"2015-02-10T22:36:32","date_gmt":"2015-02-11T01:36:32","guid":{"rendered":"http:\/\/www.hoymercedes.com.ar\/principal\/?p=39485"},"modified":"2015-02-10T22:37:55","modified_gmt":"2015-02-11T01:37:55","slug":"scioli-en-mercedes-inauguro-ips-entrego-escrituras-y-realizo-anuncios","status":"publish","type":"post","link":"https:\/\/www.hoymercedes.com.ar\/principal\/2015\/02\/10\/scioli-en-mercedes-inauguro-ips-entrego-escrituras-y-realizo-anuncios\/","title":{"rendered":"Scioli en Mercedes inaugur\u00f3 IPS, entreg\u00f3 escrituras y realiz\u00f3 anuncios"},"content":{"rendered":"<p><a href=\"https:\/\/www.hoymercedes.com.ar\/principal\/wp-content\/uploads\/2015\/02\/Scioli-Mercedes087.jpg\"><img loading=\"lazy\" decoding=\"async\" data-attachment-id=\"39486\" data-permalink=\"https:\/\/www.hoymercedes.com.ar\/principal\/2015\/02\/10\/scioli-en-mercedes-inauguro-ips-entrego-escrituras-y-realizo-anuncios\/scioli-mercedes087\/#main\" data-orig-file=\"https:\/\/www.hoymercedes.com.ar\/principal\/wp-content\/uploads\/2015\/02\/Scioli-Mercedes087.jpg\" data-orig-size=\"620,465\" data-comments-opened=\"1\" data-image-meta=\"{&quot;aperture&quot;:&quot;3.1&quot;,&quot;credit&quot;:&quot;&quot;,&quot;camera&quot;:&quot;COOLPIX L310&quot;,&quot;caption&quot;:&quot;&quot;,&quot;created_timestamp&quot;:&quot;1423685336&quot;,&quot;copyright&quot;:&quot;&quot;,&quot;focal_length&quot;:&quot;4.5&quot;,&quot;iso&quot;:&quot;400&quot;,&quot;shutter_speed&quot;:&quot;0.0333333333333&quot;,&quot;title&quot;:&quot;&quot;,&quot;orientation&quot;:&quot;0&quot;}\" data-image-title=\"Scioli-Mercedes087\" data-image-description=\"\" data-image-caption=\"\" data-large-file=\"https:\/\/www.hoymercedes.com.ar\/principal\/wp-content\/uploads\/2015\/02\/Scioli-Mercedes087.jpg\" class=\"Img2014 aligncenter wp-image-39486 size-full\" title=\"Daniel Scioli en Mercdes, Wado de Pedro, Alak, Casal, Ustarroz, Espa\u00f1a\" src=\"https:\/\/www.hoymercedes.com.ar\/principal\/wp-content\/uploads\/2015\/02\/Scioli-Mercedes087.jpg\" alt=\"Scioli-Mercedes087\" width=\"620\" height=\"465\" \/><\/a><\/p>\n<p>El Gobernador de la Provincia de Buenos Aires, Daniel Scioli, estuvo nuevamente en Mercedes y efectu\u00f3 una recorrida por diversos espacios. Primero lo hizo en la avanzada construcci\u00f3n del Centro de Formaci\u00f3n Laboral N\u00b01 de calle 38 y 47. Luego a las nuevas oficinas del Instituto de Previsi\u00f3n Social ubicado en avenida 30 entre 29 y 31 y finalmente en la Sociedad Italiana donde entreg\u00f3 escrituras. Estuvieron presentes el Ministro de Justicia y Derechos Humanos de la Naci\u00f3n, Julio Alak, el Diputado Nacional Eduardo \u201cWado\u201d De Pedro, el Ministro de Justicia de la Provincia Ricardo Casal, la Directora de Cultura y Educaci\u00f3n de la Provincia, Nora de Lucia, El Diputado Provincial Alberto Espa\u00f1a, el Titular del IPS Mariano Cascallares, el presidente del bloque de concejales del Frente Mercedino Juan Ustarroz y los ediles Juan Pablo L\u00f3pez, Marianela Arenillas y Matias Dematei, entre militantes, voluntades y vecinos.<\/p>\n<p><strong>Centro de Formaci\u00f3n<\/strong><\/p>\n<p>En el edificio en construcci\u00f3n del Centro de Formaci\u00f3n Laboral efectuaron una recorrida por las obras que despliega la Naci\u00f3n y que contar\u00e1 con servicios educativos provinciales. Nora De Lucia, Directora de Cultura y Educaci\u00f3n bonarense explic\u00f3 al gobernador y los presentes los detalles de la misma as\u00ed como tambi\u00e9n las prestaciones educativas a brindar. Lo hizo acompa\u00f1ada por referentes educativos locales<\/p>\n<p><strong>IPS<\/strong><\/p>\n<p>Las oficinas del Instituto de Previsi\u00f3n Social fueron inauguradas en av. 30 y ya \u00e9sta semana empiezan a funcionar para que los mercedinos realicen tr\u00e1mites de pensiones y jubilaciones. Efectu\u00f3 una recorrida, le explicaron las funciones y junto a Cascalleres el gobernador Scioli inaugur\u00f3 el espacio. Siempre acompa\u00f1ado por los mencionados funcionarios, diputados, concejales, etc. En esta ocasi\u00f3n fuera del local estuvieron militantes del pre candidato a intendente Pablo Perazzo d\u00e1ndole una arenga, con el naranja y pancartas. Tambi\u00e9n enfermeras del Hospital Dubarry y representantes de Sociedades de Fomento.<\/p>\n<p><strong>Escrituras a mercedinos<\/strong><\/p>\n<p>En el \u00e1mbito del sal\u00f3n de la Sociedad Italiana con un sal\u00f3n repleto de mercedinos, entre los beneficiarios y adherentes se llevaron a cabo las locuciones de los pol\u00edticos y funcionarios. Las casi 170 familias mercedinas que recibieron la escritura de los terrenos y viviendas realizadas por planes provinciales vivieron los acontecimientos primero con una entrega simb\u00f3lica y luego ya sin los funcionarios continuaron hasta cada uno llevarse los documentos de propiedad.<\/p>\n<p><a href=\"https:\/\/www.hoymercedes.com.ar\/principal\/wp-content\/uploads\/2015\/02\/Scioli-Mercedes060.jpg\"><img loading=\"lazy\" decoding=\"async\" data-attachment-id=\"39487\" data-permalink=\"https:\/\/www.hoymercedes.com.ar\/principal\/2015\/02\/10\/scioli-en-mercedes-inauguro-ips-entrego-escrituras-y-realizo-anuncios\/scioli-mercedes060\/#main\" data-orig-file=\"https:\/\/www.hoymercedes.com.ar\/principal\/wp-content\/uploads\/2015\/02\/Scioli-Mercedes060.jpg\" data-orig-size=\"620,465\" data-comments-opened=\"1\" data-image-meta=\"{&quot;aperture&quot;:&quot;3.8&quot;,&quot;credit&quot;:&quot;&quot;,&quot;camera&quot;:&quot;COOLPIX L310&quot;,&quot;caption&quot;:&quot;&quot;,&quot;created_timestamp&quot;:&quot;1423684427&quot;,&quot;copyright&quot;:&quot;&quot;,&quot;focal_length&quot;:&quot;10.2&quot;,&quot;iso&quot;:&quot;400&quot;,&quot;shutter_speed&quot;:&quot;0.0333333333333&quot;,&quot;title&quot;:&quot;&quot;,&quot;orientation&quot;:&quot;0&quot;}\" data-image-title=\"Scioli-Mercedes060\" data-image-description=\"\" data-image-caption=\"\" data-large-file=\"https:\/\/www.hoymercedes.com.ar\/principal\/wp-content\/uploads\/2015\/02\/Scioli-Mercedes060.jpg\" class=\"Img2014 aligncenter wp-image-39487 size-full\" title=\"Wado de Pedo y Daniel Scioli\" src=\"https:\/\/www.hoymercedes.com.ar\/principal\/wp-content\/uploads\/2015\/02\/Scioli-Mercedes060.jpg\" alt=\"Scioli-Mercedes060\" width=\"620\" height=\"465\" \/><\/a><\/p>\n<p><strong>Las palabras<\/strong><\/p>\n<p>El gobernador Daniel Scioli ante los presentes expres\u00f3: <em>\u201cpensaba, si Juani, siendo concejal logra todo esto, cu\u00e1nto har\u00e1 si es intendente consiguiendo cosas para la ciudad (\u2026)\u00a0 para m\u00ed es un gusto volver a estar en Mercedes y compartir con ustedes y estas 171 familias que vamos a entregar t\u00edtulos despu\u00e9s de15 a\u00f1os de incertidumbre e intranquilidad, de no poder tener la escritura que les pertenece. Para m\u00ed es muy importante acompa\u00f1ado con el Ministro Casal que desde el primer d\u00eda de mi mandato me acompa\u00f1a y le dije que era una prioridad entregar 212 mil escrituras como lo hemos hecho. Creo que tener la escritura fortalece la familia que es una pieza fundamental de la sociedad (\u2026) hace a la seguridad social, institucional, como ese proyecto que impulsa la Presidenta de la Naci\u00f3n donde ladrillo por ladrillo se trabaja y en ese programa maravilloso que es el ProCreAr que es un gran dinamizador de nuestra econom\u00eda que ayuda especialmente al interior y es una oportunidad y que adem\u00e1s permiti\u00f3 recuperar la cultura del cr\u00e9dito pensado a 30 a\u00f1os. Cuando ve\u00edamos otros pa\u00edses a\u00f1or\u00e1ndolo ahora decimos en Argentina se ha abierto el cr\u00e9dito porque es un pa\u00eds que se va desendeudando no s\u00f3lo en t\u00e9rminos econ\u00f3micos, sino desde el punto de vista social y se me vienen a la cabeza nuestros jubilados, con un proyecto grande que cuida y respeta a su gente grande, donde hay m\u00e1s de 3 millones y medios de jubilados incluidos y en este caso con el IPS que cuando iniciamos la gesti\u00f3n hab\u00eda 7 y hoy inauguramos la sede n\u00famero 75 (\u2026) este es el cambio del Estado y respetar el tiempo de ustedes, por eso trabamos permanentemente en acercar el Estado (\u2026) hemos recorrido una gran obra que permitir\u00e1 la formaci\u00f3n de los chicos, porque capacidades diferentes no pueden ser oportunidades diferentes y este es un proyecto nacional que va sembrando y brindando oportunidades y que nadie se quede atr\u00e1s y de eso se trata y eso vemos en Mercedes, con nuestros compa\u00f1eros, como Espa\u00f1a, desde la C\u00e1mara de Diputados y un referentes para los j\u00f3venes como es el Diputado \u201cWado\u201d De Pedro donde decimos que tengamos m\u00e1s esperanza que nunca los argentinos que cuando nos quieran sembrar miedo y desesperanza nosotros tenemos la inquebrantable voluntad de la mayor\u00eda del pueblo argentino queriendo cambiar el pa\u00eds como estos, que son los cambios posibles, desde pol\u00edticas nacionales que le dan inmensas oportunidades a una provincia como la nuestra que ve la re industrializaci\u00f3n, que se reabren las f\u00e1bricas, que las ciudades crecen y progresan y podemos ordenar ese crecimiento\u201d, <\/em>entre otros conceptos donde remarc\u00f3 la tarea de los funcionarios y pol\u00edticos presentes que poseen <em>\u201ccompromiso y lucha desde hace a\u00f1os, como Julio Alak que ha interpretado que es lo necesario para mejorar la calidad de vida y el dise\u00f1o urbano, porque cuando vemos edificios p\u00fablicos y explotaciones productivas, como las mineras en Tandil, y que es necesario re ubicarlas, como en este caso que muchas veces se dice y no se cumple, ahora cumpli\u00f3 y ya est\u00e1 en camino la mudanza de la penitenciar\u00eda (Unidad N\u00b05 a Agote), por eso, familia de Mercedes, un saludo afectuosos y es un gusto trabajar para generar \u00e9stas respuestas y soluciones concretas y llegar al coraz\u00f3n de cada familia y barrios como ac\u00e1 en Mercedes\u201d.<\/em><\/p>\n<p>El Diputado Nacional y mercedino Eduardo \u201cWado\u201d De Pedro, ante los presentes, expres\u00f3: <em>\u201cquiero agradecer como mercedino profundamente al gobernador que sigue viniendo a nuestra ciudad y apostando a que los mercedinos solucionemos estos peque\u00f1os problemas que son grandes para nosotros, reales (\u2026) queremos agradecer a la Presidenta de la Naci\u00f3n en nombre de Alak, Ministro de Justicia, que nos acompa\u00f1\u00f3 apoyando el proyecto joven all\u00e1 en 2011 y justo \u00e9l que fue intendente muy joven y siempre nos ha dado consejos, fuerza y apoyado para que tengamos un proyecto de ciudad y esa energ\u00eda que se necesita para tener un proyecto inclusivo para todos los mercedinos (\u2026) en una ciudad hermosa y con un potencial impresionante. Nosotros trabajando, desde aquel 2010, venimos tratando de combinar, un proyecto nacional, con su gesti\u00f3n nacional, provincial y municipal tambi\u00e9n para que juntos tengamos una ciudad mejor donde podamos ser m\u00e1s felices y para terminar quiero decirles que esta sinergia, esta fuerza en trabajar permanentemente, como lo hace Daniel, Julio, los funcionarios para nosotros es el legado que nos dej\u00f3 N\u00e9stor Kirchner y nos deja Cristina Fern\u00e1ndez de Kirchner que trabajan incansablemente para que nuestro pueblo pueda ser feliz\u201d.<\/em><\/p>\n<p>Por su parte y quien abri\u00f3 el camino de los oradores el Diputado Alberto Espa\u00f1a sostuvo<em>: \u201cestuvimos recorriendo un poco la ciudad con el gobernador (\u2026) mi intervenci\u00f3n es para agradecer en principio a Daniel Scioli que ha tenido la deferencia de visitarnos, con algunos anuncios e inauguraciones, en su relaci\u00f3n constante y contin\u00faa por la ciudad, por su estado, recorriendo tambi\u00e9n palmo a palmo la provincia con su conocido cari\u00f1o por Mercedes (\u2026) Saludar al Ministro Alak, al Ministro Casal, un amigo de la casa (\u2026) la provincia de Buenos Aires en el mandato de Daniel Scioli ha entregado m\u00e1s de 200 mil escrituras sociales\u00a0 siendo un paradigma mostrando un gran trabajo y desempe\u00f1o de la provincia en los 135 distritos. Sabemos que la tierra es una problem\u00e1tica del pa\u00eds. Este es el camino, con hechos concretos, dejando un gran trabajo (\u2026) a partir de ahora, con esta entrega, que son m\u00e1s de 170, se ha avanzado much\u00edsimo. Quiero agradecer tambi\u00e9n a Mariano Cascallares, responsable del Instituto de Previsi\u00f3n Social que ha tenido una labor muy importante, dando hoy un\u00a0 avance en beneficio de todos los jubilados y pensionados de la ciudad. Mercedes tiene una composici\u00f3n muy importante de trabajos vinculados a la provincia de Buenos Aires y esta instalaci\u00f3n a pedido del concejal Juan Ustarroz va a dar continuidad a tr\u00e1mites, m\u00e1s eficiencia y concentrando actividades que eran antes muy engorrosos realiz\u00e1ndolos en La Plata.\u00a0 La atenci\u00f3n va\u00a0 a ser a partir de ma\u00f1ana para todos. Gracias en particular a todos ustedes la presencia.\u201d.<\/em><\/p>\n<p><strong>Visita y anuncios<\/strong><\/p>\n<p>De esta manera, una vez m\u00e1s, el gobernador Scioli llev\u00f3 a cabo una nueva visita a Mercedes, recorri\u00f3 obras, inaugur\u00f3 la sede del IPS y firm\u00f3 junto al Ministro Casal el traspaso de 20 hect\u00e1reas para construir una nueva unidad penitenciaria que ser\u00e1 para trasladar la Unidad N\u00b05 y re ubicarla quedando al lado del terreno en que se especula se construir\u00e1 la nueva c\u00e1rcel federal. Tambi\u00e9n se sostuvo se elevar\u00e1n 200 viviendas para quienes all\u00ed, miembros del Servicio Penitenciario, vayan a vivir. (se informa aparte con m\u00e1s detalles \u00e9stos anuncios)<\/p>\n<div class=\"tiled-gallery type-rectangular tiled-gallery-unresized\" data-original-width=\"1200\" data-carousel-extra='{&quot;blog_id&quot;:1,&quot;permalink&quot;:&quot;https:\\\/\\\/www.hoymercedes.com.ar\\\/principal\\\/2015\\\/02\\\/10\\\/scioli-en-mercedes-inauguro-ips-entrego-escrituras-y-realizo-anuncios\\\/&quot;,&quot;likes_blog_id&quot;:50631561}' itemscope itemtype=\"http:\/\/schema.org\/ImageGallery\" > <div class=\"gallery-row\" style=\"width: 1200px; height: 601px;\" data-original-width=\"1200\" data-original-height=\"601\" > <div class=\"gallery-group images-1\" style=\"width: 800px; height: 601px;\" data-original-width=\"800\" data-original-height=\"601\" > <div class=\"tiled-gallery-item tiled-gallery-item-large\" itemprop=\"associatedMedia\" itemscope itemtype=\"http:\/\/schema.org\/ImageObject\"> <a href=\"https:\/\/www.hoymercedes.com.ar\/principal\/2015\/02\/10\/scioli-en-mercedes-inauguro-ips-entrego-escrituras-y-realizo-anuncios\/scioli-mercedes005\/#main\" border=\"0\" itemprop=\"url\"> <meta itemprop=\"width\" content=\"796\"> <meta itemprop=\"height\" content=\"597\"> <img decoding=\"async\" class=\"\" data-attachment-id=\"39488\" data-orig-file=\"https:\/\/www.hoymercedes.com.ar\/principal\/wp-content\/uploads\/2015\/02\/Scioli-Mercedes005.jpg\" data-orig-size=\"620,465\" data-comments-opened=\"1\" data-image-meta=\"{&quot;aperture&quot;:&quot;3.1&quot;,&quot;credit&quot;:&quot;&quot;,&quot;camera&quot;:&quot;COOLPIX L310&quot;,&quot;caption&quot;:&quot;&quot;,&quot;created_timestamp&quot;:&quot;1423682312&quot;,&quot;copyright&quot;:&quot;&quot;,&quot;focal_length&quot;:&quot;4.5&quot;,&quot;iso&quot;:&quot;400&quot;,&quot;shutter_speed&quot;:&quot;0.0333333333333&quot;,&quot;title&quot;:&quot;&quot;,&quot;orientation&quot;:&quot;0&quot;}\" data-image-title=\"Scioli-Mercedes005\" data-image-description=\"\" data-medium-file=\"https:\/\/www.hoymercedes.com.ar\/principal\/wp-content\/uploads\/2015\/02\/Scioli-Mercedes005.jpg\" data-large-file=\"https:\/\/www.hoymercedes.com.ar\/principal\/wp-content\/uploads\/2015\/02\/Scioli-Mercedes005.jpg\" src=\"https:\/\/i0.wp.com\/www.hoymercedes.com.ar\/principal\/wp-content\/uploads\/2015\/02\/Scioli-Mercedes005.jpg?w=796&#038;h=597&#038;ssl=1\" width=\"796\" height=\"597\" loading=\"lazy\" data-original-width=\"796\" data-original-height=\"597\" itemprop=\"http:\/\/schema.org\/image\" title=\"Scioli-Mercedes005\" alt=\"Scioli-Mercedes005\" style=\"width: 796px; height: 597px;\" \/> <\/a> <\/div> <\/div> <!-- close group --> <div class=\"gallery-group images-2\" style=\"width: 400px; height: 601px;\" data-original-width=\"400\" data-original-height=\"601\" > <div class=\"tiled-gallery-item tiled-gallery-item-large\" itemprop=\"associatedMedia\" itemscope itemtype=\"http:\/\/schema.org\/ImageObject\"> <a href=\"https:\/\/www.hoymercedes.com.ar\/principal\/2015\/02\/10\/scioli-en-mercedes-inauguro-ips-entrego-escrituras-y-realizo-anuncios\/scioli-mercedes006\/#main\" border=\"0\" itemprop=\"url\"> <meta itemprop=\"width\" content=\"396\"> <meta itemprop=\"height\" content=\"297\"> <img decoding=\"async\" class=\"\" data-attachment-id=\"39489\" data-orig-file=\"https:\/\/www.hoymercedes.com.ar\/principal\/wp-content\/uploads\/2015\/02\/Scioli-Mercedes006.jpg\" data-orig-size=\"620,465\" data-comments-opened=\"1\" data-image-meta=\"{&quot;aperture&quot;:&quot;3.1&quot;,&quot;credit&quot;:&quot;&quot;,&quot;camera&quot;:&quot;COOLPIX L310&quot;,&quot;caption&quot;:&quot;&quot;,&quot;created_timestamp&quot;:&quot;1423682325&quot;,&quot;copyright&quot;:&quot;&quot;,&quot;focal_length&quot;:&quot;4.5&quot;,&quot;iso&quot;:&quot;400&quot;,&quot;shutter_speed&quot;:&quot;0.0333333333333&quot;,&quot;title&quot;:&quot;&quot;,&quot;orientation&quot;:&quot;0&quot;}\" data-image-title=\"Scioli-Mercedes006\" data-image-description=\"\" data-medium-file=\"https:\/\/www.hoymercedes.com.ar\/principal\/wp-content\/uploads\/2015\/02\/Scioli-Mercedes006.jpg\" data-large-file=\"https:\/\/www.hoymercedes.com.ar\/principal\/wp-content\/uploads\/2015\/02\/Scioli-Mercedes006.jpg\" src=\"https:\/\/i0.wp.com\/www.hoymercedes.com.ar\/principal\/wp-content\/uploads\/2015\/02\/Scioli-Mercedes006.jpg?w=396&#038;h=297&#038;ssl=1\" width=\"396\" height=\"297\" loading=\"lazy\" data-original-width=\"396\" data-original-height=\"297\" itemprop=\"http:\/\/schema.org\/image\" title=\"Scioli-Mercedes006\" alt=\"Scioli-Mercedes006\" style=\"width: 396px; height: 297px;\" \/> <\/a> <\/div> <div class=\"tiled-gallery-item tiled-gallery-item-large\" itemprop=\"associatedMedia\" itemscope itemtype=\"http:\/\/schema.org\/ImageObject\"> <a href=\"https:\/\/www.hoymercedes.com.ar\/principal\/2015\/02\/10\/scioli-en-mercedes-inauguro-ips-entrego-escrituras-y-realizo-anuncios\/scioli-mercedes011\/#main\" border=\"0\" itemprop=\"url\"> <meta itemprop=\"width\" content=\"396\"> <meta itemprop=\"height\" content=\"296\"> <img decoding=\"async\" class=\"\" data-attachment-id=\"39490\" data-orig-file=\"https:\/\/www.hoymercedes.com.ar\/principal\/wp-content\/uploads\/2015\/02\/Scioli-Mercedes011.jpg\" data-orig-size=\"620,465\" data-comments-opened=\"1\" data-image-meta=\"{&quot;aperture&quot;:&quot;3.2&quot;,&quot;credit&quot;:&quot;&quot;,&quot;camera&quot;:&quot;COOLPIX L310&quot;,&quot;caption&quot;:&quot;&quot;,&quot;created_timestamp&quot;:&quot;1423682410&quot;,&quot;copyright&quot;:&quot;&quot;,&quot;focal_length&quot;:&quot;5.1&quot;,&quot;iso&quot;:&quot;400&quot;,&quot;shutter_speed&quot;:&quot;0.0333333333333&quot;,&quot;title&quot;:&quot;&quot;,&quot;orientation&quot;:&quot;0&quot;}\" data-image-title=\"Scioli-Mercedes011\" data-image-description=\"\" data-medium-file=\"https:\/\/www.hoymercedes.com.ar\/principal\/wp-content\/uploads\/2015\/02\/Scioli-Mercedes011.jpg\" data-large-file=\"https:\/\/www.hoymercedes.com.ar\/principal\/wp-content\/uploads\/2015\/02\/Scioli-Mercedes011.jpg\" src=\"https:\/\/i0.wp.com\/www.hoymercedes.com.ar\/principal\/wp-content\/uploads\/2015\/02\/Scioli-Mercedes011.jpg?w=396&#038;h=296&#038;ssl=1\" width=\"396\" height=\"296\" loading=\"lazy\" data-original-width=\"396\" data-original-height=\"296\" itemprop=\"http:\/\/schema.org\/image\" title=\"Scioli-Mercedes011\" alt=\"Scioli-Mercedes011\" style=\"width: 396px; height: 296px;\" \/> <\/a> <\/div> <\/div> <!-- close group --> <\/div> <!-- close row --> <div class=\"gallery-row\" style=\"width: 1200px; height: 301px;\" data-original-width=\"1200\" data-original-height=\"301\" > <div class=\"gallery-group images-1\" style=\"width: 400px; height: 301px;\" data-original-width=\"400\" data-original-height=\"301\" > <div class=\"tiled-gallery-item tiled-gallery-item-large\" itemprop=\"associatedMedia\" itemscope itemtype=\"http:\/\/schema.org\/ImageObject\"> <a href=\"https:\/\/www.hoymercedes.com.ar\/principal\/2015\/02\/10\/scioli-en-mercedes-inauguro-ips-entrego-escrituras-y-realizo-anuncios\/scioli-mercedes028\/#main\" border=\"0\" itemprop=\"url\"> <meta itemprop=\"width\" content=\"396\"> <meta itemprop=\"height\" content=\"297\"> <img decoding=\"async\" class=\"\" data-attachment-id=\"39491\" data-orig-file=\"https:\/\/www.hoymercedes.com.ar\/principal\/wp-content\/uploads\/2015\/02\/Scioli-Mercedes028.jpg\" data-orig-size=\"620,465\" data-comments-opened=\"1\" data-image-meta=\"{&quot;aperture&quot;:&quot;3.1&quot;,&quot;credit&quot;:&quot;&quot;,&quot;camera&quot;:&quot;COOLPIX L310&quot;,&quot;caption&quot;:&quot;&quot;,&quot;created_timestamp&quot;:&quot;1423683309&quot;,&quot;copyright&quot;:&quot;&quot;,&quot;focal_length&quot;:&quot;4.5&quot;,&quot;iso&quot;:&quot;400&quot;,&quot;shutter_speed&quot;:&quot;0.0333333333333&quot;,&quot;title&quot;:&quot;&quot;,&quot;orientation&quot;:&quot;0&quot;}\" data-image-title=\"Scioli-Mercedes028\" data-image-description=\"\" data-medium-file=\"https:\/\/www.hoymercedes.com.ar\/principal\/wp-content\/uploads\/2015\/02\/Scioli-Mercedes028.jpg\" data-large-file=\"https:\/\/www.hoymercedes.com.ar\/principal\/wp-content\/uploads\/2015\/02\/Scioli-Mercedes028.jpg\" src=\"https:\/\/i0.wp.com\/www.hoymercedes.com.ar\/principal\/wp-content\/uploads\/2015\/02\/Scioli-Mercedes028.jpg?w=396&#038;h=297&#038;ssl=1\" width=\"396\" height=\"297\" loading=\"lazy\" data-original-width=\"396\" data-original-height=\"297\" itemprop=\"http:\/\/schema.org\/image\" title=\"Scioli-Mercedes028\" alt=\"Scioli-Mercedes028\" style=\"width: 396px; height: 297px;\" \/> <\/a> <\/div> <\/div> <!-- close group --> <div class=\"gallery-group images-1\" style=\"width: 400px; height: 301px;\" data-original-width=\"400\" data-original-height=\"301\" > <div class=\"tiled-gallery-item tiled-gallery-item-large\" itemprop=\"associatedMedia\" itemscope itemtype=\"http:\/\/schema.org\/ImageObject\"> <a href=\"https:\/\/www.hoymercedes.com.ar\/principal\/2015\/02\/10\/scioli-en-mercedes-inauguro-ips-entrego-escrituras-y-realizo-anuncios\/scioli-mercedes032\/#main\" border=\"0\" itemprop=\"url\"> <meta itemprop=\"width\" content=\"396\"> <meta itemprop=\"height\" content=\"297\"> <img decoding=\"async\" class=\"\" data-attachment-id=\"39492\" data-orig-file=\"https:\/\/www.hoymercedes.com.ar\/principal\/wp-content\/uploads\/2015\/02\/Scioli-Mercedes032.jpg\" data-orig-size=\"620,465\" data-comments-opened=\"1\" data-image-meta=\"{&quot;aperture&quot;:&quot;3.1&quot;,&quot;credit&quot;:&quot;&quot;,&quot;camera&quot;:&quot;COOLPIX L310&quot;,&quot;caption&quot;:&quot;&quot;,&quot;created_timestamp&quot;:&quot;1423683861&quot;,&quot;copyright&quot;:&quot;&quot;,&quot;focal_length&quot;:&quot;4.5&quot;,&quot;iso&quot;:&quot;400&quot;,&quot;shutter_speed&quot;:&quot;0.0333333333333&quot;,&quot;title&quot;:&quot;&quot;,&quot;orientation&quot;:&quot;0&quot;}\" data-image-title=\"Scioli-Mercedes032\" data-image-description=\"\" data-medium-file=\"https:\/\/www.hoymercedes.com.ar\/principal\/wp-content\/uploads\/2015\/02\/Scioli-Mercedes032.jpg\" data-large-file=\"https:\/\/www.hoymercedes.com.ar\/principal\/wp-content\/uploads\/2015\/02\/Scioli-Mercedes032.jpg\" src=\"https:\/\/i0.wp.com\/www.hoymercedes.com.ar\/principal\/wp-content\/uploads\/2015\/02\/Scioli-Mercedes032.jpg?w=396&#038;h=297&#038;ssl=1\" width=\"396\" height=\"297\" loading=\"lazy\" data-original-width=\"396\" data-original-height=\"297\" itemprop=\"http:\/\/schema.org\/image\" title=\"Scioli-Mercedes032\" alt=\"Scioli-Mercedes032\" style=\"width: 396px; height: 297px;\" \/> <\/a> <\/div> <\/div> <!-- close group --> <div class=\"gallery-group images-1\" style=\"width: 400px; height: 301px;\" data-original-width=\"400\" data-original-height=\"301\" > <div class=\"tiled-gallery-item tiled-gallery-item-large\" itemprop=\"associatedMedia\" itemscope itemtype=\"http:\/\/schema.org\/ImageObject\"> <a href=\"https:\/\/www.hoymercedes.com.ar\/principal\/2015\/02\/10\/scioli-en-mercedes-inauguro-ips-entrego-escrituras-y-realizo-anuncios\/scioli-mercedes037\/#main\" border=\"0\" itemprop=\"url\"> <meta itemprop=\"width\" content=\"396\"> <meta itemprop=\"height\" content=\"297\"> <img decoding=\"async\" class=\"\" data-attachment-id=\"39493\" data-orig-file=\"https:\/\/www.hoymercedes.com.ar\/principal\/wp-content\/uploads\/2015\/02\/Scioli-Mercedes037.jpg\" data-orig-size=\"620,465\" data-comments-opened=\"1\" data-image-meta=\"{&quot;aperture&quot;:&quot;3.2&quot;,&quot;credit&quot;:&quot;&quot;,&quot;camera&quot;:&quot;COOLPIX L310&quot;,&quot;caption&quot;:&quot;&quot;,&quot;created_timestamp&quot;:&quot;1423683917&quot;,&quot;copyright&quot;:&quot;&quot;,&quot;focal_length&quot;:&quot;5.1&quot;,&quot;iso&quot;:&quot;400&quot;,&quot;shutter_speed&quot;:&quot;0.0333333333333&quot;,&quot;title&quot;:&quot;&quot;,&quot;orientation&quot;:&quot;0&quot;}\" data-image-title=\"Scioli-Mercedes037\" data-image-description=\"\" data-medium-file=\"https:\/\/www.hoymercedes.com.ar\/principal\/wp-content\/uploads\/2015\/02\/Scioli-Mercedes037.jpg\" data-large-file=\"https:\/\/www.hoymercedes.com.ar\/principal\/wp-content\/uploads\/2015\/02\/Scioli-Mercedes037.jpg\" src=\"https:\/\/i0.wp.com\/www.hoymercedes.com.ar\/principal\/wp-content\/uploads\/2015\/02\/Scioli-Mercedes037.jpg?w=396&#038;h=297&#038;ssl=1\" width=\"396\" height=\"297\" loading=\"lazy\" data-original-width=\"396\" data-original-height=\"297\" itemprop=\"http:\/\/schema.org\/image\" title=\"Scioli-Mercedes037\" alt=\"Scioli-Mercedes037\" style=\"width: 396px; height: 297px;\" \/> <\/a> <\/div> <\/div> <!-- close group --> <\/div> <!-- close row --> <div class=\"gallery-row\" style=\"width: 1200px; height: 601px;\" data-original-width=\"1200\" data-original-height=\"601\" > <div class=\"gallery-group images-2\" style=\"width: 400px; height: 601px;\" data-original-width=\"400\" data-original-height=\"601\" > <div class=\"tiled-gallery-item tiled-gallery-item-large\" itemprop=\"associatedMedia\" itemscope itemtype=\"http:\/\/schema.org\/ImageObject\"> <a href=\"https:\/\/www.hoymercedes.com.ar\/principal\/2015\/02\/10\/scioli-en-mercedes-inauguro-ips-entrego-escrituras-y-realizo-anuncios\/scioli-mercedes041\/#main\" border=\"0\" itemprop=\"url\"> <meta itemprop=\"width\" content=\"396\"> <meta itemprop=\"height\" content=\"297\"> <img decoding=\"async\" class=\"\" data-attachment-id=\"39494\" data-orig-file=\"https:\/\/www.hoymercedes.com.ar\/principal\/wp-content\/uploads\/2015\/02\/Scioli-Mercedes041.jpg\" data-orig-size=\"620,465\" data-comments-opened=\"1\" data-image-meta=\"{&quot;aperture&quot;:&quot;4.2&quot;,&quot;credit&quot;:&quot;&quot;,&quot;camera&quot;:&quot;COOLPIX L310&quot;,&quot;caption&quot;:&quot;&quot;,&quot;created_timestamp&quot;:&quot;1423683964&quot;,&quot;copyright&quot;:&quot;&quot;,&quot;focal_length&quot;:&quot;15.1&quot;,&quot;iso&quot;:&quot;400&quot;,&quot;shutter_speed&quot;:&quot;0.0333333333333&quot;,&quot;title&quot;:&quot;&quot;,&quot;orientation&quot;:&quot;0&quot;}\" data-image-title=\"Scioli-Mercedes041\" data-image-description=\"\" data-medium-file=\"https:\/\/www.hoymercedes.com.ar\/principal\/wp-content\/uploads\/2015\/02\/Scioli-Mercedes041.jpg\" data-large-file=\"https:\/\/www.hoymercedes.com.ar\/principal\/wp-content\/uploads\/2015\/02\/Scioli-Mercedes041.jpg\" src=\"https:\/\/i0.wp.com\/www.hoymercedes.com.ar\/principal\/wp-content\/uploads\/2015\/02\/Scioli-Mercedes041.jpg?w=396&#038;h=297&#038;ssl=1\" width=\"396\" height=\"297\" loading=\"lazy\" data-original-width=\"396\" data-original-height=\"297\" itemprop=\"http:\/\/schema.org\/image\" title=\"Scioli-Mercedes041\" alt=\"Scioli-Mercedes041\" style=\"width: 396px; height: 297px;\" \/> <\/a> <\/div> <div class=\"tiled-gallery-item tiled-gallery-item-large\" itemprop=\"associatedMedia\" itemscope itemtype=\"http:\/\/schema.org\/ImageObject\"> <a href=\"https:\/\/www.hoymercedes.com.ar\/principal\/2015\/02\/10\/scioli-en-mercedes-inauguro-ips-entrego-escrituras-y-realizo-anuncios\/scioli-mercedes053\/#main\" border=\"0\" itemprop=\"url\"> <meta itemprop=\"width\" content=\"396\"> <meta itemprop=\"height\" content=\"296\"> <img decoding=\"async\" class=\"\" data-attachment-id=\"39495\" data-orig-file=\"https:\/\/www.hoymercedes.com.ar\/principal\/wp-content\/uploads\/2015\/02\/Scioli-Mercedes053.jpg\" data-orig-size=\"620,465\" data-comments-opened=\"1\" data-image-meta=\"{&quot;aperture&quot;:&quot;3.1&quot;,&quot;credit&quot;:&quot;&quot;,&quot;camera&quot;:&quot;COOLPIX L310&quot;,&quot;caption&quot;:&quot;&quot;,&quot;created_timestamp&quot;:&quot;1423684214&quot;,&quot;copyright&quot;:&quot;&quot;,&quot;focal_length&quot;:&quot;4.5&quot;,&quot;iso&quot;:&quot;400&quot;,&quot;shutter_speed&quot;:&quot;0.0333333333333&quot;,&quot;title&quot;:&quot;&quot;,&quot;orientation&quot;:&quot;0&quot;}\" data-image-title=\"Scioli-Mercedes053\" data-image-description=\"\" data-medium-file=\"https:\/\/www.hoymercedes.com.ar\/principal\/wp-content\/uploads\/2015\/02\/Scioli-Mercedes053.jpg\" data-large-file=\"https:\/\/www.hoymercedes.com.ar\/principal\/wp-content\/uploads\/2015\/02\/Scioli-Mercedes053.jpg\" src=\"https:\/\/i0.wp.com\/www.hoymercedes.com.ar\/principal\/wp-content\/uploads\/2015\/02\/Scioli-Mercedes053.jpg?w=396&#038;h=296&#038;ssl=1\" width=\"396\" height=\"296\" loading=\"lazy\" data-original-width=\"396\" data-original-height=\"296\" itemprop=\"http:\/\/schema.org\/image\" title=\"Scioli-Mercedes053\" alt=\"Scioli-Mercedes053\" style=\"width: 396px; height: 296px;\" \/> <\/a> <\/div> <\/div> <!-- close group --> <div class=\"gallery-group images-1\" style=\"width: 800px; height: 601px;\" data-original-width=\"800\" data-original-height=\"601\" > <div class=\"tiled-gallery-item tiled-gallery-item-large\" itemprop=\"associatedMedia\" itemscope itemtype=\"http:\/\/schema.org\/ImageObject\"> <a href=\"https:\/\/www.hoymercedes.com.ar\/principal\/2015\/02\/10\/scioli-en-mercedes-inauguro-ips-entrego-escrituras-y-realizo-anuncios\/scioli-mercedes059\/#main\" border=\"0\" itemprop=\"url\"> <meta itemprop=\"width\" content=\"796\"> <meta itemprop=\"height\" content=\"597\"> <img decoding=\"async\" class=\"\" data-attachment-id=\"39496\" data-orig-file=\"https:\/\/www.hoymercedes.com.ar\/principal\/wp-content\/uploads\/2015\/02\/Scioli-Mercedes059.jpg\" data-orig-size=\"620,465\" data-comments-opened=\"1\" data-image-meta=\"{&quot;aperture&quot;:&quot;4.7&quot;,&quot;credit&quot;:&quot;&quot;,&quot;camera&quot;:&quot;COOLPIX L310&quot;,&quot;caption&quot;:&quot;&quot;,&quot;created_timestamp&quot;:&quot;1423684321&quot;,&quot;copyright&quot;:&quot;&quot;,&quot;focal_length&quot;:&quot;23.2&quot;,&quot;iso&quot;:&quot;400&quot;,&quot;shutter_speed&quot;:&quot;0.0333333333333&quot;,&quot;title&quot;:&quot;&quot;,&quot;orientation&quot;:&quot;0&quot;}\" data-image-title=\"Scioli-Mercedes059\" data-image-description=\"\" data-medium-file=\"https:\/\/www.hoymercedes.com.ar\/principal\/wp-content\/uploads\/2015\/02\/Scioli-Mercedes059.jpg\" data-large-file=\"https:\/\/www.hoymercedes.com.ar\/principal\/wp-content\/uploads\/2015\/02\/Scioli-Mercedes059.jpg\" src=\"https:\/\/i0.wp.com\/www.hoymercedes.com.ar\/principal\/wp-content\/uploads\/2015\/02\/Scioli-Mercedes059.jpg?w=796&#038;h=597&#038;ssl=1\" width=\"796\" height=\"597\" loading=\"lazy\" data-original-width=\"796\" data-original-height=\"597\" itemprop=\"http:\/\/schema.org\/image\" title=\"Scioli-Mercedes059\" alt=\"Scioli-Mercedes059\" style=\"width: 796px; height: 597px;\" \/> <\/a> <\/div> <\/div> <!-- close group --> <\/div> <!-- close row --> <div class=\"gallery-row\" style=\"width: 1200px; height: 451px;\" data-original-width=\"1200\" data-original-height=\"451\" > <div class=\"gallery-group images-1\" style=\"width: 600px; height: 451px;\" data-original-width=\"600\" data-original-height=\"451\" > <div class=\"tiled-gallery-item tiled-gallery-item-large\" itemprop=\"associatedMedia\" itemscope itemtype=\"http:\/\/schema.org\/ImageObject\"> <a href=\"https:\/\/www.hoymercedes.com.ar\/principal\/2015\/02\/10\/scioli-en-mercedes-inauguro-ips-entrego-escrituras-y-realizo-anuncios\/scioli-mercedes061\/#main\" border=\"0\" itemprop=\"url\"> <meta itemprop=\"width\" content=\"596\"> <meta itemprop=\"height\" content=\"447\"> <img decoding=\"async\" class=\"\" data-attachment-id=\"39497\" data-orig-file=\"https:\/\/www.hoymercedes.com.ar\/principal\/wp-content\/uploads\/2015\/02\/Scioli-Mercedes061.jpg\" data-orig-size=\"620,465\" data-comments-opened=\"1\" data-image-meta=\"{&quot;aperture&quot;:&quot;4.2&quot;,&quot;credit&quot;:&quot;&quot;,&quot;camera&quot;:&quot;COOLPIX L310&quot;,&quot;caption&quot;:&quot;&quot;,&quot;created_timestamp&quot;:&quot;1423684440&quot;,&quot;copyright&quot;:&quot;&quot;,&quot;focal_length&quot;:&quot;15.1&quot;,&quot;iso&quot;:&quot;400&quot;,&quot;shutter_speed&quot;:&quot;0.0333333333333&quot;,&quot;title&quot;:&quot;&quot;,&quot;orientation&quot;:&quot;0&quot;}\" data-image-title=\"Scioli-Mercedes061\" data-image-description=\"\" data-medium-file=\"https:\/\/www.hoymercedes.com.ar\/principal\/wp-content\/uploads\/2015\/02\/Scioli-Mercedes061.jpg\" data-large-file=\"https:\/\/www.hoymercedes.com.ar\/principal\/wp-content\/uploads\/2015\/02\/Scioli-Mercedes061.jpg\" src=\"https:\/\/i0.wp.com\/www.hoymercedes.com.ar\/principal\/wp-content\/uploads\/2015\/02\/Scioli-Mercedes061.jpg?w=596&#038;h=447&#038;ssl=1\" width=\"596\" height=\"447\" loading=\"lazy\" data-original-width=\"596\" data-original-height=\"447\" itemprop=\"http:\/\/schema.org\/image\" title=\"Scioli-Mercedes061\" alt=\"Scioli-Mercedes061\" style=\"width: 596px; height: 447px;\" \/> <\/a> <\/div> <\/div> <!-- close group --> <div class=\"gallery-group images-1\" style=\"width: 600px; height: 451px;\" data-original-width=\"600\" data-original-height=\"451\" > <div class=\"tiled-gallery-item tiled-gallery-item-large\" itemprop=\"associatedMedia\" itemscope itemtype=\"http:\/\/schema.org\/ImageObject\"> <a href=\"https:\/\/www.hoymercedes.com.ar\/principal\/2015\/02\/10\/scioli-en-mercedes-inauguro-ips-entrego-escrituras-y-realizo-anuncios\/scioli-mercedes062\/#main\" border=\"0\" itemprop=\"url\"> <meta itemprop=\"width\" content=\"596\"> <meta itemprop=\"height\" content=\"447\"> <img decoding=\"async\" class=\"\" data-attachment-id=\"39498\" data-orig-file=\"https:\/\/www.hoymercedes.com.ar\/principal\/wp-content\/uploads\/2015\/02\/Scioli-Mercedes062.jpg\" data-orig-size=\"620,465\" data-comments-opened=\"1\" data-image-meta=\"{&quot;aperture&quot;:&quot;3.6&quot;,&quot;credit&quot;:&quot;&quot;,&quot;camera&quot;:&quot;COOLPIX L310&quot;,&quot;caption&quot;:&quot;&quot;,&quot;created_timestamp&quot;:&quot;1423684791&quot;,&quot;copyright&quot;:&quot;&quot;,&quot;focal_length&quot;:&quot;8.4&quot;,&quot;iso&quot;:&quot;400&quot;,&quot;shutter_speed&quot;:&quot;0.0333333333333&quot;,&quot;title&quot;:&quot;&quot;,&quot;orientation&quot;:&quot;0&quot;}\" data-image-title=\"Scioli-Mercedes062\" data-image-description=\"\" data-medium-file=\"https:\/\/www.hoymercedes.com.ar\/principal\/wp-content\/uploads\/2015\/02\/Scioli-Mercedes062.jpg\" data-large-file=\"https:\/\/www.hoymercedes.com.ar\/principal\/wp-content\/uploads\/2015\/02\/Scioli-Mercedes062.jpg\" src=\"https:\/\/i0.wp.com\/www.hoymercedes.com.ar\/principal\/wp-content\/uploads\/2015\/02\/Scioli-Mercedes062.jpg?w=596&#038;h=447&#038;ssl=1\" width=\"596\" height=\"447\" loading=\"lazy\" data-original-width=\"596\" data-original-height=\"447\" itemprop=\"http:\/\/schema.org\/image\" title=\"Scioli-Mercedes062\" alt=\"Scioli-Mercedes062\" style=\"width: 596px; height: 447px;\" \/> <\/a> <\/div> <\/div> <!-- close group --> <\/div> <!-- close row --> <div class=\"gallery-row\" style=\"width: 1200px; height: 576px;\" data-original-width=\"1200\" data-original-height=\"576\" > <div class=\"gallery-group images-1\" style=\"width: 433px; height: 576px;\" data-original-width=\"433\" data-original-height=\"576\" > <div class=\"tiled-gallery-item tiled-gallery-item-large\" itemprop=\"associatedMedia\" itemscope itemtype=\"http:\/\/schema.org\/ImageObject\"> <a href=\"https:\/\/www.hoymercedes.com.ar\/principal\/2015\/02\/10\/scioli-en-mercedes-inauguro-ips-entrego-escrituras-y-realizo-anuncios\/scioli-mercedes073\/#main\" border=\"0\" itemprop=\"url\"> <meta itemprop=\"width\" content=\"429\"> <meta itemprop=\"height\" content=\"572\"> <img decoding=\"async\" class=\"\" data-attachment-id=\"39499\" data-orig-file=\"https:\/\/www.hoymercedes.com.ar\/principal\/wp-content\/uploads\/2015\/02\/Scioli-Mercedes073.jpg\" data-orig-size=\"465,620\" data-comments-opened=\"1\" data-image-meta=\"{&quot;aperture&quot;:&quot;3.8&quot;,&quot;credit&quot;:&quot;&quot;,&quot;camera&quot;:&quot;COOLPIX L310&quot;,&quot;caption&quot;:&quot;&quot;,&quot;created_timestamp&quot;:&quot;1423685168&quot;,&quot;copyright&quot;:&quot;&quot;,&quot;focal_length&quot;:&quot;10.2&quot;,&quot;iso&quot;:&quot;400&quot;,&quot;shutter_speed&quot;:&quot;0.0333333333333&quot;,&quot;title&quot;:&quot;&quot;,&quot;orientation&quot;:&quot;1&quot;}\" data-image-title=\"Scioli-Mercedes073\" data-image-description=\"\" data-medium-file=\"https:\/\/www.hoymercedes.com.ar\/principal\/wp-content\/uploads\/2015\/02\/Scioli-Mercedes073-465x620.jpg\" data-large-file=\"https:\/\/www.hoymercedes.com.ar\/principal\/wp-content\/uploads\/2015\/02\/Scioli-Mercedes073.jpg\" src=\"https:\/\/i0.wp.com\/www.hoymercedes.com.ar\/principal\/wp-content\/uploads\/2015\/02\/Scioli-Mercedes073.jpg?w=429&#038;h=572&#038;ssl=1\" width=\"429\" height=\"572\" loading=\"lazy\" data-original-width=\"429\" data-original-height=\"572\" itemprop=\"http:\/\/schema.org\/image\" title=\"Scioli-Mercedes073\" alt=\"Scioli-Mercedes073\" style=\"width: 429px; height: 572px;\" \/> <\/a> <\/div> <\/div> <!-- close group --> <div class=\"gallery-group images-1\" style=\"width: 767px; height: 576px;\" data-original-width=\"767\" data-original-height=\"576\" > <div class=\"tiled-gallery-item tiled-gallery-item-large\" itemprop=\"associatedMedia\" itemscope itemtype=\"http:\/\/schema.org\/ImageObject\"> <a href=\"https:\/\/www.hoymercedes.com.ar\/principal\/2015\/02\/10\/scioli-en-mercedes-inauguro-ips-entrego-escrituras-y-realizo-anuncios\/scioli-mercedes074\/#main\" border=\"0\" itemprop=\"url\"> <meta itemprop=\"width\" content=\"763\"> <meta itemprop=\"height\" content=\"572\"> <img decoding=\"async\" class=\"\" data-attachment-id=\"39500\" data-orig-file=\"https:\/\/www.hoymercedes.com.ar\/principal\/wp-content\/uploads\/2015\/02\/Scioli-Mercedes074.jpg\" data-orig-size=\"620,465\" data-comments-opened=\"1\" data-image-meta=\"{&quot;aperture&quot;:&quot;3.6&quot;,&quot;credit&quot;:&quot;&quot;,&quot;camera&quot;:&quot;COOLPIX L310&quot;,&quot;caption&quot;:&quot;&quot;,&quot;created_timestamp&quot;:&quot;1423685173&quot;,&quot;copyright&quot;:&quot;&quot;,&quot;focal_length&quot;:&quot;8.4&quot;,&quot;iso&quot;:&quot;400&quot;,&quot;shutter_speed&quot;:&quot;0.0333333333333&quot;,&quot;title&quot;:&quot;&quot;,&quot;orientation&quot;:&quot;0&quot;}\" data-image-title=\"Scioli-Mercedes074\" data-image-description=\"\" data-medium-file=\"https:\/\/www.hoymercedes.com.ar\/principal\/wp-content\/uploads\/2015\/02\/Scioli-Mercedes074.jpg\" data-large-file=\"https:\/\/www.hoymercedes.com.ar\/principal\/wp-content\/uploads\/2015\/02\/Scioli-Mercedes074.jpg\" src=\"https:\/\/i0.wp.com\/www.hoymercedes.com.ar\/principal\/wp-content\/uploads\/2015\/02\/Scioli-Mercedes074.jpg?w=763&#038;h=572&#038;ssl=1\" width=\"763\" height=\"572\" loading=\"lazy\" data-original-width=\"763\" data-original-height=\"572\" itemprop=\"http:\/\/schema.org\/image\" title=\"Scioli-Mercedes074\" alt=\"Scioli-Mercedes074\" style=\"width: 763px; height: 572px;\" \/> <\/a> <\/div> <\/div> <!-- close group --> <\/div> <!-- close row --> <div class=\"gallery-row\" style=\"width: 1200px; height: 847px;\" data-original-width=\"1200\" data-original-height=\"847\" > <div class=\"gallery-group images-1\" style=\"width: 636px; height: 847px;\" data-original-width=\"636\" data-original-height=\"847\" > <div class=\"tiled-gallery-item tiled-gallery-item-large\" itemprop=\"associatedMedia\" itemscope itemtype=\"http:\/\/schema.org\/ImageObject\"> <a href=\"https:\/\/www.hoymercedes.com.ar\/principal\/2015\/02\/10\/scioli-en-mercedes-inauguro-ips-entrego-escrituras-y-realizo-anuncios\/scioli-mercedes083\/#main\" border=\"0\" itemprop=\"url\"> <meta itemprop=\"width\" content=\"632\"> <meta itemprop=\"height\" content=\"843\"> <img decoding=\"async\" class=\"\" data-attachment-id=\"39501\" data-orig-file=\"https:\/\/www.hoymercedes.com.ar\/principal\/wp-content\/uploads\/2015\/02\/Scioli-Mercedes083.jpg\" data-orig-size=\"465,620\" data-comments-opened=\"1\" data-image-meta=\"{&quot;aperture&quot;:&quot;3.3&quot;,&quot;credit&quot;:&quot;&quot;,&quot;camera&quot;:&quot;COOLPIX L310&quot;,&quot;caption&quot;:&quot;&quot;,&quot;created_timestamp&quot;:&quot;1423685287&quot;,&quot;copyright&quot;:&quot;&quot;,&quot;focal_length&quot;:&quot;6.2&quot;,&quot;iso&quot;:&quot;400&quot;,&quot;shutter_speed&quot;:&quot;0.0333333333333&quot;,&quot;title&quot;:&quot;&quot;,&quot;orientation&quot;:&quot;1&quot;}\" data-image-title=\"Scioli-Mercedes083\" data-image-description=\"\" data-medium-file=\"https:\/\/www.hoymercedes.com.ar\/principal\/wp-content\/uploads\/2015\/02\/Scioli-Mercedes083-465x620.jpg\" data-large-file=\"https:\/\/www.hoymercedes.com.ar\/principal\/wp-content\/uploads\/2015\/02\/Scioli-Mercedes083.jpg\" src=\"https:\/\/i0.wp.com\/www.hoymercedes.com.ar\/principal\/wp-content\/uploads\/2015\/02\/Scioli-Mercedes083.jpg?w=632&#038;h=843&#038;ssl=1\" width=\"632\" height=\"843\" loading=\"lazy\" data-original-width=\"632\" data-original-height=\"843\" itemprop=\"http:\/\/schema.org\/image\" title=\"Scioli-Mercedes083\" alt=\"Scioli-Mercedes083\" style=\"width: 632px; height: 843px;\" \/> <\/a> <\/div> <\/div> <!-- close group --> <div class=\"gallery-group images-2\" style=\"width: 564px; height: 847px;\" data-original-width=\"564\" data-original-height=\"847\" > <div class=\"tiled-gallery-item tiled-gallery-item-large\" itemprop=\"associatedMedia\" itemscope itemtype=\"http:\/\/schema.org\/ImageObject\"> <a href=\"https:\/\/www.hoymercedes.com.ar\/principal\/2015\/02\/10\/scioli-en-mercedes-inauguro-ips-entrego-escrituras-y-realizo-anuncios\/scioli-mercedes084\/#main\" border=\"0\" itemprop=\"url\"> <meta itemprop=\"width\" content=\"560\"> <meta itemprop=\"height\" content=\"420\"> <img decoding=\"async\" class=\"\" data-attachment-id=\"39502\" data-orig-file=\"https:\/\/www.hoymercedes.com.ar\/principal\/wp-content\/uploads\/2015\/02\/Scioli-Mercedes084.jpg\" data-orig-size=\"620,465\" data-comments-opened=\"1\" data-image-meta=\"{&quot;aperture&quot;:&quot;3.3&quot;,&quot;credit&quot;:&quot;&quot;,&quot;camera&quot;:&quot;COOLPIX L310&quot;,&quot;caption&quot;:&quot;&quot;,&quot;created_timestamp&quot;:&quot;1423685292&quot;,&quot;copyright&quot;:&quot;&quot;,&quot;focal_length&quot;:&quot;6.2&quot;,&quot;iso&quot;:&quot;400&quot;,&quot;shutter_speed&quot;:&quot;0.0333333333333&quot;,&quot;title&quot;:&quot;&quot;,&quot;orientation&quot;:&quot;0&quot;}\" data-image-title=\"Scioli-Mercedes084\" data-image-description=\"\" data-medium-file=\"https:\/\/www.hoymercedes.com.ar\/principal\/wp-content\/uploads\/2015\/02\/Scioli-Mercedes084.jpg\" data-large-file=\"https:\/\/www.hoymercedes.com.ar\/principal\/wp-content\/uploads\/2015\/02\/Scioli-Mercedes084.jpg\" src=\"https:\/\/i0.wp.com\/www.hoymercedes.com.ar\/principal\/wp-content\/uploads\/2015\/02\/Scioli-Mercedes084.jpg?w=560&#038;h=420&#038;ssl=1\" width=\"560\" height=\"420\" loading=\"lazy\" data-original-width=\"560\" data-original-height=\"420\" itemprop=\"http:\/\/schema.org\/image\" title=\"Scioli-Mercedes084\" alt=\"Scioli-Mercedes084\" style=\"width: 560px; height: 420px;\" \/> <\/a> <\/div> <div class=\"tiled-gallery-item tiled-gallery-item-large\" itemprop=\"associatedMedia\" itemscope itemtype=\"http:\/\/schema.org\/ImageObject\"> <a href=\"https:\/\/www.hoymercedes.com.ar\/principal\/2015\/02\/10\/scioli-en-mercedes-inauguro-ips-entrego-escrituras-y-realizo-anuncios\/scioli-mercedes090\/#main\" border=\"0\" itemprop=\"url\"> <meta itemprop=\"width\" content=\"560\"> <meta itemprop=\"height\" content=\"419\"> <img decoding=\"async\" class=\"\" data-attachment-id=\"39503\" data-orig-file=\"https:\/\/www.hoymercedes.com.ar\/principal\/wp-content\/uploads\/2015\/02\/Scioli-Mercedes090.jpg\" data-orig-size=\"620,465\" data-comments-opened=\"1\" data-image-meta=\"{&quot;aperture&quot;:&quot;3.5&quot;,&quot;credit&quot;:&quot;&quot;,&quot;camera&quot;:&quot;COOLPIX L310&quot;,&quot;caption&quot;:&quot;&quot;,&quot;created_timestamp&quot;:&quot;1423685363&quot;,&quot;copyright&quot;:&quot;&quot;,&quot;focal_length&quot;:&quot;7.3&quot;,&quot;iso&quot;:&quot;400&quot;,&quot;shutter_speed&quot;:&quot;0.0333333333333&quot;,&quot;title&quot;:&quot;&quot;,&quot;orientation&quot;:&quot;0&quot;}\" data-image-title=\"Scioli-Mercedes090\" data-image-description=\"\" data-medium-file=\"https:\/\/www.hoymercedes.com.ar\/principal\/wp-content\/uploads\/2015\/02\/Scioli-Mercedes090.jpg\" data-large-file=\"https:\/\/www.hoymercedes.com.ar\/principal\/wp-content\/uploads\/2015\/02\/Scioli-Mercedes090.jpg\" src=\"https:\/\/i0.wp.com\/www.hoymercedes.com.ar\/principal\/wp-content\/uploads\/2015\/02\/Scioli-Mercedes090.jpg?w=560&#038;h=419&#038;ssl=1\" width=\"560\" height=\"419\" loading=\"lazy\" data-original-width=\"560\" data-original-height=\"419\" itemprop=\"http:\/\/schema.org\/image\" title=\"Scioli-Mercedes090\" alt=\"Scioli-Mercedes090\" style=\"width: 560px; height: 419px;\" \/> <\/a> <\/div> <\/div> <!-- close group --> <\/div> <!-- close row --> <\/div>\n<p>&nbsp;<\/p>\n","protected":false},"excerpt":{"rendered":"<p>El Gobernador de la Provincia de Buenos Aires, Daniel Scioli, estuvo nuevamente en Mercedes y efectu\u00f3 una recorrida por diversos &#8230; <a title=\"Scioli en Mercedes inaugur\u00f3 IPS, entreg\u00f3 escrituras y realiz\u00f3 anuncios\" class=\"read-more\" href=\"https:\/\/www.hoymercedes.com.ar\/principal\/2015\/02\/10\/scioli-en-mercedes-inauguro-ips-entrego-escrituras-y-realizo-anuncios\/\" aria-label=\"Leer m\u00e1s sobre Scioli en Mercedes inaugur\u00f3 IPS, entreg\u00f3 escrituras y realiz\u00f3 anuncios\">Leer m\u00e1s<\/a><\/p>\n","protected":false},"author":1,"featured_media":0,"comment_status":"open","ping_status":"open","sticky":false,"template":"","format":"standard","meta":{"_monsterinsights_skip_tracking":false,"_monsterinsights_sitenote_active":false,"_monsterinsights_sitenote_note":"","_monsterinsights_sitenote_category":0,"jetpack_post_was_ever_published":false,"_jetpack_newsletter_access":"","_jetpack_dont_email_post_to_subs":false,"_jetpack_newsletter_tier_id":0,"_jetpack_memberships_contains_paywalled_content":false,"_jetpack_memberships_contains_paid_content":false,"footnotes":"","jetpack_publicize_message":"","jetpack_publicize_feature_enabled":true,"jetpack_social_post_already_shared":true,"jetpack_social_options":{"image_generator_settings":{"template":"highway","default_image_id":0,"font":"","enabled":false},"version":2},"_wpas_customize_per_network":false},"categories":[5],"tags":[1241,1801,6920,1277,424,281],"class_list":["post-39485","post","type-post","status-publish","format-standard","hentry","category-politica","tag-alak","tag-casal","tag-daniel-scioli-en-mercdes","tag-espana","tag-ustarroz","tag-wado-de-pedro","generate-columns","tablet-grid-50","mobile-grid-100","grid-parent","grid-50"],"jetpack_publicize_connections":[],"jetpack_featured_media_url":"","wps_subtitle":"Junto a De Pedro; Espa\u00f1a y Ustarroz","jetpack_sharing_enabled":true,"jetpack-related-posts":[{"id":39509,"url":"https:\/\/www.hoymercedes.com.ar\/principal\/2015\/02\/11\/ministro-alak-anuncio-construccion-de-carcel-federal-viviendas-y-traslado-de-un5-a-agote\/","url_meta":{"origin":39485,"position":0},"title":"Ministro Alak anunci\u00f3 construcci\u00f3n de c\u00e1rcel Federal, viviendas y traslado de UN\u00b05 a Agote","author":"hoymercedes","date":"11 febrero, 2015","format":false,"excerpt":"El Ministro de Justicia y Derechos Humanos de la Naci\u00f3n firm\u00f3 con el gobernador Daniel Scioli para el traspaso de tierras que permitir\u00e1n construir una nueva c\u00e1rcel en Agote que servir\u00e1 para trasladar la actual Unidad N\u00b06 a la vez que afirmaron se construir\u00e1n 200 viviendas en las 20 hect\u00e1reas\u2026","rel":"","context":"En \u00abPol\u00edtica\u00bb","block_context":{"text":"Pol\u00edtica","link":"https:\/\/www.hoymercedes.com.ar\/principal\/category\/politica\/"},"img":{"alt_text":"Scioli-Mercedes065","src":"https:\/\/i0.wp.com\/www.hoymercedes.com.ar\/principal\/wp-content\/uploads\/2015\/02\/Scioli-Mercedes065.jpg?resize=350%2C200","width":350,"height":200,"srcset":"https:\/\/i0.wp.com\/www.hoymercedes.com.ar\/principal\/wp-content\/uploads\/2015\/02\/Scioli-Mercedes065.jpg?resize=350%2C200 1x, https:\/\/i0.wp.com\/www.hoymercedes.com.ar\/principal\/wp-content\/uploads\/2015\/02\/Scioli-Mercedes065.jpg?resize=525%2C300 1.5x"},"classes":[]},{"id":43256,"url":"https:\/\/www.hoymercedes.com.ar\/principal\/2015\/07\/21\/43256\/","url_meta":{"origin":39485,"position":1},"title":"Ministro Ricardo Casal y Juan Ustarroz entregaron escrituras a familias de mercedes","author":"hoymercedes","date":"21 julio, 2015","format":false,"excerpt":"\u00a0 El ministro de Justicia de la provincia de Buenos Aires, Ricardo Casal, y el presidente del bloque de concejales y precandidato a intendente del Frente Mercedino para la Victoria, Juan Ignacio Ustarroz, destacaron hoy \u201cla dignidad y la seguridad\u201d que representa tener una vivienda, al entregar esta ma\u00f1ana unas\u2026","rel":"","context":"En \u00abSociedad\u00bb","block_context":{"text":"Sociedad","link":"https:\/\/www.hoymercedes.com.ar\/principal\/category\/sociedad\/"},"img":{"alt_text":"","src":"https:\/\/i0.wp.com\/www.hoymercedes.com.ar\/principal\/wp-content\/uploads\/2015\/07\/ustarroz-casal-21.07.2015-II.jpg?resize=350%2C200&ssl=1","width":350,"height":200,"srcset":"https:\/\/i0.wp.com\/www.hoymercedes.com.ar\/principal\/wp-content\/uploads\/2015\/07\/ustarroz-casal-21.07.2015-II.jpg?resize=350%2C200&ssl=1 1x, https:\/\/i0.wp.com\/www.hoymercedes.com.ar\/principal\/wp-content\/uploads\/2015\/07\/ustarroz-casal-21.07.2015-II.jpg?resize=525%2C300&ssl=1 1.5x"},"classes":[]},{"id":40633,"url":"https:\/\/www.hoymercedes.com.ar\/principal\/2015\/04\/07\/arribaran-4-patrulleros-tras-gestion-de-ustarroz-espana-y-de-pedro\/","url_meta":{"origin":39485,"position":2},"title":"Arribar\u00e1n 4 patrulleros tras gesti\u00f3n de Ustarroz, Espa\u00f1a y De Pedro","author":"hoymercedes","date":"7 abril, 2015","format":false,"excerpt":"El presidente del bloque de concejales del Frente Mercedino para la Victoria, Juan Ignacio Ustarroz; el Secretario General de la Presidencia, Eduardo \u2018Wado\u2019 de Pedro; y el diputado provincial Alberto Espa\u00f1a lograron, a trav\u00e9s de una gesti\u00f3n conjunta, la llegada de cuatro nuevos patrulleros para la comisar\u00eda local de la\u2026","rel":"","context":"En \u00abPol\u00edtica\u00bb","block_context":{"text":"Pol\u00edtica","link":"https:\/\/www.hoymercedes.com.ar\/principal\/category\/politica\/"},"img":{"alt_text":"espa\u00f1a-ustarroz-depedro-scioli","src":"https:\/\/i0.wp.com\/www.hoymercedes.com.ar\/principal\/wp-content\/uploads\/2015\/04\/espa%C3%B1a-ustarroz-depedro-scioli.jpg?resize=350%2C200","width":350,"height":200,"srcset":"https:\/\/i0.wp.com\/www.hoymercedes.com.ar\/principal\/wp-content\/uploads\/2015\/04\/espa%C3%B1a-ustarroz-depedro-scioli.jpg?resize=350%2C200 1x, https:\/\/i0.wp.com\/www.hoymercedes.com.ar\/principal\/wp-content\/uploads\/2015\/04\/espa%C3%B1a-ustarroz-depedro-scioli.jpg?resize=525%2C300 1.5x"},"classes":[]},{"id":43218,"url":"https:\/\/www.hoymercedes.com.ar\/principal\/2015\/07\/20\/ministro-casal-entregara-escrituras-a-53-mercedinos\/","url_meta":{"origin":39485,"position":3},"title":"Ministro Casal entregar\u00e1 escrituras a 53 mercedinos","author":"hoymercedes","date":"20 julio, 2015","format":false,"excerpt":"El Ministro de Justicia de la Provincia de Buenos Aires, Ricardo Casal, estar\u00e1 \u00e9ste martes en Mercedes desde las 09.30hs en el espacio de la C\u00e1mara Econ\u00f3mica Mercedina haciendo entrega de escrituras a varias familias mercedinas sobre terrenos que ya ocupan.\u00a0 No es la primera vez que el Ministro efect\u00faa\u2026","rel":"","context":"En \u00abSociedad\u00bb","block_context":{"text":"Sociedad","link":"https:\/\/www.hoymercedes.com.ar\/principal\/category\/sociedad\/"},"img":{"alt_text":"","src":"https:\/\/i0.wp.com\/www.hoymercedes.com.ar\/principal\/wp-content\/uploads\/2015\/07\/casal.jpg?resize=350%2C200&ssl=1","width":350,"height":200,"srcset":"https:\/\/i0.wp.com\/www.hoymercedes.com.ar\/principal\/wp-content\/uploads\/2015\/07\/casal.jpg?resize=350%2C200&ssl=1 1x, https:\/\/i0.wp.com\/www.hoymercedes.com.ar\/principal\/wp-content\/uploads\/2015\/07\/casal.jpg?resize=525%2C300&ssl=1 1.5x"},"classes":[]},{"id":39835,"url":"https:\/\/www.hoymercedes.com.ar\/principal\/2015\/03\/01\/carcel-federal-de-agote-reunion-de-partes-y-empresa-constructora\/","url_meta":{"origin":39485,"position":4},"title":"C\u00e1rcel Federal de Agote: reuni\u00f3n de partes y empresa constructora","author":"hoymercedes","date":"1 marzo, 2015","format":false,"excerpt":"La recientemente anunciada C\u00e1rcel Federal de Agote en la visita del Ministro Alak a Mercedes ha dado un nuevo paso hacia su construcci\u00f3n. Se concret\u00f3 en Capital Federal la primera reuni\u00f3n entre las partes intervinientes y la empresa que gan\u00f3 la licitaci\u00f3n de la obra que demorar\u00e1 760 d\u00edas para\u2026","rel":"","context":"En \u00abPol\u00edtica\u00bb","block_context":{"text":"Pol\u00edtica","link":"https:\/\/www.hoymercedes.com.ar\/principal\/category\/politica\/"},"img":{"alt_text":"Scioli-Mercedes062","src":"https:\/\/i0.wp.com\/www.hoymercedes.com.ar\/principal\/wp-content\/uploads\/2015\/03\/Scioli-Mercedes062.jpg?resize=350%2C200","width":350,"height":200,"srcset":"https:\/\/i0.wp.com\/www.hoymercedes.com.ar\/principal\/wp-content\/uploads\/2015\/03\/Scioli-Mercedes062.jpg?resize=350%2C200 1x, https:\/\/i0.wp.com\/www.hoymercedes.com.ar\/principal\/wp-content\/uploads\/2015\/03\/Scioli-Mercedes062.jpg?resize=525%2C300 1.5x"},"classes":[]},{"id":41645,"url":"https:\/\/www.hoymercedes.com.ar\/principal\/2015\/05\/14\/nuevos-jueces-y-un-agente-fiscal-para-mercedes-designados-por-la-provincia\/","url_meta":{"origin":39485,"position":5},"title":"Nuevos jueces y un agente fiscal para Mercedes designados por la Provincia","author":"hoymercedes","date":"14 mayo, 2015","format":false,"excerpt":"\u00a0 El gobernador Daniel Scioli puso en funciones nuevos representantes judiciales para la ciudad y el Departamento Judicial Mercedes. En el acto en el cual participaron los mercedinos tambi\u00e9n estuvo presente Ricardo Casal, Ministro de Justicia. Para nuestro Departamento fueron dos jueces y nuevo agente fiscal. La Dra. Mar\u00eda Rosana\u2026","rel":"","context":"En \u00abSociedad\u00bb","block_context":{"text":"Sociedad","link":"https:\/\/www.hoymercedes.com.ar\/principal\/category\/sociedad\/"},"img":{"alt_text":"","src":"","width":0,"height":0},"classes":[]}],"_links":{"self":[{"href":"https:\/\/www.hoymercedes.com.ar\/principal\/wp-json\/wp\/v2\/posts\/39485","targetHints":{"allow":["GET"]}}],"collection":[{"href":"https:\/\/www.hoymercedes.com.ar\/principal\/wp-json\/wp\/v2\/posts"}],"about":[{"href":"https:\/\/www.hoymercedes.com.ar\/principal\/wp-json\/wp\/v2\/types\/post"}],"author":[{"embeddable":true,"href":"https:\/\/www.hoymercedes.com.ar\/principal\/wp-json\/wp\/v2\/users\/1"}],"replies":[{"embeddable":true,"href":"https:\/\/www.hoymercedes.com.ar\/principal\/wp-json\/wp\/v2\/comments?post=39485"}],"version-history":[{"count":0,"href":"https:\/\/www.hoymercedes.com.ar\/principal\/wp-json\/wp\/v2\/posts\/39485\/revisions"}],"wp:attachment":[{"href":"https:\/\/www.hoymercedes.com.ar\/principal\/wp-json\/wp\/v2\/media?parent=39485"}],"wp:term":[{"taxonomy":"category","embeddable":true,"href":"https:\/\/www.hoymercedes.com.ar\/principal\/wp-json\/wp\/v2\/categories?post=39485"},{"taxonomy":"post_tag","embeddable":true,"href":"https:\/\/www.hoymercedes.com.ar\/principal\/wp-json\/wp\/v2\/tags?post=39485"}],"curies":[{"name":"wp","href":"https:\/\/api.w.org\/{rel}","templated":true}]}}