{"id":395,"date":"2010-11-17T17:43:06","date_gmt":"2010-11-17T17:43:06","guid":{"rendered":"http:\/\/www.hoymercedes.com.ar\/principal\/?p=395"},"modified":"2010-11-17T17:43:06","modified_gmt":"2010-11-17T17:43:06","slug":"lujan-detenido-con-portacion-de-armas-interviene-ufi-n%c2%ba15-de-mercedes","status":"publish","type":"post","link":"https:\/\/www.hoymercedes.com.ar\/principal\/2010\/11\/17\/lujan-detenido-con-portacion-de-armas-interviene-ufi-n%c2%ba15-de-mercedes\/","title":{"rendered":"Luj\u00e1n: detenido con portaci\u00f3n de armas. Interviene UFI N\u00ba15 de Mercedes"},"content":{"rendered":"<p style=\"text-align: justify;\">En la madrugada de este martes cuando promediaba las 05:30 horas numerarios de la Comisar\u00eda de Lujan 1ra acudieron a un\u00a0 llamado recibido a trav\u00e9s de la Central de emergencias 9.1.1 manifestando que en calle 9 de Julio y Liniers, algunos vecinos del lugar hab\u00edan escuchado ruidos en los techos de sus viviendas.<\/p>\n<p style=\"text-align: justify;\">Al llegar el personal policial al lugar inmediatamente observan a un sujeto masculino que corre por la calle 9 de Julio en direcci\u00f3n a calle Pascual Simone, calle en medio de una zona descampada logran reducir al mismo, incaut\u00e1ndosele en su poder una escopeta de dos ca\u00f1os, calibre 16, y un cuchillo con hoja filosa y una tijera de metal.<\/p>\n<p style=\"text-align: justify;\">Tras reducirlo los Polic\u00edas lo identifican siendo este individuo de 25 a\u00f1os de oriundo de Lujan. Poco antes de este suceso habr\u00eda sido denunciado por su progenitor quien dijo que su hijo sufrir\u00eda trastornos psiqui\u00e1tricos, y bipolaridad, quien al no realizar correcto tratamiento ambulatorio, se torna violento con sus familiares, resultando peligroso para el y terceros ya que suele andan armado.<\/p>\n<p style=\"text-align: justify;\">Interviene la UFI N\u00b0 15 del Depto. Judicial Mercedes en causa que se caratulo: \u201cTenencia portaci\u00f3n ilegal de arma de guerra\u201d.<\/p>\n","protected":false},"excerpt":{"rendered":"<p>En la madrugada de este martes cuando promediaba las 05:30 horas numerarios de la Comisar\u00eda de Lujan 1ra acudieron a &#8230; <a title=\"Luj\u00e1n: detenido con portaci\u00f3n de armas. Interviene UFI N\u00ba15 de Mercedes\" class=\"read-more\" href=\"https:\/\/www.hoymercedes.com.ar\/principal\/2010\/11\/17\/lujan-detenido-con-portacion-de-armas-interviene-ufi-n%c2%ba15-de-mercedes\/\" aria-label=\"Leer m\u00e1s sobre Luj\u00e1n: detenido con portaci\u00f3n de armas. Interviene UFI N\u00ba15 de Mercedes\">Leer m\u00e1s<\/a><\/p>\n","protected":false},"author":1,"featured_media":0,"comment_status":"open","ping_status":"open","sticky":false,"template":"","format":"standard","meta":{"_monsterinsights_skip_tracking":false,"_monsterinsights_sitenote_active":false,"_monsterinsights_sitenote_note":"","_monsterinsights_sitenote_category":0,"jetpack_post_was_ever_published":false,"_jetpack_newsletter_access":"","_jetpack_dont_email_post_to_subs":false,"_jetpack_newsletter_tier_id":0,"_jetpack_memberships_contains_paywalled_content":false,"_jetpack_memberships_contains_paid_content":false,"footnotes":"","jetpack_publicize_message":"","jetpack_publicize_feature_enabled":true,"jetpack_social_post_already_shared":false,"jetpack_social_options":{"image_generator_settings":{"template":"highway","default_image_id":0,"font":"","enabled":false},"version":2},"_wpas_customize_per_network":false},"categories":[85],"tags":[86,96],"class_list":["post-395","post","type-post","status-publish","format-standard","hentry","category-policial","tag-lujan","tag-policial-2","generate-columns","tablet-grid-50","mobile-grid-100","grid-parent","grid-50"],"jetpack_publicize_connections":[],"jetpack_featured_media_url":"","wps_subtitle":"","jetpack_sharing_enabled":true,"_links":{"self":[{"href":"https:\/\/www.hoymercedes.com.ar\/principal\/wp-json\/wp\/v2\/posts\/395","targetHints":{"allow":["GET"]}}],"collection":[{"href":"https:\/\/www.hoymercedes.com.ar\/principal\/wp-json\/wp\/v2\/posts"}],"about":[{"href":"https:\/\/www.hoymercedes.com.ar\/principal\/wp-json\/wp\/v2\/types\/post"}],"author":[{"embeddable":true,"href":"https:\/\/www.hoymercedes.com.ar\/principal\/wp-json\/wp\/v2\/users\/1"}],"replies":[{"embeddable":true,"href":"https:\/\/www.hoymercedes.com.ar\/principal\/wp-json\/wp\/v2\/comments?post=395"}],"version-history":[{"count":0,"href":"https:\/\/www.hoymercedes.com.ar\/principal\/wp-json\/wp\/v2\/posts\/395\/revisions"}],"wp:attachment":[{"href":"https:\/\/www.hoymercedes.com.ar\/principal\/wp-json\/wp\/v2\/media?parent=395"}],"wp:term":[{"taxonomy":"category","embeddable":true,"href":"https:\/\/www.hoymercedes.com.ar\/principal\/wp-json\/wp\/v2\/categories?post=395"},{"taxonomy":"post_tag","embeddable":true,"href":"https:\/\/www.hoymercedes.com.ar\/principal\/wp-json\/wp\/v2\/tags?post=395"}],"curies":[{"name":"wp","href":"https:\/\/api.w.org\/{rel}","templated":true}]}}