{"id":3951,"date":"2011-05-03T14:40:06","date_gmt":"2011-05-03T14:40:06","guid":{"rendered":"http:\/\/www.hoymercedes.com.ar\/principal\/?p=3951"},"modified":"2011-05-03T14:40:06","modified_gmt":"2011-05-03T14:40:06","slug":"ministro-dominguez-este-viernes-junto-al-fmpv","status":"publish","type":"post","link":"https:\/\/www.hoymercedes.com.ar\/principal\/2011\/05\/03\/ministro-dominguez-este-viernes-junto-al-fmpv\/","title":{"rendered":"Ministro Dominguez este viernes junto al FMpV"},"content":{"rendered":"<figure id=\"attachment_3953\" aria-describedby=\"caption-attachment-3953\" style=\"width: 248px\" class=\"wp-caption alignleft\"><a href=\"https:\/\/www.hoymercedes.com.ar\/principal\/wp-content\/uploads\/2011\/05\/JulianDominguez.jpg\"><img loading=\"lazy\" decoding=\"async\" data-attachment-id=\"3953\" data-permalink=\"https:\/\/www.hoymercedes.com.ar\/principal\/2011\/05\/03\/ministro-dominguez-este-viernes-junto-al-fmpv\/juliandominguez\/#main\" data-orig-file=\"https:\/\/www.hoymercedes.com.ar\/principal\/wp-content\/uploads\/2011\/05\/JulianDominguez.jpg\" data-orig-size=\"344,400\" data-comments-opened=\"1\" data-image-meta=\"{&quot;aperture&quot;:&quot;0&quot;,&quot;credit&quot;:&quot;&quot;,&quot;camera&quot;:&quot;&quot;,&quot;caption&quot;:&quot;&quot;,&quot;created_timestamp&quot;:&quot;0&quot;,&quot;copyright&quot;:&quot;&quot;,&quot;focal_length&quot;:&quot;0&quot;,&quot;iso&quot;:&quot;0&quot;,&quot;shutter_speed&quot;:&quot;0&quot;,&quot;title&quot;:&quot;&quot;}\" data-image-title=\"Julian Dominguez\" data-image-description=\"&lt;p&gt;Julian Dominguez&lt;\/p&gt;\n\" data-image-caption=\"&lt;p&gt;Julian Dominguez&lt;\/p&gt;\n\" data-large-file=\"https:\/\/www.hoymercedes.com.ar\/principal\/wp-content\/uploads\/2011\/05\/JulianDominguez.jpg\" class=\"size-medium wp-image-3953\" title=\"Julian Dominguez\" src=\"https:\/\/www.hoymercedes.com.ar\/principal\/wp-content\/uploads\/2011\/05\/JulianDominguez-258x300.jpg\" alt=\"Julian Dominguez\" width=\"258\" height=\"300\" srcset=\"https:\/\/www.hoymercedes.com.ar\/principal\/wp-content\/uploads\/2011\/05\/JulianDominguez-258x300.jpg 258w, https:\/\/www.hoymercedes.com.ar\/principal\/wp-content\/uploads\/2011\/05\/JulianDominguez.jpg 344w\" sizes=\"auto, (max-width: 258px) 100vw, 258px\" \/><\/a><figcaption id=\"caption-attachment-3953\" class=\"wp-caption-text\">Julian Dominguez<\/figcaption><\/figure>\n<p>Este viernes 6 de mayo a las 20 hs. en el local del Frente Mercedino para la Victoria se llevar\u00e1 a cabo una disertaci\u00f3n sobre agricultura. Esta ser\u00e1 ofrecida por el ministro de Agricultura, Ganader\u00eda, Pesca y Alimentaci\u00f3n de la Naci\u00f3n Juli\u00e1n Dom\u00ednguez. El Ministro ha expresado sus deseos de ser candidato a  vicegobernador de la provincia y su nombre suena fuerte para tal cargo que secundara a Daniel Scioli.<\/p>\n<p>Juli\u00e1n Dom\u00ednguez, ministro de Agricultura de la Naci\u00f3n, d\u00edas atr\u00e1s tuvo una reuni\u00f3n importante con referentes del Frente Mercedino liderado por Juan Ustarroz. En este encuentro se encontraban ingenieros agr\u00f3nomos, productores, veterinarios y el presidente de la Federaci\u00f3n Argentina de la Industria Molinera, el mercedino Alberto Espa\u00f1a y se lo pudo ver junto a otros referentes en el acto que se llev\u00f3 adelante en el Luna Park de la Corriente Agraria Nacional y Popular (CANPo)<\/p>\n<p>El motivo del encuentro con el Ministro fue  ultimar detalles sobre la puesta en funcionamiento de un \u201cPlan Estrat\u00e9gico Agropecuario\u201d surgido luego de  realizar un diagnostico y an\u00e1lisis de la  realidad  rural del partido de Mercedes.<\/p>\n<p>Este plan se suma a una serie de reuniones llevadas a cabo entre referentes de este espacio pol\u00edtico y el Gobierno Nacional. Recordemos que el Senador Calcagno hablo entre otras cosas sobre el polo universitario en Mercedes, luego fue el turno de la ministro de Industria D\u00e9bora Giorgi que remarc\u00f3 la necesidad de tener un parque Industrial m\u00e1s amplio y ahora es el turno del sector agr\u00edcola ganadero que es liderado por Juli\u00e1n Dom\u00ednguez.<\/p>\n<p>Los objetivos generales de dicho Plan son el de impulsar y fortalecer las actividades asociadas a la sustentabilidad y al mejoramiento de las condiciones sociales de la producci\u00f3n agropecuaria y agroindustrial y promover acciones de apoyo a las actividades agropecuarias en cuestiones vinculadas con la organizaci\u00f3n y gesti\u00f3n de empresas, microemprendimientos y asociativismo productivo y comercial.<\/p>\n<p>De esta manera qued\u00f3 todo cerrado para que el Ministro se acercara a la ciudad para tener un contacto directo con los ciudadanos y poder contestar las inquietudes que ellos tengan.<\/p>\n<p><span style=\"color: #888888;\">Fuente: FMpV<\/span><\/p>\n<p>&nbsp;<\/p>\n","protected":false},"excerpt":{"rendered":"<p>Este viernes 6 de mayo a las 20 hs. en el local del Frente Mercedino para la Victoria se llevar\u00e1 &#8230; <a title=\"Ministro Dominguez este viernes junto al FMpV\" class=\"read-more\" href=\"https:\/\/www.hoymercedes.com.ar\/principal\/2011\/05\/03\/ministro-dominguez-este-viernes-junto-al-fmpv\/\" aria-label=\"Leer m\u00e1s sobre Ministro Dominguez este viernes junto al FMpV\">Leer m\u00e1s<\/a><\/p>\n","protected":false},"author":1,"featured_media":0,"comment_status":"open","ping_status":"open","sticky":false,"template":"","format":"standard","meta":{"_monsterinsights_skip_tracking":false,"_monsterinsights_sitenote_active":false,"_monsterinsights_sitenote_note":"","_monsterinsights_sitenote_category":0,"jetpack_post_was_ever_published":false,"_jetpack_newsletter_access":"","_jetpack_dont_email_post_to_subs":false,"_jetpack_newsletter_tier_id":0,"_jetpack_memberships_contains_paywalled_content":false,"_jetpack_memberships_contains_paid_content":false,"footnotes":"","jetpack_publicize_message":"","jetpack_publicize_feature_enabled":true,"jetpack_social_post_already_shared":false,"jetpack_social_options":{"image_generator_settings":{"template":"highway","default_image_id":0,"font":"","enabled":false},"version":2},"_wpas_customize_per_network":false},"categories":[5],"tags":[379,764,424],"class_list":["post-3951","post","type-post","status-publish","format-standard","hentry","category-politica","tag-frente-mercedino-para-la-victoria","tag-julian-dominguez","tag-ustarroz","generate-columns","tablet-grid-50","mobile-grid-100","grid-parent","grid-50"],"jetpack_publicize_connections":[],"jetpack_featured_media_url":"","wps_subtitle":"","jetpack_sharing_enabled":true,"_links":{"self":[{"href":"https:\/\/www.hoymercedes.com.ar\/principal\/wp-json\/wp\/v2\/posts\/3951","targetHints":{"allow":["GET"]}}],"collection":[{"href":"https:\/\/www.hoymercedes.com.ar\/principal\/wp-json\/wp\/v2\/posts"}],"about":[{"href":"https:\/\/www.hoymercedes.com.ar\/principal\/wp-json\/wp\/v2\/types\/post"}],"author":[{"embeddable":true,"href":"https:\/\/www.hoymercedes.com.ar\/principal\/wp-json\/wp\/v2\/users\/1"}],"replies":[{"embeddable":true,"href":"https:\/\/www.hoymercedes.com.ar\/principal\/wp-json\/wp\/v2\/comments?post=3951"}],"version-history":[{"count":0,"href":"https:\/\/www.hoymercedes.com.ar\/principal\/wp-json\/wp\/v2\/posts\/3951\/revisions"}],"wp:attachment":[{"href":"https:\/\/www.hoymercedes.com.ar\/principal\/wp-json\/wp\/v2\/media?parent=3951"}],"wp:term":[{"taxonomy":"category","embeddable":true,"href":"https:\/\/www.hoymercedes.com.ar\/principal\/wp-json\/wp\/v2\/categories?post=3951"},{"taxonomy":"post_tag","embeddable":true,"href":"https:\/\/www.hoymercedes.com.ar\/principal\/wp-json\/wp\/v2\/tags?post=3951"}],"curies":[{"name":"wp","href":"https:\/\/api.w.org\/{rel}","templated":true}]}}