{"id":39542,"date":"2015-02-11T22:13:50","date_gmt":"2015-02-12T01:13:50","guid":{"rendered":"http:\/\/www.hoymercedes.com.ar\/principal\/?p=39542"},"modified":"2015-02-11T22:29:59","modified_gmt":"2015-02-12T01:29:59","slug":"procrear-en-justicia-de-san-martin-y-salomone-afirma-no-permitiremos-ser-atropellados-debemos-trabajar-en-serio-para-que-ningun-vecino-se-vea-afectado-en-su-tranquilidad-y-bienestar","status":"publish","type":"post","link":"https:\/\/www.hoymercedes.com.ar\/principal\/2015\/02\/11\/procrear-en-justicia-de-san-martin-y-salomone-afirma-no-permitiremos-ser-atropellados-debemos-trabajar-en-serio-para-que-ningun-vecino-se-vea-afectado-en-su-tranquilidad-y-bienestar\/","title":{"rendered":"ProCreAr en justicia de San Mart\u00edn y Salomone afirma: \u201cno permitiremos ser atropellados\u00bb"},"content":{"rendered":"<p><a href=\"https:\/\/www.hoymercedes.com.ar\/principal\/wp-content\/uploads\/2015\/02\/Salomone-Gustavo.jpg\"><img loading=\"lazy\" decoding=\"async\" data-attachment-id=\"39543\" data-permalink=\"https:\/\/www.hoymercedes.com.ar\/principal\/2015\/02\/11\/procrear-en-justicia-de-san-martin-y-salomone-afirma-no-permitiremos-ser-atropellados-debemos-trabajar-en-serio-para-que-ningun-vecino-se-vea-afectado-en-su-tranquilidad-y-bienestar\/sanyo-digital-camera-29\/#main\" data-orig-file=\"https:\/\/www.hoymercedes.com.ar\/principal\/wp-content\/uploads\/2015\/02\/Salomone-Gustavo.jpg\" data-orig-size=\"620,216\" data-comments-opened=\"1\" data-image-meta=\"{&quot;aperture&quot;:&quot;2.8&quot;,&quot;credit&quot;:&quot;&quot;,&quot;camera&quot;:&quot;S770&quot;,&quot;caption&quot;:&quot;&quot;,&quot;created_timestamp&quot;:&quot;1202949894&quot;,&quot;copyright&quot;:&quot;&quot;,&quot;focal_length&quot;:&quot;5.8&quot;,&quot;iso&quot;:&quot;200&quot;,&quot;shutter_speed&quot;:&quot;0.025&quot;,&quot;title&quot;:&quot;SANYO DIGITAL CAMERA&quot;,&quot;orientation&quot;:&quot;0&quot;}\" data-image-title=\"SANYO DIGITAL CAMERA\" data-image-description=\"\" data-image-caption=\"\" data-large-file=\"https:\/\/www.hoymercedes.com.ar\/principal\/wp-content\/uploads\/2015\/02\/Salomone-Gustavo.jpg\" class=\"Img2014 aligncenter wp-image-39543 size-full\" title=\"Gustavo Salomone, pol\u00e9mica procrear\" src=\"https:\/\/www.hoymercedes.com.ar\/principal\/wp-content\/uploads\/2015\/02\/Salomone-Gustavo.jpg\" alt=\"SANYO DIGITAL CAMERA\" width=\"620\" height=\"216\" \/><\/a><\/p>\n<p><strong><em>La comuna volvi\u00f3 a poner el tema en debate y lo hace a partir de uno de los funcionarios que est\u00e1 en el asunto: el ingeniero Gustavo Salomone. Explica la situaci\u00f3n t\u00e9cnica aludida por el Municipio y da expresiones pol\u00edtica poco habituales en \u00e9l, como cuando afirma: <\/em>\u201cno permitiremos ser atropellados, debemos trabajar en serio para que ning\u00fan vecino se vea afectado en su tranquilidad y bienestar\u201d. Ahora, la cuesti\u00f3n lleg\u00f3 a la Justicia de San Mart\u00edn.<\/strong><\/p>\n<p><em>\u201cLa Secretaria de Obras P\u00fablicas del municipio quiere poner en conocimiento de los vecinos que el cese de actividades del complejo habitacional (Pro.cre.ar) en el predio del estado nacional en 29 y 6 se debe netamente a cuestiones t\u00e9cnicas, en pos de cumplimientos de ordenanzas locales y leyes provinciales\u201d<\/em> afirmaron desde la cartera que conduce el Ingeniero Gustavo Salomone.<\/p>\n<p><em>\u201cEsto no es una disputa pol\u00edtica entre el gobierno local y La C\u00e1mpora, son cuestiones t\u00e9cnicas que se deben cumplir en defensa de las propias ordenanzas locales vigentes, en defensa de la ley provincial de ordenamiento territorial de uso del suelo en la provincia de Buenos Aires ( ley 8912\/77) y principalmente en defensa de los derechos que los vecinos del barrio 3 Avenidas tienen de vivir en armon\u00eda, en no ser afectados y perjudicados por este nuevo emprendimiento y en defensa de las arcas municipales que de no actuar acorde al derecho posiblemente sea pasible de demandas econ\u00f3micas por da\u00f1os y perjuicios de m\u00e1s de 2000 vecinos que, como es sabido, han presentado un amparo en la justicia, hoy en la C\u00e1mara de Apelaciones de San Martin muy pr\u00f3ximo a dictaminar.\u201d<\/em> Coment\u00f3 Gustavo Salomone ante la novedad de que el tratamiento del asunto es ahora en t\u00e9rminos de la justicia ordinaria, m\u00e1s all\u00e1 del Tribunal de Falta local que era el \u00e1mbito en que hasta ahora se discut\u00eda.<\/p>\n<p>El responsable de Obras P\u00fablicas y que tiempo atr\u00e1s comparti\u00f3 una conferencia de prensa con el primer mandatario continu\u00f3 dando detalles desde la \u00f3ptica comunal<em>: \u201cLas principales cuestiones que procrear debe cumplir para avanzar con las gestiones son: 1) el municipio apost\u00f3 a este plan de vivienda elevando la respectiva ordenanza de cambio de indicadores urban\u00edsticos en junio del 2013, se aprob\u00f3 en el Honorable Concejo Deliberante y se envi\u00f3 a la provincia para que se convalide el cambio de zonificaci\u00f3n, pues aun esto no ha sido efectivizado por la provincia por falta de documentaci\u00f3n q ya ha sido solicitada al programa procrear. 2) como dicta la ordenanza local de zonificaci\u00f3n, el patriciamente de un plan de urbanizaci\u00f3n debe presentar la E.I.A (estudio de impacto ambiental) avalado por una universidad nacional (a\u00fan no se ha cumplimentado la documentaci\u00f3n faltante observada y notificada por las \u00e1reas t\u00e9cnicas del municipio a mediados de enero de este a\u00f1o). 3) las cesiones de espacios verdes p\u00fablicos, calles p\u00fablicas y afectaciones para ensanche de calle 6 (exigido por la ordenanza local de zonificaci\u00f3n local y por la ley 8912\/77), lo cual a la fecha no hay en el municipio ning\u00fan ingreso de plano de mensura y cesi\u00f3n. (Situaci\u00f3n tambi\u00e9n exigida por la provincia de Buenos Aires necesaria para convalidar la ordenanza de cambio de zona). 4) otra situaci\u00f3n tambi\u00e9n exigida por la provincia necesaria para convalidar la ordenanza de cambio de zona son las obras de infraestructura externas para que se pueda implantar un nuevo complejo habitacional, sea agua corriente, cloacas, desag\u00fces pluviales, gas, electrificaci\u00f3n, espacios urbanos de circulaci\u00f3n y esparcimiento, pavimentaciones, etc. A la fecha no ha ingresado al municipio estos proyectos para ser sometidos a las aprobaciones municipales, sabiendo que ya han sido licitadas las obras por parte del estado nacional. 5) los planos de obra han sido presentados, pero al no estar convalidada la ordenanza, los par\u00e1metros (fos, fot, densidad, y la propia nomenclatura planteados en los mismos no est\u00e1n firmes), adem\u00e1s falta toda la documentaci\u00f3n correspondiente a c\u00e1lculos de las estructuras de hormig\u00f3n de los edificios, falta presentaci\u00f3n de planos de redes (agua fr\u00eda y caliente, gas, pluviales, cloacales, incendio, electricidad, etc).\u00a0 Con toda esta descripci\u00f3n efectuada, el municipio no est\u00e1 en condiciones de avanzar en las tramitaciones, y queremos dejar claro que el ente patriciamente (Pro.cre.ar) debe respetar y hacer cumplir las ordenanzas locales vigentes y las leyes provinciales, cosa que pareciera pretender atropellar y poner a la ciudad en conflicto. Vuelvo a repetir, son cuestiones netamente t\u00e9cnicas las que impiden avanzar.\u201d <\/em>Resumi\u00f3 el Secretario de Obras P\u00fablicas ratificando la posici\u00f3n de la Municipalidad que d\u00edas atr\u00e1s hab\u00edan expuesto.<\/p>\n<p>Para continuar con la narraci\u00f3n de la posici\u00f3n oficial de la Comuna y con la idea de que la poblaci\u00f3n la sepa el Secretario, Ingeniero Gustavo Salomone redonde\u00f3: <em>\u201c La Municipalidad de Mercedes har\u00e1 cumplir las normas locales y provinciales en la materia que nos ocupa, y no permitiremos ser atropellados, debemos trabajar en serio para que ning\u00fan vecino se vea afectado en su tranquilidad y bienestar, y el ente patriciamente deber\u00e1 cumplimentar con toda la documentaci\u00f3n faltante para obtener la D.I.A (declaraci\u00f3n de impacto ambiental) demostrando que el proyecto que se pretende desarrollar es viable ser emplazado en este sector de la ciudad, sin alterar el normal funcionamiento del sector urbano aleda\u00f1o y del sector ferroviario.\u201d<\/em> Afirm\u00f3.<\/p>\n","protected":false},"excerpt":{"rendered":"<p>La comuna volvi\u00f3 a poner el tema en debate y lo hace a partir de uno de los funcionarios que &#8230; <a title=\"ProCreAr en justicia de San Mart\u00edn y Salomone afirma: \u201cno permitiremos ser atropellados\u00bb\" class=\"read-more\" href=\"https:\/\/www.hoymercedes.com.ar\/principal\/2015\/02\/11\/procrear-en-justicia-de-san-martin-y-salomone-afirma-no-permitiremos-ser-atropellados-debemos-trabajar-en-serio-para-que-ningun-vecino-se-vea-afectado-en-su-tranquilidad-y-bienestar\/\" aria-label=\"Leer m\u00e1s sobre ProCreAr en justicia de San Mart\u00edn y Salomone afirma: \u201cno permitiremos ser atropellados\u00bb\">Leer m\u00e1s<\/a><\/p>\n","protected":false},"author":1,"featured_media":0,"comment_status":"open","ping_status":"open","sticky":false,"template":"","format":"standard","meta":{"_monsterinsights_skip_tracking":false,"_monsterinsights_sitenote_active":false,"_monsterinsights_sitenote_note":"","_monsterinsights_sitenote_category":0,"jetpack_post_was_ever_published":false,"_jetpack_newsletter_access":"","_jetpack_dont_email_post_to_subs":false,"_jetpack_newsletter_tier_id":0,"_jetpack_memberships_contains_paywalled_content":false,"_jetpack_memberships_contains_paid_content":false,"footnotes":"","jetpack_publicize_message":"","jetpack_publicize_feature_enabled":true,"jetpack_social_post_already_shared":true,"jetpack_social_options":{"image_generator_settings":{"template":"highway","default_image_id":0,"font":"","enabled":false},"version":2},"_wpas_customize_per_network":false},"categories":[5],"tags":[6757,229],"class_list":["post-39542","post","type-post","status-publish","format-standard","hentry","category-politica","tag-clausura-procrear","tag-gustavo-salomone","generate-columns","tablet-grid-50","mobile-grid-100","grid-parent","grid-50"],"jetpack_publicize_connections":[],"jetpack_featured_media_url":"","wps_subtitle":"El debate encendido ","jetpack_sharing_enabled":true,"_links":{"self":[{"href":"https:\/\/www.hoymercedes.com.ar\/principal\/wp-json\/wp\/v2\/posts\/39542","targetHints":{"allow":["GET"]}}],"collection":[{"href":"https:\/\/www.hoymercedes.com.ar\/principal\/wp-json\/wp\/v2\/posts"}],"about":[{"href":"https:\/\/www.hoymercedes.com.ar\/principal\/wp-json\/wp\/v2\/types\/post"}],"author":[{"embeddable":true,"href":"https:\/\/www.hoymercedes.com.ar\/principal\/wp-json\/wp\/v2\/users\/1"}],"replies":[{"embeddable":true,"href":"https:\/\/www.hoymercedes.com.ar\/principal\/wp-json\/wp\/v2\/comments?post=39542"}],"version-history":[{"count":0,"href":"https:\/\/www.hoymercedes.com.ar\/principal\/wp-json\/wp\/v2\/posts\/39542\/revisions"}],"wp:attachment":[{"href":"https:\/\/www.hoymercedes.com.ar\/principal\/wp-json\/wp\/v2\/media?parent=39542"}],"wp:term":[{"taxonomy":"category","embeddable":true,"href":"https:\/\/www.hoymercedes.com.ar\/principal\/wp-json\/wp\/v2\/categories?post=39542"},{"taxonomy":"post_tag","embeddable":true,"href":"https:\/\/www.hoymercedes.com.ar\/principal\/wp-json\/wp\/v2\/tags?post=39542"}],"curies":[{"name":"wp","href":"https:\/\/api.w.org\/{rel}","templated":true}]}}